{"id":24032,"date":"2010-06-30T23:07:31","date_gmt":"2010-06-30T23:07:31","guid":{"rendered":"http:\/\/www.korhanyilmaz.com\/?p=24032"},"modified":"2010-06-30T23:07:31","modified_gmt":"2010-06-30T23:07:31","slug":"imraliya-giden-bu-isimleri-erdoagn-hatirliyor-mu","status":"publish","type":"post","link":"http:\/\/www.korhanyilmaz.com\/?p=24032","title":{"rendered":"\u0130mral\u0131&#8217;ya Giden Bu \u0130simleri Erdo\u011fan Hat\u0131rl\u0131yor mu?"},"content":{"rendered":"<p style=\"text-align: center;\"><a href=\"http:\/\/www.korhanyilmaz.com\/wp-content\/uploads\/2010\/07\/2011.jpg\"  class=\"lightview\"><img loading=\"lazy\" decoding=\"async\" class=\"aligncenter size-full wp-image-24034\" src=\"http:\/\/www.korhanyilmaz.com\/wp-content\/uploads\/2010\/07\/2011.jpg\" alt=\"\" width=\"372\" height=\"176\" \/><\/a><\/p>\n<p style=\"text-align: justify;\">Aylard\u0131r resmi-gayr\u0131 resmi, PKK ter\u00f6r\u00fcn\u00fc Ergenekon\u2019a, yani Silivri\u2019ye ba\u011flamak i\u00e7in organize gayret vard\u0131. Ba\u015fbakan Erdo\u011fan\u2019\u0131n, \u201c<strong>PKK ta\u015feron \u00f6rg\u00fctt\u00fcr<\/strong>\u201d demesiyle, bu \u00e7abalar daha bir gaza geldi.<\/p>\n<p style=\"text-align: justify;\">Erdo\u011fan nihayet d\u00fcnk\u00fc grup toplant\u0131s\u0131nda, PKK\u2019n\u0131n kimin ta\u015feronu oldu\u011funu a\u00e7\u0131k-se\u00e7ik bir bi\u00e7imde anlatt\u0131 ve Silivri\u2019yi resmen ilk kez \u015f\u00f6yle adres g\u00f6sterdi: <!--more--><\/p>\n<p style=\"text-align: justify;\">\u201c<strong>\u00d6rg\u00fct\u00fcn deste\u011finin sadece uluslararas\u0131 boyutla s\u0131n\u0131rl\u0131 kalmad\u0131\u011f\u0131n\u0131, bilerek ya da bilmeyerek, dolayl\u0131 ya da do\u011frudan i\u00e7eriden de destek ald\u0131\u011f\u0131n\u0131, hatta i\u00e7erideki kimi \u00f6rg\u00fctlerle, kimi \u00e7etelerle i\u015f birli\u011fi i\u00e7inde oldu\u011funu da baz\u0131 iddianameler a\u00e7\u0131k\u00e7a ortaya koyuyorlar. Ergenekon iddianamesinde buyurun i\u015fte bunlar\u0131 g\u00f6r\u00fcyoruz\u2026<\/strong>\u201d<\/p>\n<p style=\"text-align: justify;\">Ba\u015fbakan, b\u00f6yle s\u00f6yledi\u011fine,<\/p>\n<p style=\"text-align: justify;\">Radikal Gazetesi\u2019nden \u0130smet Berkan, M\u0130T eski M\u00fcste\u015far\u0131 \u015eenkal Atasagun\u2019un, kendisine \u201c<strong>ajanl\u0131k<\/strong>\u201d teklifinde bulundu\u011funu itiraf etti\u011fine,<\/p>\n<p style=\"text-align: justify;\">Ve<\/p>\n<p style=\"text-align: justify;\">Ergenekon Yazar\u0131 \u015eamil Tayyar, \u201c<strong>Ergenekon beylerinin cirit att\u0131\u011f\u0131 \u0130mral\u0131\u2019n\u0131n denetim alt\u0131na al\u0131nmas\u0131n\u0131<\/strong>\u201d istedi\u011fine g\u00f6re,<\/p>\n<p style=\"text-align: justify;\">Pandora\u2019n\u0131n kutusunu a\u00e7\u0131p, bol sorulu ve bol yorumlu, derli toplu bir bilan\u00e7o \u00e7\u0131karmaya \u00e7al\u0131\u015fal\u0131m\u2026<\/p>\n<p style=\"text-align: justify;\">\u00d6calan\u2019\u0131n Kenya\u2019da CIA-M\u0130T operasyonu ile teslim edilmesini\u2026 \u00d6calan\u2019\u0131n idam karar\u0131n\u0131n bekletilmesi i\u00e7in Bah\u00e7eli\u2019nin ikna edilmesinde M\u0130T raporunun etkisini ge\u00e7iyoruz\u2026<\/p>\n<p style=\"text-align: justify;\">M\u0130T\u2019ten \u201cajanl\u0131k\u201d teklifi alan \u0130smet Berkan\u2019\u0131n, 2005\u2019te kitap\u00e7\u0131 bombalamas\u0131yla ba\u015flay\u0131p, d\u00f6nemin Genelkurmay Ba\u015fkan\u0131 Ya\u015far B\u00fcy\u00fckan\u0131t\u2019\u0131n su\u00e7lanmas\u0131na varan \u015eemdinli olay\u0131n\u0131n ertesinde ya\u015fad\u0131\u011f\u0131, ama ancak 1 y\u0131l sonra M\u0130T\u2019in PKK\u2019ya af plan\u0131n\u0131n g\u00fcn y\u00fcz\u00fcne \u00e7\u0131kmas\u0131yla a\u00e7\u0131klad\u0131\u011f\u0131 bir g\u00f6r\u00fc\u015fmeyi hat\u0131rlat\u0131p, i\u015fe koyulal\u0131m.<\/p>\n<p style=\"text-align: justify;\">Berkan, \u201c<strong>devletin en \u00fcst g\u00fcvenlik birimlerinden birinin ba\u015f\u0131ndaki \u00fcst d\u00fczey g\u00f6revli\u201d ile \u201cdeep background-Kaynak belirtmeden, sadece bilgi olarak kullanmak\u201d \u00fczere sohbet etmektedir. \u00dcst d\u00fczey kaynak, aylard\u0131r \u201cPKK\u2019n\u0131n tasfiyesi\u201d i\u00e7in devlet kurumlar\u0131 aras\u0131nda uzla\u015fma sa\u011flamak amac\u0131yla nas\u0131l mekik dokudu\u011funu anlat\u0131r. Verdi\u011fi bilgiye g\u00f6re, \u201cB\u00fct\u00fcn kurumlar belli bir noktaya getirilmi\u015f, hatta konu MGK\u2019da ele al\u0131n\u0131p, karara ba\u011flanm\u0131\u015f ve bir \u00e7e\u015fit \u2018devlet politikas\u0131\u2019 haline gelmi\u015f<\/strong>\u201dtir.<\/p>\n<p style=\"text-align: justify;\">Berkan\u2019\u0131n kayna\u011f\u0131, \u201cBarzani federe devleti ger\u00e7e\u011finin kabul edilmemesi\u201d ve Barzani\u2019ye \u201ca\u015firet reisi\u201d denmeye devam edilmesi halinde, PKK\u2019y\u0131 tasfiye plan\u0131n\u0131 i\u015fletme imkan\u0131 olmad\u0131\u011f\u0131n\u0131 da aktard\u0131ktan sonra \u201ccan\u0131n\u0131 s\u0131kan\u201d as\u0131l konuya ge\u00e7ip, \u015funlar\u0131 s\u00f6yler:<\/p>\n<p style=\"text-align: justify;\">\u201c<strong>\u00dcst d\u00fczey g\u00f6revliler ve siyasiler kapal\u0131 kap\u0131lar ard\u0131nda ger\u00e7e\u011fi kabullense de, alt d\u00fczeyde ciddi bir direni\u015f var. Direni\u015f g\u00f6steren birimler de Adalet Bakanl\u0131\u011f\u0131, \u0130\u00e7i\u015fleri Bakanl\u0131\u011f\u0131 ve baz\u0131 askeri birimler. Ayn\u0131 iklim medyada ve bir \u00f6l\u00e7\u00fcde kamuoyunda da mevcut&#8230;<\/strong>\u201d<\/p>\n<p style=\"text-align: justify;\">\u201cDevletin en \u00fcst g\u00fcvenlik birimlerinden birinin ba\u015f\u0131ndaki \u00fcst d\u00fczey g\u00f6revli\u201d, devam\u0131nda \u015funlar\u0131 a\u00e7\u0131klar:<\/p>\n<p style=\"text-align: justify;\">\u201cT\u00fcm engellere ra\u011fmen harekete ge\u00e7ildi, plan\u0131n ilk a\u015famas\u0131 olarak M\u0130T M\u00fcste\u015far\u0131, \u2018<strong>yak\u0131n dostu<\/strong>\u2019 Barzani, ard\u0131ndan Talabani\u2019yi ziyaret edip, onlara yeni \u2018<strong>devlet politikas\u0131<\/strong>\u2019n\u0131 ve T\u00fcrkiye\u2019nin, bu iki \u00f6nemli K\u00fcrt liderden beklentilerini aktard\u0131. \u00d6zellikle Barzani g\u00f6r\u00fc\u015fmesi \u00e7ok iyi ge\u00e7ti. Barzani PKK ile silahl\u0131 \u00e7at\u0131\u015fmaya girmek d\u0131\u015f\u0131nda elinden gelen her \u015feyi yapaca\u011f\u0131n\u0131 s\u00f6yledi. Plan\u0131n en zor ayaklar\u0131ndan biri, da\u011fdaki PKK y\u00f6netici ve komutanlar\u0131n\u0131n ne olaca\u011f\u0131yd\u0131. Bu konuda Barzani ve Talabani \u015fu benzer yolu g\u00f6sterdi; Eyleme kar\u0131\u015fmam\u0131\u015f olanlar\u0131n T\u00fcrkiye\u2019ye d\u00f6nmesi, y\u00f6netici kadronun Irak d\u0131\u015f\u0131na, tercihen bir Kuzey Avrupa \u00fclkesine gitmesine T\u00fcrkiye\u2019nin ses \u00e7\u0131karmamas\u0131\u2026\u201d<\/p>\n<p style=\"text-align: justify;\">Berkan\u2019\u0131n 2005\u2019te \u00f6\u011frendi\u011fi bu plan, 2006\u2019da o zaman Sabah\u2019ta \u00e7al\u0131\u015fan Asl\u0131 Ayd\u0131nta\u015fba\u015f taraf\u0131ndan T\u00fcrkiye g\u00fcndemine getirildi, ama her kesimden tepki gelince, ba\u015flamadan bitti veya bizler \u00f6yle zannettik!.. Yeniden raftan inmesi i\u00e7in 2007\u2019den itibaren ba\u015flat\u0131lan \u201c<strong>Ergenekon<\/strong>\u201d operasyonlar\u0131yla, 2008\u2019de \u201c<strong>devlet politikas\u0131<\/strong>\u201d denilen \u201c<strong>K\u00fcrt a\u00e7\u0131l\u0131m\u0131<\/strong>\u201dn\u0131 beklememiz gerekecekti!..<\/p>\n<p style=\"text-align: justify;\"><strong>\u0130MRALI\u2019DA K\u0130MLER C\u0130R\u0130T ATIYOR? <\/strong><\/p>\n<p style=\"text-align: justify;\">\u015eamil Tayyar\u2019\u0131n, \u201c<strong>Ergenekon beylerinin \u0130mral\u0131\u2019da cirit atmas\u0131<\/strong>\u201d iddias\u0131na gelince\u2026 Bundan \u00f6nce k\u0131saca \u015funlar\u0131 hat\u0131rlatal\u0131m:<\/p>\n<p style=\"text-align: justify;\">O g\u00fcnlerin M\u0130T M\u00fcste\u015far Yard\u0131mc\u0131s\u0131 Cevat \u00d6ne\u015f ya\u015f haddinden emekli olduktan sonra PKK yanl\u0131s\u0131 toplant\u0131lar dahil, her platformda o planlar\u0131 i\u015fleyip, \u0130mral\u0131\u2019n\u0131n muhatap al\u0131nmas\u0131n\u0131 savundu. Emekliye ayr\u0131l\u0131nca birdenbire \u201chidayete\u201d eremeyece\u011fine g\u00f6re?!..<\/p>\n<p style=\"text-align: justify;\">\u00d6calan y\u0131llardan beri, \u201c<strong>Devletin bir kanad\u0131 bizim gibi d\u00fc\u015f\u00fcn\u00fcyor\u2026<\/strong>\u201d iddias\u0131nda\u2026<\/p>\n<p style=\"text-align: justify;\">\u201c<strong>Ergenekon<\/strong>\u201du ba\u015flatan adam <strong>Haham Tuncay G\u00fcney<\/strong>\u2019in anlatt\u0131klar\u0131 M\u0130T\u2019te \u201c<strong>\u015fema<\/strong>\u201dla\u015ft\u0131r\u0131ld\u0131\u2026 Eski M\u00fcste\u015far \u015eenkal Atasagun, \u201cSa\u00e7ma sapan, ciddiye al\u0131nmayacak iddialar\u201d olarak nitelendirdi\u011fi G\u00fcney\u2019in iddialar\u0131n\u0131n \u201cTe\u015fkilat elemanlar\u0131 taraf\u0131ndan raporla\u015ft\u0131r\u0131l\u0131p\u201d, 2003 ve 2006\u2019da \u00f6nce kitap\u00e7\u0131k, sonra bilgi notu \u015feklinde Ba\u015fbakanl\u0131k ve Genelkurmay Ba\u015fkanl\u0131\u011f\u0131\u2019na g\u00f6nderildi\u011fini a\u00e7\u0131klad\u0131\u2026<\/p>\n<p style=\"text-align: justify;\">Haham Tuncay G\u00fcney 2009\u2019da, \u201cBu bir sava\u015f. Ergenekoncular ve Ergenekon\u2019a paralel bir \u00f6rg\u00fct daha var. \u00dclkede, bu iki \u00f6rg\u00fct\u00fcn kavgas\u0131 ya\u015fan\u0131yor\u2026 M\u0130T tam sivil bir \u00f6rg\u00fct de\u011fil. Ama pek \u00e7ok \u015feyi biliyor. \u00d6zellikle \u015eenkal Atasagun bir\u00e7ok olay\u0131 iyi bilir. Mehmet Eym\u00fcr de&#8230;\u201d dedi\u2026<\/p>\n<p style=\"text-align: justify;\">Barzani\u2019yle g\u00f6r\u00fc\u015fmeler ve Habur organizasyonunda M\u0130T\u2019in ba\u015frollerde oldu\u011funu c\u00fcmle alem biliyor\u2026 CIA\u2019c\u0131 Henri Barkey bile hak tesliminde bulunup, \u015funlar\u0131 s\u00f6yledi:<\/p>\n<p style=\"text-align: justify;\">\u201cBak\u0131n M\u0130T\u2019i unutuyorsunuz. M\u0130T M\u00fcste\u015far\u0131 Emre Taner, K. Irak\u2019a gidip, orayla da konu\u015ftu. Uzun zamand\u0131r \u00e7al\u0131\u015fma yap\u0131l\u0131yordu. Bir gecede olmad\u0131 bunlar. T\u00fcrkiye\u2019nin \u00e7ok \u00f6nemli kurumlar\u0131 \u00e7\u00f6z\u00fcm i\u00e7in \u00f6n ayak oldular.\u201d<\/p>\n<p style=\"text-align: justify;\">1 y\u0131l \u00f6nce, \u201cK\u00fcrt a\u00e7\u0131l\u0131m\u0131\u201d ba\u015flamadan Irak\u2019\u0131n kuzeyine gidip, \u201cPKK ile g\u00f6r\u00fc\u015fmelerin M\u0130T \u00fczerinden yap\u0131ld\u0131\u011f\u0131 y\u00f6n\u00fcnde bilgi ald\u0131\u011f\u0131\u201d iddias\u0131nda bulunup, PKK\u2019ya af plan\u0131n\u0131 t\u00fcm detay\u0131yla aktaran Hak-Par Genel Ba\u015fkan\u0131 Bayram Bozyel\u2019in \u015fu s\u00f6zlerinin alt\u0131n\u0131 da mutlaka \u00e7izmemiz gerekiyor:<\/p>\n<p style=\"text-align: justify;\">\u201cBu s\u00fcrecin en ge\u00e7 2 y\u0131l i\u00e7inde sonu\u00e7lanaca\u011f\u0131 belirtiliyor. \u015eu anda AKP belli \u00f6l\u00e7\u00fclerde haz\u0131r. Cumhurba\u015fkan\u0131\u2019n\u0131n tutumu da olumlu. Sorun muhalefette, daha \u00e7ok da CHP\u2019de odaklanmakta. CHP lideri Deniz Baykal s\u00fcrece dahil edilmek i\u00e7in Ba\u011fdat\u2019a davet edildi. Daha sonra Baykal\u2019\u0131n ABD ziyareti var. Orada da bu y\u00f6nde telkinlerin yap\u0131laca\u011f\u0131 ve Say\u0131n Baykal\u2019\u0131n kayg\u0131lar\u0131n\u0131n giderilece\u011fini d\u00fc\u015f\u00fcn\u00fcyorum.\u201d<\/p>\n<p style=\"text-align: justify;\">Bu s\u00fcre\u00e7te \u201c\u0130mral\u0131\u2019da cirit atanlar\u201d kim?.. \u201cErgenekon\u201dcu Engin Alan, Atilla U\u011fur, Levent G\u00f6kta\u015f, Mustafa Balbay, Mehmet Haberal veya Sevgi Erenerol mu?<\/p>\n<p style=\"text-align: justify;\">Habur rezaleti y\u00fcz\u00fcnden g\u00f6rev s\u00fcresi uzat\u0131lmayarak, emekliye sevk edilen Emre Taner ve ba\u015fka M\u0130T g\u00f6revlileriyle, Adalet Bakanl\u0131\u011f\u0131 yetkilileri, hatta Kandil\u2019in iddia etti\u011fine g\u00f6re, \u201cBir h\u00fck\u00fcmet yetkilisi\u201d mi?<\/p>\n<p style=\"text-align: justify;\">\u0130mral\u0131\u2019ya en az iki kez gitti\u011fini, Emre Taner\u2019in kendi a\u00e7\u0131klamalar\u0131ndan biliyoruz.<\/p>\n<p style=\"text-align: justify;\">Bilinmeyen ziyaretlerden de s\u00f6z ediliyor. Hele biri var ki; Ba\u015ftan beri PKK\u2019dan sorumluymu\u015f, PKK \u201cg\u00fc\u00e7lendik\u00e7e\u201d, nas\u0131l i\u015fse, o da terfi etmi\u015f\u2026 Ama \u015fimdilerde, M\u0130T\u2019e d\u0131\u015fardan atama yap\u0131ld\u0131\u011f\u0131 i\u00e7in iktidarla aras\u0131 a\u00e7\u0131lm\u0131\u015f. S\u00f6yleyenlerin yalanc\u0131s\u0131y\u0131z; i\u015fte \u0130mral\u0131\u2019n\u0131n en devaml\u0131 ziyaret\u00e7isi oymu\u015f falan!..<\/p>\n<p style=\"text-align: justify;\"><strong>ERGENEKON \u0130DD\u0130ANAMES\u0130 YETERL\u0130YSE, KCK \u0130DD\u0130NAMES\u0130NE NE D\u0130YECEKS\u0130N\u0130Z? <\/strong><\/p>\n<p style=\"text-align: justify;\">Ba\u015fbakan Erdo\u011fan, PKK ile Silivri aras\u0131nda ba\u011flant\u0131 kurarken, \u201cErgenekon iddianamesini\u201d dayanak yap\u0131p, \u201cErgenekon iddianamesinde buyurun i\u015fte bunlar\u0131 g\u00f6r\u00fcyoruz\u2026\u201d diyor.<\/p>\n<p style=\"text-align: justify;\">\u00d6yleyse buyurun, adeta g\u00f6rmezden gelinen KCK iddianamesinde yaz\u0131lanlar\u0131 da g\u00f6relim\u2026<\/p>\n<p style=\"text-align: justify;\">Diyarbak\u0131r Cumhuriyet Ba\u015fsavc\u0131l\u0131\u011f\u0131\u2019n\u0131n PKK\u2019n\u0131n kent yap\u0131lanmas\u0131 \u201cK\u00fcrdistan Topluluklar Birli\u011fi\/ T\u00fcrkiye Meclisi\u201d (KCK\/TM) i\u00e7in haz\u0131rlad\u0131\u011f\u0131 iddianamede, Irak Cumhurba\u015fkan\u0131 Talabani\u2019nin, kapat\u0131lan DTP e\u015f ba\u015fkanlar\u0131yla yapt\u0131\u011f\u0131 g\u00f6r\u00fc\u015fmelerin tutanaklar\u0131 var. \u0130ddianamenin 2 numaral\u0131 san\u0131\u011f\u0131 DTP\u2019nin eski Genel Ba\u015fkan Yard\u0131mc\u0131s\u0131 Kamuran Y\u00fcksek\u2019in bilgisayar\u0131nda bulunan tutana\u011fa g\u00f6re;<\/p>\n<p style=\"text-align: justify;\">Talabani, \u00d6calan\u2019la ili\u015fkisi oldu\u011funu, kendisine 2 Kas\u0131m\u2019da avukatlar\u0131 arac\u0131l\u0131\u011f\u0131yla \u0130mral\u0131\u2019dan mektup g\u00f6nderdi\u011fini belirterek, DTP e\u015f ba\u015fkanlar\u0131na \u015funlar\u0131 anlatm\u0131\u015f:<\/p>\n<p style=\"text-align: justify;\">\u201cBenim PKK ile de bir diyalogum var. Bu bayramda ben talep etmi\u015fim ate\u015fkesi, hem uzat\u0131lmas\u0131 konusunda da bir yakla\u015f\u0131m oldu. Ben silah b\u0131rakma yanl\u0131s\u0131 de\u011filim. Ate\u015fkes ilan edilsin. Silah b\u0131rakman\u0131n kar\u015f\u0131l\u0131\u011f\u0131 var. Ate\u015fkes ilan etmek ise T\u00fcrkiye\u2019de \u00e7al\u0131\u015fan arkada\u015flar\u0131n m\u00fccadelesini y\u00fckseltmek i\u00e7in olmal\u0131d\u0131r. Yine PKK\u2019nin bir talebi vard\u0131; genel af, onu dile getirdik. Biz, M\u0130T m\u00fcste\u015farlar\u0131 ile PKK\u2019nin baz\u0131 ili\u015fkileri var, sizin bilginiz dahilinde mi dedik. Erdo\u011fan, \u2018M\u0130T M\u00fcste\u015far\u0131\u2019n\u0131n t\u00fcm ifadeleri benim ifademdir\u2019 dedi.\u201d<\/p>\n<p style=\"text-align: justify;\">Ya \u015fimdi birileri s\u0131rf bu iddianameyi dayanak yap\u0131p, \u201c\u00d6rg\u00fct\u00fcn deste\u011finin sadece uluslararas\u0131 boyutla s\u0131n\u0131rl\u0131 kalmad\u0131\u011f\u0131n\u0131, bilerek ya da bilmeyerek, dolayl\u0131 ya da do\u011frudan i\u00e7eriden de destek ald\u0131\u011f\u0131n\u0131, hatta iktidarla i\u015f birli\u011fi i\u00e7inde oldu\u011funu da baz\u0131 iddianameler a\u00e7\u0131k\u00e7a ortaya koyuyor. KCK iddianamesinde buyurun i\u015fte bunlar\u0131 g\u00f6r\u00fcyoruz\u2026\u201d derse?!..<\/p>\n<p style=\"text-align: justify;\">Silivri\u2019dekilerin, PKK ile \u201ci\u015fbirli\u011fi\u201d, Ergenekon iddianamesinden \u00f6teye g\u00f6t\u00fcr\u00fclebilmi\u015f de\u011fil. <strong>Beri tarafta ise PKK\u2019yla ili\u015fkiler konusunda yukar\u0131da aktard\u0131\u011f\u0131m\u0131z \u00e7ok somut bilgi ve belgeler var\u2026<\/strong> Tam da Haham Tuncay G\u00fcney\u2019in \u00e7izdi\u011fi, \u201cBir Ergenekoncular, bir de Ergenekon\u2019a paralel bir \u00f6rg\u00fct\u201d tablosu gibi\u2026<\/p>\n<p style=\"text-align: justify;\">Bu durumda PKK-Ergenekon ba\u011flant\u0131s\u0131n\u0131n resmi olarak dillendirilmesinden, tasfiye s\u0131ras\u0131n\u0131n M\u0130T\u2019e geldi\u011fi ya da M\u0130T\u2019e \u00f6zellikle MOSSAD d\u0131\u015f\u0131nda yeni bir \u201cpartner\u201d arand\u0131\u011f\u0131 gibi sonu\u00e7lar \u00e7\u0131kart\u0131labilir mi?<\/p>\n<p style=\"text-align: justify;\">Cumhurba\u015fkan\u0131 G\u00fcl\u2019\u00fcn \u201cs\u0131rda\u015f\u0131\u201d, Ba\u015fbakan Erdo\u011fan\u2019\u0131n \u201cmanevi o\u011flu\u201d Mustafa Karaalio\u011flu 25 Temmuz 2009\u2019da demi\u015fti ki;<\/p>\n<p style=\"text-align: justify;\">\u201c<strong>K\u00fcrt sorunu bitince Ergenekon, Ergenekon bitince de K\u00fcrt sorunu bitecektir. \u015eimdi ikisi el ele, biti\u015fin mecburi istikametine do\u011fru yol almaktad\u0131r\u2026<\/strong>\u201d<\/p>\n<p style=\"text-align: justify;\"><a href=\"http:\/\/www.odatv.com\/n.php?n=imraliya-giden-bu-isimleri-erdogan-hatirliyor-mu-3006101200\" target=\"_blank\"><span style=\"color: #888888;\">Kaynak : M\u00fcyesser Y\u0131ld\u0131z &#8211;\u00a0 Odatv.com<\/span><\/a><\/p>\n","protected":false},"excerpt":{"rendered":"<p style=\"text-align: center;\">\n<p style=\"text-align: justify;\">Aylard\u0131r resmi-gayr\u0131 resmi, PKK ter\u00f6r\u00fcn\u00fc Ergenekon\u2019a, yani Silivri\u2019ye ba\u011flamak i\u00e7in organize gayret vard\u0131. Ba\u015fbakan Erdo\u011fan\u2019\u0131n, \u201cPKK ta\u015feron \u00f6rg\u00fctt\u00fcr\u201d demesiyle, bu \u00e7abalar daha bir gaza geldi.<\/p>\n<p style=\"text-align: justify;\">Erdo\u011fan nihayet d\u00fcnk\u00fc grup toplant\u0131s\u0131nda, PKK\u2019n\u0131n kimin ta\u015feronu oldu\u011funu a\u00e7\u0131k-se\u00e7ik bir bi\u00e7imde anlatt\u0131 ve Silivri\u2019yi resmen ilk kez \u015f\u00f6yle adres g\u00f6sterdi: <\/p>\n","protected":false},"author":1,"featured_media":0,"comment_status":"open","ping_status":"closed","sticky":false,"template":"","format":"standard","meta":{"footnotes":""},"categories":[105],"tags":[],"class_list":["post-24032","post","type-post","status-publish","format-standard","hentry","category-gundem","odd"],"_links":{"self":[{"href":"http:\/\/www.korhanyilmaz.com\/index.php?rest_route=\/wp\/v2\/posts\/24032","targetHints":{"allow":["GET"]}}],"collection":[{"href":"http:\/\/www.korhanyilmaz.com\/index.php?rest_route=\/wp\/v2\/posts"}],"about":[{"href":"http:\/\/www.korhanyilmaz.com\/index.php?rest_route=\/wp\/v2\/types\/post"}],"author":[{"embeddable":true,"href":"http:\/\/www.korhanyilmaz.com\/index.php?rest_route=\/wp\/v2\/users\/1"}],"replies":[{"embeddable":true,"href":"http:\/\/www.korhanyilmaz.com\/index.php?rest_route=%2Fwp%2Fv2%2Fcomments&post=24032"}],"version-history":[{"count":0,"href":"http:\/\/www.korhanyilmaz.com\/index.php?rest_route=\/wp\/v2\/posts\/24032\/revisions"}],"wp:attachment":[{"href":"http:\/\/www.korhanyilmaz.com\/index.php?rest_route=%2Fwp%2Fv2%2Fmedia&parent=24032"}],"wp:term":[{"taxonomy":"category","embeddable":true,"href":"http:\/\/www.korhanyilmaz.com\/index.php?rest_route=%2Fwp%2Fv2%2Fcategories&post=24032"},{"taxonomy":"post_tag","embeddable":true,"href":"http:\/\/www.korhanyilmaz.com\/index.php?rest_route=%2Fwp%2Fv2%2Ftags&post=24032"}],"curies":[{"name":"wp","href":"https:\/\/api.w.org\/{rel}","templated":true}]}}