{"id":24024,"date":"2010-06-29T18:05:01","date_gmt":"2010-06-29T18:05:01","guid":{"rendered":"http:\/\/www.korhanyilmaz.com\/?p=24024"},"modified":"2010-06-29T18:05:01","modified_gmt":"2010-06-29T18:05:01","slug":"jandarma-karakoluna-ates-acildi-1-asker-yarali","status":"publish","type":"post","link":"http:\/\/www.korhanyilmaz.com\/?p=24024","title":{"rendered":"Jandarma karakoluna ate\u015f a\u00e7\u0131ld\u0131: 1 asker yaral\u0131"},"content":{"rendered":"<p><a href=\"http:\/\/www.korhanyilmaz.com\/wp-content\/uploads\/2010\/06\/180.jpg\"  class=\"lightview\"><img loading=\"lazy\" decoding=\"async\" class=\"aligncenter size-full wp-image-24025\" src=\"http:\/\/www.korhanyilmaz.com\/wp-content\/uploads\/2010\/06\/180.jpg\" alt=\"\" width=\"272\" height=\"204\" \/><\/a><\/p>\n<p style=\"text-align: justify;\">Tunceli&#8217;nin P\u00fcl\u00fcm\u00fcr il\u00e7esindeki K\u0131rm\u0131z\u0131k\u00f6pr\u00fc Jandarma Karakolu&#8217;na ate\u015f a\u00e7\u0131lmas\u0131 sonucu 1 asker yaraland\u0131.<\/p>\n<p style=\"text-align: justify;\">Edinilen bilgiye g\u00f6re, bug\u00fcn saat 08.30 s\u0131ralar\u0131nda P\u00fcl\u00fcm\u00fcr il\u00e7esindeki K\u0131rm\u0131z\u0131k\u00f6pr\u00fc Jandarma Karakolu&#8217;na ter\u00f6r \u00f6rg\u00fct\u00fc PKK mensuplar\u0131nca uzun namlulu silahlarla ate\u015f a\u00e7\u0131ld\u0131. <!--more--><\/p>\n<p style=\"text-align: justify;\">Bir askerin hafif yaraland\u0131\u011f\u0131, helikopterle Elaz\u0131\u011f Asker Hastanesine kald\u0131r\u0131ld\u0131\u011f\u0131, sa\u011fl\u0131k durumunun iyi oldu\u011fu \u00f6\u011frenildi.<\/p>\n<p style=\"text-align: justify;\">B\u00f6lgede operasyon ba\u015flat\u0131ld\u0131\u011f\u0131 bildirildi.<\/p>\n<p style=\"text-align: justify;\"><strong>\u00c7atak&#8217;ta may\u0131n patlad\u0131 <\/strong><\/p>\n<p style=\"text-align: justify;\">Van\u0131n \u00c7atak il\u00e7esinde askeri arac\u0131n ge\u00e7i\u015fi s\u0131ras\u0131nda PKK&#8217;l\u0131 ter\u00f6ristlerce daha \u00f6nceden yola tuzaklanm\u0131\u015f may\u0131n patlat\u0131ld\u0131. Patlamada \u00f6len ya da yaralanan\u0131n olmad\u0131.<\/p>\n<p style=\"text-align: justify;\">Olay bug\u00fcn saat 16.00 s\u0131ralar\u0131nda, \u00c7atak \u0130l\u00e7esi&#8217;ne 25 kilometre uzakl\u0131ktaki Kacit K\u00f6y\u00fc yak\u0131nlar\u0131nda meydana geldi.<\/p>\n<p style=\"text-align: justify;\">Devriye g\u00f6revi yapan askerlerin i\u00e7inde bulundu\u011fu arac\u0131n ge\u00e7i\u015fi s\u0131ras\u0131nda uzaktan kumandal\u0131 may\u0131n, PKK&#8217;l\u0131 ter\u00f6ristler taraf\u0131ndan patlat\u0131ld\u0131.<\/p>\n<p style=\"text-align: justify;\">Meydana gelen patlamada, ara\u00e7 hasar g\u00f6r\u00fcrken, \u00f6len ya da yaralanan olmad\u0131. Patlama sonras\u0131 b\u00f6lgede operasyon ba\u015flat\u0131ld\u0131.<\/p>\n<p style=\"text-align: justify;\"><span style=\"color: #888888;\">CNN T\u00dcRK<\/span><\/p>\n","protected":false},"excerpt":{"rendered":"<\/p>\n<p style=\"text-align: justify;\">Tunceli&#8217;nin P\u00fcl\u00fcm\u00fcr il\u00e7esindeki K\u0131rm\u0131z\u0131k\u00f6pr\u00fc Jandarma Karakolu&#8217;na ate\u015f a\u00e7\u0131lmas\u0131 sonucu 1 asker yaraland\u0131.<\/p>\n<p style=\"text-align: justify;\">Edinilen bilgiye g\u00f6re, bug\u00fcn saat 08.30 s\u0131ralar\u0131nda P\u00fcl\u00fcm\u00fcr il\u00e7esindeki K\u0131rm\u0131z\u0131k\u00f6pr\u00fc Jandarma Karakolu&#8217;na ter\u00f6r \u00f6rg\u00fct\u00fc PKK mensuplar\u0131nca uzun namlulu silahlarla ate\u015f a\u00e7\u0131ld\u0131. <\/p>\n","protected":false},"author":1,"featured_media":0,"comment_status":"open","ping_status":"closed","sticky":false,"template":"","format":"standard","meta":{"footnotes":""},"categories":[105],"tags":[],"class_list":["post-24024","post","type-post","status-publish","format-standard","hentry","category-gundem","odd"],"_links":{"self":[{"href":"http:\/\/www.korhanyilmaz.com\/index.php?rest_route=\/wp\/v2\/posts\/24024","targetHints":{"allow":["GET"]}}],"collection":[{"href":"http:\/\/www.korhanyilmaz.com\/index.php?rest_route=\/wp\/v2\/posts"}],"about":[{"href":"http:\/\/www.korhanyilmaz.com\/index.php?rest_route=\/wp\/v2\/types\/post"}],"author":[{"embeddable":true,"href":"http:\/\/www.korhanyilmaz.com\/index.php?rest_route=\/wp\/v2\/users\/1"}],"replies":[{"embeddable":true,"href":"http:\/\/www.korhanyilmaz.com\/index.php?rest_route=%2Fwp%2Fv2%2Fcomments&post=24024"}],"version-history":[{"count":0,"href":"http:\/\/www.korhanyilmaz.com\/index.php?rest_route=\/wp\/v2\/posts\/24024\/revisions"}],"wp:attachment":[{"href":"http:\/\/www.korhanyilmaz.com\/index.php?rest_route=%2Fwp%2Fv2%2Fmedia&parent=24024"}],"wp:term":[{"taxonomy":"category","embeddable":true,"href":"http:\/\/www.korhanyilmaz.com\/index.php?rest_route=%2Fwp%2Fv2%2Fcategories&post=24024"},{"taxonomy":"post_tag","embeddable":true,"href":"http:\/\/www.korhanyilmaz.com\/index.php?rest_route=%2Fwp%2Fv2%2Ftags&post=24024"}],"curies":[{"name":"wp","href":"https:\/\/api.w.org\/{rel}","templated":true}]}}