{"id":24020,"date":"2010-06-29T15:09:43","date_gmt":"2010-06-29T15:09:43","guid":{"rendered":"http:\/\/www.korhanyilmaz.com\/?p=24020"},"modified":"2010-06-29T15:09:43","modified_gmt":"2010-06-29T15:09:43","slug":"bdp-savas-mevzileri-icin-yarisacaklarina","status":"publish","type":"post","link":"http:\/\/www.korhanyilmaz.com\/?p=24020","title":{"rendered":"BDP: &#8220;Sava\u015f mevzileri i\u00e7in yar\u0131\u015facaklar\u0131na&#8230;&#8221;"},"content":{"rendered":"<p><a href=\"http:\/\/www.korhanyilmaz.com\/wp-content\/uploads\/2010\/06\/179.jpg\"  class=\"lightview\"><img loading=\"lazy\" decoding=\"async\" class=\"aligncenter size-full wp-image-24021\" src=\"http:\/\/www.korhanyilmaz.com\/wp-content\/uploads\/2010\/06\/179.jpg\" alt=\"\" width=\"292\" height=\"231\" \/><\/a><\/p>\n<p style=\"text-align: justify;\">BDP E\u015f Genel Ba\u015fkan\u0131 G\u00fcltan K\u0131\u015fanak, &#8220;mevzi&#8221; tart\u0131\u015fmalar\u0131na de\u011findi: &#8220;Ana muhalefet lideri K\u0131l\u0131\u00e7daro\u011flu&#8217;nu da bir mevziye gitme hevesi tutmu\u015f g\u00f6z\u00fck\u00fcyor. Sava\u015f mevzilerine gitmek i\u00e7in birbirleriyle yar\u0131\u015facaklar\u0131na, bu \u00f6l\u00fcmleri nas\u0131l durdurabiliriz, bu konuda nas\u0131l politikalar \u00fcretebiliriz, bu konuda yar\u0131\u015fs\u0131nlar. Onlara tavsiyemiz budur&#8221; dedi. <!--more--><\/p>\n<p style=\"text-align: justify;\">G\u00fcltan K\u0131\u015fanak, partisinin TBMM grup toplant\u0131s\u0131nda konu\u015ftu.<\/p>\n<p style=\"text-align: justify;\">Konu\u015fmas\u0131nda, BDP&#8217;li belediyelerin &#8216;demokratik \u00f6zerkli\u011fi&#8217; tart\u0131\u015fmalar\u0131na de\u011finen K\u0131\u015fanak, AB yolunda olan T\u00fcrkiye&#8217;nin, zorunluluk gere\u011fi halihaz\u0131rda 26 b\u00f6lgeye ayr\u0131lm\u0131\u015f oldu\u011funu kaydetti ve \u201cBuralarda demokrasinin de ye\u015fermesini istiyoruz. Bu 26 b\u00f6lgede, b\u00f6lge meclislerinin kurularak, halk meclisleriyle ger\u00e7ek bir demokratikle\u015fme s\u00fcreci i\u00e7erisinde bu \u00fclkeyi demokrasiye kavu\u015fturmalar\u0131n\u0131 istiyoruz. Bunu a\u00e7\u0131k\u00e7a s\u00f6yl\u00fcyoruz, a\u00e7\u0131k\u00e7a savunuyoruz, T\u00fcrkiye&#8217;nin gelece\u011finin bu projede oldu\u011funa da inan\u0131yoruz&#8221; dedi.<\/p>\n<p style=\"text-align: justify;\">Pazartesi g\u00fcn\u00fc, Hatay&#8217;\u0131n Hassa il\u00e7esinde kekik toplayan k\u00f6yl\u00fclerin askerler taraf\u0131ndan yanl\u0131\u015fl\u0131kla \u00f6ld\u00fcr\u00fclmesine ve ge\u00e7en hafta Elaz\u0131\u011f&#8217;\u0131n Karako\u00e7an il\u00e7esinde \u00e7\u0131kan \u00e7at\u0131\u015fmada, bir kad\u0131n\u0131n, ate\u015f alt\u0131nda kal\u0131p ya\u015fam\u0131n\u0131 yitirmesine de de\u011finen K\u0131\u015fanak, bu \u00f6l\u00fcmlerine, kendilerini insanl\u0131k kar\u015f\u0131s\u0131nda s\u0131nava \u00e7ekmek zorundan b\u0131rakt\u0131\u011f\u0131n\u0131 s\u00f6yledi ve \u201cUmuyor ve diliyoruz ki, bu \u00f6l\u00fcmlerden birinci derecede sorumlu olan iktidar ve ordu da ayn\u0131 sorumluluk duygusu i\u00e7erisinde olsun&#8221; dedi.<\/p>\n<p style=\"text-align: justify;\"><strong>BDP&#8217;den tavsiye var <\/strong><\/p>\n<p style=\"text-align: justify;\">&#8216;Mevzi&#8217; tart\u0131\u015fmalar\u0131na da de\u011finen K\u0131\u015fanak, \u201cAna muhalefet partisinin genel ba\u015fkan\u0131 say\u0131n K\u0131l\u0131\u00e7daro\u011flu&#8217;nu da bir mevziye gitme hevesi tutmu\u015f g\u00f6z\u00fck\u00fcyor. Sava\u015f mevzilerine gitmek i\u00e7in birbirleriyle yar\u0131\u015facaklar\u0131na, bu \u00f6l\u00fcmleri nas\u0131l durdurabiliriz, bu konuda nas\u0131l politikalar \u00fcretebiliriz, bu konuda yar\u0131\u015fs\u0131nlar, onlara tavsiyemiz budur&#8221; diye konu\u015ftu.<\/p>\n<p style=\"text-align: justify;\">Ba\u015fbakan Erdo\u011fan&#8217;\u0131n, K\u00fcrt sorunu i\u00e7in, \u201cBu i\u015fler \u00f6yle sabahtan ak\u015fama \u00e7\u00f6z\u00fclmez&#8221; dedi\u011fini de hat\u0131rlatan K\u0131\u015fanak, \u201cSabahtan ak\u015fama&#8217; nas\u0131l bir vakittir, biz say\u0131n Ba\u015fbakan&#8217;dan bunun cevab\u0131n\u0131 almak istiyoruz,&#8221; diye bir talepte bulundu.<\/p>\n<p style=\"text-align: justify;\">85 y\u0131ll\u0131k cumhuriyet tarihi boyunca, T\u00fcrkiye&#8217;de 29 tane &#8216;isyan ve bast\u0131rma harekat\u0131&#8217; ya\u015fand\u0131\u011f\u0131n\u0131 kaydeden K\u0131\u015fanak, \u201cAcaba 85 y\u0131l sabahtan ak\u015fama olmam\u0131\u015f m\u0131?&#8221; diye sordu. K\u0131\u015fanak, bu sorunun \u00e7\u00f6z\u00fcms\u00fczl\u00fc\u011f\u00fcn\u00fcn nedeninin, zaman de\u011fil ama zihniyet sorunu oldu\u011funu savundu.<\/p>\n<p style=\"text-align: justify;\"><strong>\u201c\u00c7\u00f6z\u00fcm i\u00e7in 3 yol var&#8221; <\/strong><\/p>\n<p style=\"text-align: justify;\">K\u00fcrt sorununu \u00e7\u00f6z\u00fcm\u00fc konusunda 3 temel yol oldu\u011funu s\u00f6yleyen K\u0131\u015fanak, bu 3 yolun birbiriyle uyumlu bir \u015fekilde y\u00fcr\u00fct\u00fclebilmesi durumunda \u00e7\u00f6z\u00fcme ula\u015f\u0131labilece\u011fini belirtti.<\/p>\n<p style=\"text-align: justify;\">Yollardan birinin, \u00fclkenin demokrasi sorununun \u00e7\u00f6z\u00fclmesi oldu\u011funu dile getiren K\u0131\u015fanak, ikinci yolun, &#8216;inkar, imha ve teslim alma&#8217; zihniyetinden vazge\u00e7ilmesi ve diyalogu esas alan ve demokratik siyasetin kanallar\u0131n\u0131 esas alan bir ortam\u0131n tesisi; \u00fc\u00e7\u00fcnc\u00fc yolun ise T\u00fcrkiye&#8217;de ya\u015fayan her yurtta\u015f\u0131n, yap\u0131lmak istenenin, bir bar\u0131\u015f ve karde\u015flik projesi oldu\u011funa inand\u0131r\u0131lmalar\u0131 oldu\u011funu belirtti.<\/p>\n<p style=\"text-align: justify;\"><strong>Medyay\u0131 ele\u015ftirdi <\/strong><\/p>\n<p style=\"text-align: justify;\">Konu\u015fmas\u0131nda medyan\u0131n ge\u00e7mi\u015fteki tutumunu da ele\u015ftiren K\u0131\u015fanak, \u201cBu \u00fclkede 17 bin faili me\u00e7hul cinayet i\u015flenirken medya bunlara g\u00f6z\u00fcn\u00fc kapad\u0131, duymad\u0131, bunlar\u0131 yazmad\u0131, g\u00f6stermedi. E\u011fer bug\u00fcn T\u00fcrkiye kamuoyu \u00e7\u00f6z\u00fcme haz\u0131r de\u011filse, 90&#8217;l\u0131 y\u0131llar boyunca \u00fcretilen bu psikolojik sava\u015f\u0131n, bu yalanlar\u0131n \u00e7ok b\u00fcy\u00fck katk\u0131s\u0131 vard\u0131r&#8221; dedi.<\/p>\n<p style=\"text-align: justify;\"><strong>\u201cKCK operasyonu intikam alma operasyonudur&#8221; <\/strong><\/p>\n<p style=\"text-align: justify;\">Ba\u015fbakan Erdo\u011fan&#8217;\u0131n, grup konu\u015fmas\u0131nda, \u201cKCK operasyonlar\u0131n\u0131 ben mi yapt\u0131m?&#8221; dedi\u011fini hat\u0131rlatan K\u0131\u015fanak, \u201cHerkes \u015funu \u00e7ok iyi biliyor; o operasyon (KCK), 29 Mart se\u00e7imleri sonras\u0131nda, demokratik K\u00fcrt halk\u0131n\u0131n iradesinden intikam alma operasyonuydu&#8221; dedi.<\/p>\n<p style=\"text-align: justify;\">T\u00dcS\u0130AD, Diyarbak\u0131r ve Batman&#8217;dan yap\u0131lan \u00e7a\u011fr\u0131lara b\u00fcy\u00fck de\u011fer verdiklerini s\u00f6yleyen K\u0131\u015fanak, parlamento i\u00e7i ve parlamento d\u0131\u015f\u0131 t\u00fcm taraflara seslenerek, \u201cYan yana gelelim, el ele verelim, kafa kafaya verelim, bir \u00e7\u00f6z\u00fcm politikas\u0131 olu\u015ftural\u0131m&#8221; diye konu\u015ftu.<\/p>\n<p style=\"text-align: justify;\"><span style=\"color: #888888;\">CNN T\u00dcRK<\/span><\/p>\n","protected":false},"excerpt":{"rendered":"<\/p>\n<p style=\"text-align: justify;\">BDP E\u015f Genel Ba\u015fkan\u0131 G\u00fcltan K\u0131\u015fanak, &#8220;mevzi&#8221; tart\u0131\u015fmalar\u0131na de\u011findi: &#8220;Ana muhalefet lideri K\u0131l\u0131\u00e7daro\u011flu&#8217;nu da bir mevziye gitme hevesi tutmu\u015f g\u00f6z\u00fck\u00fcyor. Sava\u015f mevzilerine gitmek i\u00e7in birbirleriyle yar\u0131\u015facaklar\u0131na, bu \u00f6l\u00fcmleri nas\u0131l durdurabiliriz, bu konuda nas\u0131l politikalar \u00fcretebiliriz, bu konuda yar\u0131\u015fs\u0131nlar. Onlara tavsiyemiz budur&#8221; dedi. <\/p>\n","protected":false},"author":1,"featured_media":0,"comment_status":"open","ping_status":"closed","sticky":false,"template":"","format":"standard","meta":{"footnotes":""},"categories":[105],"tags":[],"class_list":["post-24020","post","type-post","status-publish","format-standard","hentry","category-gundem","odd"],"_links":{"self":[{"href":"http:\/\/www.korhanyilmaz.com\/index.php?rest_route=\/wp\/v2\/posts\/24020","targetHints":{"allow":["GET"]}}],"collection":[{"href":"http:\/\/www.korhanyilmaz.com\/index.php?rest_route=\/wp\/v2\/posts"}],"about":[{"href":"http:\/\/www.korhanyilmaz.com\/index.php?rest_route=\/wp\/v2\/types\/post"}],"author":[{"embeddable":true,"href":"http:\/\/www.korhanyilmaz.com\/index.php?rest_route=\/wp\/v2\/users\/1"}],"replies":[{"embeddable":true,"href":"http:\/\/www.korhanyilmaz.com\/index.php?rest_route=%2Fwp%2Fv2%2Fcomments&post=24020"}],"version-history":[{"count":0,"href":"http:\/\/www.korhanyilmaz.com\/index.php?rest_route=\/wp\/v2\/posts\/24020\/revisions"}],"wp:attachment":[{"href":"http:\/\/www.korhanyilmaz.com\/index.php?rest_route=%2Fwp%2Fv2%2Fmedia&parent=24020"}],"wp:term":[{"taxonomy":"category","embeddable":true,"href":"http:\/\/www.korhanyilmaz.com\/index.php?rest_route=%2Fwp%2Fv2%2Fcategories&post=24020"},{"taxonomy":"post_tag","embeddable":true,"href":"http:\/\/www.korhanyilmaz.com\/index.php?rest_route=%2Fwp%2Fv2%2Ftags&post=24020"}],"curies":[{"name":"wp","href":"https:\/\/api.w.org\/{rel}","templated":true}]}}