{"id":24015,"date":"2010-06-29T15:43:34","date_gmt":"2010-06-29T15:43:34","guid":{"rendered":"http:\/\/www.korhanyilmaz.com\/?p=24015"},"modified":"2010-06-29T15:43:34","modified_gmt":"2010-06-29T15:43:34","slug":"kilicdarogluna-cumhurbaskanligi-yaniti","status":"publish","type":"post","link":"http:\/\/www.korhanyilmaz.com\/?p=24015","title":{"rendered":"K\u0131l\u0131\u00e7daro\u011flu&#8217;na cumhurba\u015fkanl\u0131\u011f\u0131 yan\u0131t\u0131"},"content":{"rendered":"<p><a href=\"http:\/\/www.korhanyilmaz.com\/wp-content\/uploads\/2010\/06\/178.jpg\"  class=\"lightview\"><img loading=\"lazy\" decoding=\"async\" class=\"aligncenter size-full wp-image-24016\" src=\"http:\/\/www.korhanyilmaz.com\/wp-content\/uploads\/2010\/06\/178.jpg\" alt=\"\" width=\"292\" height=\"202\" \/><\/a><\/p>\n<p style=\"text-align: justify;\">Ba\u015fbakan Recep Tayyip Erdo\u011fan, CHP lideri Kemal K\u0131l\u0131\u00e7daro\u011flu ile MHP lideri Devlet Bah\u00e7eli&#8217;nin, ter\u00f6rle m\u00fccadele konusunda g\u00f6r\u00fc\u015fme yap\u0131labilece\u011fine ili\u015fkin a\u00e7\u0131klamalar\u0131na verdi\u011fi yan\u0131t\u0131 de\u011ferlendirirken, &#8220;Ben \u015fu anda Cumhurba\u015fkanl\u0131\u011f\u0131 makam\u0131nda oldu\u011fumu s\u00f6ylemedim ama ben Ba\u015fbakan\u0131m ve \u015fu anda y\u00fcr\u00fctmenin ba\u015f\u0131y\u0131m. Y\u00fcr\u00fctmenin ba\u015f\u0131 olarak da \u015fu anda bu konuda at\u0131lmas\u0131 gereken ad\u0131mlar\u0131 atmak durumunday\u0131m&#8221; dedi. <!--more--><\/p>\n<p style=\"text-align: justify;\">Ba\u015fbakan Erdo\u011fan, TBMM&#8217;den ayr\u0131l\u0131rken gazetecilerin sorular\u0131n\u0131 yan\u0131tlad\u0131.<\/p>\n<p style=\"text-align: justify;\">Erdo\u011fan, MHP Genel Ba\u015fkan\u0131 Devlet Bah\u00e7eli ile CHP Genel Ba\u015fkan\u0131 Kemal K\u0131l\u0131\u00e7daro\u011flu&#8217;nun Ba\u015fbakanla g\u00f6r\u00fc\u015fmeyle ilgili yapt\u0131\u011f\u0131 a\u00e7\u0131klamalar\u0131n hat\u0131rlat\u0131lmas\u0131 \u00fczerine \u015fu de\u011ferlendirmeyi yapt\u0131:<\/p>\n<p style=\"text-align: justify;\">&#8220;\u015eimdi tabi herkes kendine g\u00f6re de\u011ferlendirmesini yapar. O ayr\u0131 mesele. Ben \u00f6nce d\u00fc\u015f\u00fcnd\u00fc\u011f\u00fcm\u00fc uygulama safhas\u0131na belgelerle koyar\u0131m. Ben \u015fu anda Cumhurba\u015fkanl\u0131\u011f\u0131 makam\u0131nda oldu\u011fumu s\u00f6ylemedim ama ben Ba\u015fbakan\u0131m ve \u015fu anda y\u00fcr\u00fctmenin ba\u015f\u0131y\u0131m. Y\u00fcr\u00fctmenin ba\u015f\u0131 olarak da \u015fu anda bu konuda at\u0131lmas\u0131 gereken ad\u0131mlar\u0131 atmak durumunday\u0131m. Ve bug\u00fcne kadar att\u0131\u011f\u0131m gibi yine atar\u0131m. Alaca\u011f\u0131m cevaplara g\u00f6re de de\u011ferlendirmemi yapar\u0131m.&#8221;<\/p>\n<p style=\"text-align: justify;\">Ba\u015fbakan Erdo\u011fan, bu randevu taleplerinin ne zaman yap\u0131laca\u011f\u0131 ili\u015fkin soruya da &#8220;Herhalde \u00f6n\u00fcm\u00fczdeki hafta yap\u0131labilir&#8221; dedi.<\/p>\n<p style=\"text-align: justify;\">Ba\u015fbakan Erdo\u011fan, &#8220;g\u00f6r\u00fc\u015fmelerin Parlamento i\u00e7i partilerle mi yap\u0131laca\u011f\u0131?&#8221; sorusu \u00fczerine de &#8220;Fark etmez. Hepsine birden g\u00f6ndeririz&#8221; diye konu\u015ftu.<\/p>\n<p style=\"text-align: justify;\"><strong>K\u0131l\u0131\u00e7daro\u011flu ne dedi? <\/strong><\/p>\n<p style=\"text-align: justify;\">Ba\u015fbakan Recep Tayyip Erdo\u011fan&#8217;\u0131n davet s\u00f6z\u00fcne CHP Genel Ba\u015fkan\u0131 Kemal K\u0131l\u0131\u00e7daro\u011flu&#8217;ndan yan\u0131t geldi: &#8220;Ba\u015fbakan kendini Cumhurba\u015fkan\u0131 m\u0131 san\u0131yor?&#8221;<\/p>\n<p style=\"text-align: justify;\"><span style=\"color: #888888;\">CNN T\u00dcRK<\/span><\/p>\n","protected":false},"excerpt":{"rendered":"<\/p>\n<p style=\"text-align: justify;\">Ba\u015fbakan Recep Tayyip Erdo\u011fan, CHP lideri Kemal K\u0131l\u0131\u00e7daro\u011flu ile MHP lideri Devlet Bah\u00e7eli&#8217;nin, ter\u00f6rle m\u00fccadele konusunda g\u00f6r\u00fc\u015fme yap\u0131labilece\u011fine ili\u015fkin a\u00e7\u0131klamalar\u0131na verdi\u011fi yan\u0131t\u0131 de\u011ferlendirirken, &#8220;Ben \u015fu anda Cumhurba\u015fkanl\u0131\u011f\u0131 makam\u0131nda oldu\u011fumu s\u00f6ylemedim ama ben Ba\u015fbakan\u0131m ve \u015fu anda y\u00fcr\u00fctmenin ba\u015f\u0131y\u0131m. Y\u00fcr\u00fctmenin ba\u015f\u0131 olarak da \u015fu anda bu konuda at\u0131lmas\u0131 gereken ad\u0131mlar\u0131 atmak durumunday\u0131m&#8221; dedi. <\/p>\n","protected":false},"author":1,"featured_media":0,"comment_status":"open","ping_status":"closed","sticky":false,"template":"","format":"standard","meta":{"footnotes":""},"categories":[105],"tags":[],"class_list":["post-24015","post","type-post","status-publish","format-standard","hentry","category-gundem","odd"],"_links":{"self":[{"href":"http:\/\/www.korhanyilmaz.com\/index.php?rest_route=\/wp\/v2\/posts\/24015","targetHints":{"allow":["GET"]}}],"collection":[{"href":"http:\/\/www.korhanyilmaz.com\/index.php?rest_route=\/wp\/v2\/posts"}],"about":[{"href":"http:\/\/www.korhanyilmaz.com\/index.php?rest_route=\/wp\/v2\/types\/post"}],"author":[{"embeddable":true,"href":"http:\/\/www.korhanyilmaz.com\/index.php?rest_route=\/wp\/v2\/users\/1"}],"replies":[{"embeddable":true,"href":"http:\/\/www.korhanyilmaz.com\/index.php?rest_route=%2Fwp%2Fv2%2Fcomments&post=24015"}],"version-history":[{"count":0,"href":"http:\/\/www.korhanyilmaz.com\/index.php?rest_route=\/wp\/v2\/posts\/24015\/revisions"}],"wp:attachment":[{"href":"http:\/\/www.korhanyilmaz.com\/index.php?rest_route=%2Fwp%2Fv2%2Fmedia&parent=24015"}],"wp:term":[{"taxonomy":"category","embeddable":true,"href":"http:\/\/www.korhanyilmaz.com\/index.php?rest_route=%2Fwp%2Fv2%2Fcategories&post=24015"},{"taxonomy":"post_tag","embeddable":true,"href":"http:\/\/www.korhanyilmaz.com\/index.php?rest_route=%2Fwp%2Fv2%2Ftags&post=24015"}],"curies":[{"name":"wp","href":"https:\/\/api.w.org\/{rel}","templated":true}]}}