{"id":24011,"date":"2010-06-29T15:03:46","date_gmt":"2010-06-29T15:03:46","guid":{"rendered":"http:\/\/www.korhanyilmaz.com\/?p=24011"},"modified":"2010-06-29T15:03:46","modified_gmt":"2010-06-29T15:03:46","slug":"basbakan-kendini-cumhurbaskani-mi-saniyor","status":"publish","type":"post","link":"http:\/\/www.korhanyilmaz.com\/?p=24011","title":{"rendered":"&#8220;Ba\u015fbakan kendini Cumhurba\u015fkan\u0131 m\u0131 san\u0131yor?&#8221;"},"content":{"rendered":"<p><a href=\"http:\/\/www.korhanyilmaz.com\/wp-content\/uploads\/2010\/06\/177.jpg\"  class=\"lightview\"><img loading=\"lazy\" decoding=\"async\" class=\"aligncenter size-full wp-image-24012\" src=\"http:\/\/www.korhanyilmaz.com\/wp-content\/uploads\/2010\/06\/177.jpg\" alt=\"\" width=\"292\" height=\"189\" \/><\/a><\/p>\n<p style=\"text-align: justify;\">Ba\u015fbakan Recep Tayyip Erdo\u011fan&#8217;\u0131n davet s\u00f6z\u00fcne CHP Genel Ba\u015fkan\u0131 Kemal K\u0131l\u0131\u00e7daro\u011flu&#8217;ndan yan\u0131t geldi: &#8220;Ba\u015fbakan kendini Cumhurba\u015fkan\u0131 m\u0131 san\u0131yor?&#8221; K\u0131l\u0131\u00e7daro\u011flu, Ba\u015fbakan Recep Tayyip Erdo\u011fan&#8217;\u0131n muhalefet parti liderlerine g\u00f6r\u00fc\u015fme i\u00e7in toplu davet yapmas\u0131 durumunda kat\u0131lmayaca\u011f\u0131n\u0131 bildirdi. <!--more--><\/p>\n<p style=\"text-align: justify;\">CHP Genel Ba\u015fkan\u0131 Kemal K\u0131l\u0131\u00e7daro\u011flu, Ba\u015fbakan Recep Tayyip Erdo\u011fan&#8217;\u0131n kendisini ziyaret etmesini bekledi\u011fini s\u00f6yledi.<\/p>\n<p style=\"text-align: justify;\">Partisinin grup toplant\u0131s\u0131ndan sonra, bir gazetecinin, &#8220;Say\u0131n Ba\u015fbakan g\u00f6r\u00fc\u015fme i\u00e7in liderleri toplu olarak davet edece\u011fini&#8221; s\u00f6yledi s\u00f6zleri \u00fczerine, &#8220;Say\u0131n Ba\u015fbakan kendisini Cumhurba\u015fkan\u0131 koltu\u011funda m\u0131 san\u0131yor bilmiyorum ama biz say\u0131n Ba\u015fbakan\u0131 ziyaret etmesi i\u00e7in bekleriz&#8221; dedi.<\/p>\n<p style=\"text-align: justify;\">Ayn\u0131 gazetecinin &#8220;Yani siz mi bekliyorsunuz&#8221; s\u00f6zlerine de K\u0131l\u0131\u00e7daro\u011flu, &#8220;S\u00f6yledim&#8221; kar\u015f\u0131l\u0131\u011f\u0131n\u0131 verdi.<\/p>\n<p style=\"text-align: justify;\">Gazetecilerin sorular\u0131n\u0131 yan\u0131tlayan K\u0131l\u0131\u00e7daro\u011flu, konuya ili\u015fkin soru \u00fczerine, \u015funlar\u0131 s\u00f6yledi: &#8220;Cumhuriyetin kurulu\u015fundan bu yana Ba\u015fbakanlar muhalefet partilerini ziyaret ederler. Yapt\u0131klar\u0131n\u0131 veya d\u00fc\u015f\u00fcnd\u00fcklerini aktar\u0131rlar. O \u00e7er\u00e7evede ya g\u00f6r\u00fc\u015flerini al\u0131rlar veya desteklerini isterler ya da sadece durumu aktar\u0131rlar. Say\u0131n Ba\u015fbakan bir ziyaret yapacaksa bizim a\u00e7\u0131m\u0131zdan herhangi bir sorun yok. Ama Ba\u015fbakanlar\u0131n liderleri daveti gibi bir gelenek yok \u00fclkemizde. Daveti Say\u0131n Cumhurba\u015fkan\u0131 yapar. Say\u0131n Cumhurba\u015fkan\u0131 daveti tek tek yapaca\u011f\u0131 gibi iktidar dahil b\u00fct\u00fcn partilerin liderlerini davet edebilir.&#8221;<\/p>\n<p style=\"text-align: justify;\">&#8220;Say\u0131n Ba\u015fbakan davetini gelecek hafta i\u00e7in yapaca\u011f\u0131n\u0131 s\u00f6yledi. Gelecek hafta toplu bir davet olursa bu sizin liderler zirvesine kat\u0131lmayaca\u011f\u0131n\u0131z anlam\u0131na m\u0131 gelir?&#8221; sorusuna kar\u015f\u0131l\u0131k da K\u0131l\u0131\u00e7daro\u011flu, &#8220;Ku\u015fkusuz evet. A\u00e7\u0131klama \u00e7ok net&#8221; diye konu\u015ftu.<\/p>\n<p style=\"text-align: justify;\">AK Parti&#8217;nin y\u00f6netim anlay\u0131\u015f\u0131n\u0131n t\u00fcm kesimleri sorunlarla kar\u015f\u0131 kar\u015f\u0131ya b\u0131rakt\u0131\u011f\u0131n\u0131 ve art\u0131k de\u011fi\u015ftirilmesi gerekti\u011fini ifade eden K\u0131l\u0131\u00e7daro\u011flu, T\u00fcrkiye&#8217;yi gezdiklerini ve CHP&#8217;nin sorunlara ili\u015fkin \u00e7\u00f6z\u00fcm \u00f6nerilerini ortaya koyduklar\u0131n\u0131 anlatt\u0131.<\/p>\n<p style=\"text-align: justify;\">K\u0131l\u0131\u00e7daro\u011flu, &#8220;Bizim g\u00f6rd\u00fc\u011f\u00fcm\u00fcz \u015fu; halk\u0131n g\u00fcndemiyle AKP&#8217;nin yaratt\u0131\u011f\u0131 sanal g\u00fcndem aras\u0131nda da\u011flar kadar fark var. Ama biz kararl\u0131l\u0131kla ve \u0131srarla halk\u0131n g\u00fcndemini yakalamaya, halk\u0131n ya\u015fad\u0131\u011f\u0131 sorunlar\u0131 \u00e7\u00f6zmeye ve \u00e7\u00f6z\u00fcm \u00f6nerilerini anlatmaya talibiz. Biz sanal g\u00fcndem yaratarak toplumu i\u00e7inde bulundu\u011fu sorunlardan \u00e7ekip, sorunlar\u0131 dile getirmesini engelleyen bir siyasal anlay\u0131\u015ftan yana de\u011filiz. AKP bunu \u0131srarla yap\u0131yor, bilin\u00e7li olarak yap\u0131yor. Ama hi\u00e7 meraklanmay\u0131n, biz CHP olarak hem sorunlar\u0131 hem de nas\u0131l \u00e7\u00f6z\u00fclece\u011fini \u00e7ok iyi biliyoruz&#8221; dedi.<\/p>\n<p style=\"text-align: justify;\">&#8220;AKP, \u00e7\u00f6z\u00fcm \u00fcreten bir parti olma kimli\u011finden s\u00fcratle uzakla\u015fm\u0131\u015f, sorun yaratan bir parti kimli\u011fine ula\u015fm\u0131\u015ft\u0131r&#8221; diyen K\u0131l\u0131\u00e7daro\u011flu, &#8220;AKP sorun yarat\u0131yor, yaratt\u0131\u011f\u0131 sorunlar\u0131n alt\u0131nda eziliyor. Zemin kayd\u0131k\u00e7a da bask\u0131 arac\u0131 olarak yasalar\u0131 kullanmaya ba\u015fl\u0131yor. \u0130nsanlar\u0131n sorunlar\u0131n\u0131 dile getirmesine ortam haz\u0131rlamaktan \u00f6zenle ka\u00e7\u0131n\u0131yor. Bu konudaki bask\u0131lar\u0131n\u0131 s\u00fcratle s\u00fcrd\u00fcr\u00fcyor. AKP, bunu yaln\u0131zca i\u00e7 politikada yapm\u0131yor, d\u0131\u015f politikada da benzer bir tablo var. D\u0131\u015f politikada da T\u00fcrkiye&#8217;yi g\u00fcven veren, sa\u011fl\u0131kl\u0131 politika \u00fcreten, \u00f6z\u00fc s\u00f6z\u00fc bir \u00fclke konumundan \u00e7\u0131karm\u0131\u015f durumda. Tam tersine T\u00fcrkiye&#8217;yi d\u0131\u015f politikada kullan\u0131lan \u00fclke konumuna getirmi\u015f durumda. Bunu \u015fiddetle reddediyoruz ve AKP&#8217;yi T\u00fcrkiye&#8217;yi kullan\u0131lan \u00fclke imaj\u0131n\u0131 yaratt\u0131\u011f\u0131 i\u00e7in de k\u0131n\u0131yoruz&#8221; dedi.<\/p>\n<p style=\"text-align: justify;\">Ter\u00f6r\u00fcn y\u0131llard\u0131r T\u00fcrkiye&#8217;nin \u00e7ok ciddi bir sorunu oldu\u011funu belirten K\u0131l\u0131\u00e7daro\u011flu, bu konuda Diyarbak\u0131r&#8217;da sivil toplum \u00f6rg\u00fctlerinin de\u011fi\u015fik zamanlarda a\u00e7\u0131klamalar yapt\u0131klar\u0131n\u0131 hat\u0131rlatt\u0131. K\u0131l\u0131\u00e7daro\u011flu, &#8220;Baz\u0131 a\u00e7\u0131klamalar\u0131n i\u00e7eri\u011fine t\u00fcm\u00fcyle kat\u0131lmasak bile en az\u0131ndan ter\u00f6r\u00fcn sonlanmas\u0131 a\u00e7\u0131s\u0131ndan sivil toplum \u00f6rg\u00fctlerinin inisiyatif \u00fcstlenerek, PKK ter\u00f6r \u00f6rg\u00fct\u00fcne silahlar\u0131n b\u0131rak\u0131lmas\u0131 y\u00f6n\u00fcnde yapt\u0131\u011f\u0131 \u00e7a\u011fr\u0131ya kat\u0131l\u0131yoruz. Ter\u00f6r \u00f6rg\u00fct\u00fcn\u00fcn ko\u015fulsuz silah b\u0131rakmas\u0131 laz\u0131m. Silahlar\u0131n oldu\u011fu yerde sorunlar\u0131n \u00e7\u00f6z\u00fclmeyece\u011fi a\u00e7\u0131kt\u0131r&#8221; diye konu\u015ftu.<\/p>\n<p style=\"text-align: justify;\"><strong>&#8220;AK Parti \u00fcreten kesimleri sevmiyor&#8221; <\/strong><\/p>\n<p style=\"text-align: justify;\">K\u0131l\u0131\u00e7daro\u011flu, yar\u0131n\u0131n 30 Haziran Emekliler G\u00fcn\u00fc oldu\u011funu hat\u0131rlatarak, bu kesimin emeklerinin kar\u015f\u0131l\u0131\u011f\u0131n\u0131 yeterince alamad\u0131\u011f\u0131n\u0131 s\u00f6yledi. CHP iktidar\u0131nda emeklilerin mutlaka ikinci s\u0131n\u0131f yurtta\u015f konumundan \u00e7\u0131kar\u0131laca\u011f\u0131n\u0131 kaydeden K\u0131l\u0131\u00e7daro\u011flu, \u0130ntibak Yasas\u0131n\u0131n hayata ge\u00e7irilece\u011fini, emeklilerin milli gelir art\u0131\u015f\u0131ndan pay alaca\u011f\u0131n\u0131 ve emeklili\u011fin ard\u0131ndan \u00e7al\u0131\u015fanlar\u0131n \u00f6dedi\u011fi Sosyal G\u00fcvenlik Destek Priminin de kald\u0131r\u0131laca\u011f\u0131n\u0131 bildirdi.<\/p>\n<p style=\"text-align: justify;\">AK Parti iktidar\u0131n\u0131n \u00fcreten, \u00e7al\u0131\u015fan hi\u00e7bir kesimi sevmedi\u011fini iddia eden K\u0131l\u0131\u00e7daro\u011flu, &#8220;Onun sevdi\u011fi alanlar farkl\u0131. Rant\u00e7\u0131lar, k\u00f6\u015fe d\u00f6nmeciler, talanc\u0131lar, ya\u011fmac\u0131lar onun ilgi alan\u0131. Onun i\u00e7in emekli karde\u015flerimden bir \u015fey istiyorum; yak\u0131nda sand\u0131k \u00f6nlerine gelecek Adalet ve Kalk\u0131nma Partisi&#8217;ni malulen emekli etme g\u00f6revi de emeklilerimize d\u00fc\u015fecek&#8221; dedi.<\/p>\n<p style=\"text-align: justify;\">T\u00fcrkiye&#8217;nin ciddi sorunlar\u0131ndan birinin de yoksulluk oldu\u011funu belirten K\u0131l\u0131\u00e7daro\u011flu, bu dram\u0131 en ac\u0131mas\u0131zca kad\u0131nlar\u0131n ya\u015fad\u0131\u011f\u0131n\u0131 s\u00f6yledi. K\u0131l\u0131\u00e7daro\u011flu, 15 milyon insan\u0131n\u0131n yoksulluk s\u0131n\u0131r\u0131n\u0131n alt\u0131nda oldu\u011funu bildirdi.<\/p>\n<p style=\"text-align: justify;\">Anayasas\u0131nda &#8220;sosyal devlet&#8221; yazan bir \u00fclkede 15 milyon yoksul insan olmas\u0131n\u0131n, sosyal devletin yaln\u0131zca Anayasada yaz\u0131l\u0131 kald\u0131\u011f\u0131 ve hayata ge\u00e7irilemedi\u011fi anlam\u0131na geldi\u011fini \u00f6ne s\u00fcren K\u0131l\u0131\u00e7daro\u011flu, yoksullu\u011fun derinle\u015fmesinin sebebini, AK Parti&#8217;nin izledi\u011fi yanl\u0131\u015f ekonomi politikalas\u0131na ba\u011flad\u0131.<\/p>\n<p style=\"text-align: justify;\">Yoksullu\u011fun siyasi s\u00f6m\u00fcr\u00fc alan\u0131 haline getirilmesinin, inan\u00e7lara ve sosyal devlet ilkesine ayk\u0131r\u0131 insanl\u0131k su\u00e7u oldu\u011funu s\u00f6yleyen K\u0131l\u0131\u00e7daro\u011flu, AK Parti&#8217;nin yoksullu\u011fun artmas\u0131ndan yana oldu\u011funu ve buna hizmet eden politikalar izledi\u011fini de iddia etti.<\/p>\n<p style=\"text-align: justify;\"><span style=\"color: #888888;\">CNN T\u00dcRK<\/span><\/p>\n","protected":false},"excerpt":{"rendered":"<\/p>\n<p style=\"text-align: justify;\">Ba\u015fbakan Recep Tayyip Erdo\u011fan&#8217;\u0131n davet s\u00f6z\u00fcne CHP Genel Ba\u015fkan\u0131 Kemal K\u0131l\u0131\u00e7daro\u011flu&#8217;ndan yan\u0131t geldi: &#8220;Ba\u015fbakan kendini Cumhurba\u015fkan\u0131 m\u0131 san\u0131yor?&#8221; K\u0131l\u0131\u00e7daro\u011flu, Ba\u015fbakan Recep Tayyip Erdo\u011fan&#8217;\u0131n muhalefet parti liderlerine g\u00f6r\u00fc\u015fme i\u00e7in toplu davet yapmas\u0131 durumunda kat\u0131lmayaca\u011f\u0131n\u0131 bildirdi. <\/p>\n","protected":false},"author":1,"featured_media":0,"comment_status":"open","ping_status":"closed","sticky":false,"template":"","format":"standard","meta":{"footnotes":""},"categories":[105],"tags":[],"class_list":["post-24011","post","type-post","status-publish","format-standard","hentry","category-gundem","odd"],"_links":{"self":[{"href":"http:\/\/www.korhanyilmaz.com\/index.php?rest_route=\/wp\/v2\/posts\/24011","targetHints":{"allow":["GET"]}}],"collection":[{"href":"http:\/\/www.korhanyilmaz.com\/index.php?rest_route=\/wp\/v2\/posts"}],"about":[{"href":"http:\/\/www.korhanyilmaz.com\/index.php?rest_route=\/wp\/v2\/types\/post"}],"author":[{"embeddable":true,"href":"http:\/\/www.korhanyilmaz.com\/index.php?rest_route=\/wp\/v2\/users\/1"}],"replies":[{"embeddable":true,"href":"http:\/\/www.korhanyilmaz.com\/index.php?rest_route=%2Fwp%2Fv2%2Fcomments&post=24011"}],"version-history":[{"count":0,"href":"http:\/\/www.korhanyilmaz.com\/index.php?rest_route=\/wp\/v2\/posts\/24011\/revisions"}],"wp:attachment":[{"href":"http:\/\/www.korhanyilmaz.com\/index.php?rest_route=%2Fwp%2Fv2%2Fmedia&parent=24011"}],"wp:term":[{"taxonomy":"category","embeddable":true,"href":"http:\/\/www.korhanyilmaz.com\/index.php?rest_route=%2Fwp%2Fv2%2Fcategories&post=24011"},{"taxonomy":"post_tag","embeddable":true,"href":"http:\/\/www.korhanyilmaz.com\/index.php?rest_route=%2Fwp%2Fv2%2Ftags&post=24011"}],"curies":[{"name":"wp","href":"https:\/\/api.w.org\/{rel}","templated":true}]}}