{"id":24008,"date":"2010-06-29T14:55:14","date_gmt":"2010-06-29T14:55:14","guid":{"rendered":"http:\/\/www.korhanyilmaz.com\/?p=24008"},"modified":"2010-06-29T14:55:14","modified_gmt":"2010-06-29T14:55:14","slug":"erdogan-kim-gelecek-gorecegiz","status":"publish","type":"post","link":"http:\/\/www.korhanyilmaz.com\/?p=24008","title":{"rendered":"Erdo\u011fan: &#8220;Kim gelecek g\u00f6rece\u011fiz&#8230;&#8221;"},"content":{"rendered":"<p style=\"text-align: center;\"><a href=\"http:\/\/www.korhanyilmaz.com\/wp-content\/uploads\/2010\/06\/176.jpg\"  class=\"lightview\"><img loading=\"lazy\" decoding=\"async\" class=\"aligncenter size-full wp-image-24009\" src=\"http:\/\/www.korhanyilmaz.com\/wp-content\/uploads\/2010\/06\/176.jpg\" alt=\"\" width=\"307\" height=\"236\" \/><\/a><\/p>\n<p style=\"text-align: justify;\">Ba\u015fbakan Recep Tayyip Erdo\u011fan, muhalefet liderleriyle g\u00f6r\u00fc\u015fme yapma konusunda, &#8220;G\u00f6r\u00fc\u015fmek isteyene kap\u0131m\u0131z a\u00e7\u0131k, \u00f6nyarg\u0131m\u0131z yok. Ba\u015fbakan s\u0131fat\u0131 ile davetimi yapaca\u011f\u0131m. Bakal\u0131m kimler gelecek?&#8221; dedi.<\/p>\n<p style=\"text-align: justify;\">Ba\u015fbakan Erdo\u011fan, AK Parti grubunda konu\u015ftu. <!--more--><\/p>\n<p style=\"text-align: justify;\">Erdo\u011fan, muhalefet partilerine en k\u0131sa zamanda Ba\u015fbakan s\u0131fat\u0131yla davette bulunaca\u011f\u0131n\u0131 bildirerek, &#8220;Bakal\u0131m kimler gelecek? Gelenlerle de bu konular\u0131 g\u00f6r\u00fc\u015felim. Ne gibi katk\u0131lar\u0131 olur, kat\u0131l\u0131mlar\u0131 olur bunlar\u0131 bizzat dinlemek isterim&#8221; dedi.<\/p>\n<p style=\"text-align: justify;\">&#8220;Yeter ki bir kolektif ak\u0131l olu\u015fsun, bir s\u00f6ylem birli\u011fi olu\u015fsun ve bu sorunlar\u0131n \u00fczerine hep birlikte gidelim&#8221; diyen Erdo\u011fan, &#8220;Parlamento i\u00e7i parlamento d\u0131\u015f\u0131 hepsini davet edece\u011fim. Benim i\u00e7in bunlar anormal \u015feyler de\u011fil. D\u00fcn de s\u00f6yledim; asla bir \u00f6n kabul\u00fcm, asla bir \u00f6n yarg\u0131m yok. Yeter ki otural\u0131m, konu\u015fal\u0131m ve birlikte \u00e7\u00f6z\u00fcm arayal\u0131m&#8221; dedi.<\/p>\n<p style=\"text-align: justify;\">Erdo\u011fan, &#8220;Bir y\u0131ld\u0131r Milli Birlik ve Karde\u015flik Projesiyle ilgili olarak son derece \u00e7irkin, nezaketsiz, seviyesiz ele\u015ftiriler geliyor. Kimse i\u015fin \u00f6z\u00fcne girmiyor. Kimse alternatif getirmiyor. Ama toplumun \u00e7e\u015fitli kesimlerini tahrik etmek i\u00e7in son derece sorumsuz bir tav\u0131r sergileniyor. Buna ra\u011fmen t\u00fcm tahriklere t\u00fcm provokasyonlara, en a\u011f\u0131r itham ve iftiralara ra\u011fmen biz kap\u0131m\u0131z\u0131 hi\u00e7bir zaman kapatmad\u0131k. \u0130\u00e7imize de kapanmad\u0131k. Son bir y\u0131ld\u0131r bu konudaki kimin samimi oldu\u011fu, kimin de \u00e7\u00f6z\u00fcm\u00fcn kar\u015f\u0131s\u0131nda durdu\u011funu aziz milletimiz tek tek g\u00f6rd\u00fc. Bizim bug\u00fcn de hi\u00e7bir \u00e7ekincemiz, hi\u00e7bir kompleksimiz yoktur. E\u011fer bu konuda bizimle g\u00f6r\u00fc\u015fmek isteyenler olursa illa bu siyasi parti liderleri olmayabilir. Akademisyenler, medya, sivil toplum \u00f6rg\u00fctleri hatta birey olabilir. B\u00f6lgenin insanlar\u0131 olabilir. Biz bunlar\u0131 t\u00fcm yetkili birimlerimizle dinleriz, dinlemeye haz\u0131r\u0131z. Bizimle g\u00f6r\u00fc\u015fmek isteyen, bu s\u00fcrece katk\u0131 sa\u011flamak isteyenler varsa her zaman oldu\u011fu gibi bug\u00fcn de partimizin de Ba\u015fbakanl\u0131\u011f\u0131n da dinlemeye haz\u0131r oldu\u011funu ifade ediyorum&#8221; dedi.<\/p>\n<p style=\"text-align: justify;\">Erdo\u011fan, &#8220;T\u00fcrkiye, art\u0131k eski T\u00fcrkiye de\u011fil. Muhalefet eski s\u00f6ylemlerle geli\u015fmelere ayak direyebilir. Medya kendi hesab\u0131na g\u00f6re hareket edebilir. Birileri istismar kanallar\u0131 kurumas\u0131n diye \u00e7aba g\u00f6sterebilir. Milletimiz, e\u015fsiz basiretiyle her \u015feyi g\u00f6r\u00fcyor, biliyor. T\u00fcrkiye bug\u00fcn hep birlikte Ola\u011fan\u00fcst\u00fc Hal uygulamas\u0131na kar\u015f\u0131 \u00e7\u0131k\u0131yor. Bu az \u015fey midir? T\u00fcrkiye bug\u00fcn, kan\u0131n durmas\u0131 g\u00f6zya\u015f\u0131n\u0131n dinmesi i\u00e7in sesini y\u00fckseltiyor. Bu az \u015fey midir? T\u00fcrkiye, tek y\u00fcrek halinde ter\u00f6r\u00fcn kar\u015f\u0131s\u0131na dikiliyor. Benim bat\u0131daki karde\u015fim do\u011fudakini, do\u011fudaki bat\u0131dakini anlamak i\u00e7in daha yo\u011fun \u00e7aba sarf ediyor. Bu az \u015fey mi? Bize &#8216;Ola\u011fan\u00fcst\u00fc Hal Kalks\u0131n, yeter&#8217; diyenlere cevap veriyorum; Ola\u011fan\u00fcst\u00fc Hal&#8217;i AK Parti iktidar\u0131 kald\u0131rmad\u0131 m\u0131? S\u00f6yleyin bakal\u0131m. \u00c7eki\u00e7 g\u00fcc\u00fc v.s kim \u00e7\u0131kard\u0131 bu topraklardan? Bu \u00fclkede y\u0131llarca bunlar giderken \u00c7eki\u00e7 g\u00fcc\u00fcyle \u015fusuyla busuyla bunlar giderken &#8216;AK parti iktidar\u0131 bunlar\u0131 yapt\u0131 te\u015fekk\u00fcr ediyoruz&#8217; dediler mi? Sadece mazide kald\u0131. G\u00f6revinizi yapt\u0131n\u0131z diyorlar. Tamam da bizden \u00f6nce gelenler niye yapmad\u0131 bu g\u00f6revi? Yap\u0131nca, g\u00f6revi yapt\u0131, yaparsan\u0131z her \u015fey bitti te\u015fekk\u00fcr ederim. Yapt\u0131k hadi bakal\u0131m&#8221; dedi.<\/p>\n<p style=\"text-align: justify;\"><strong>Ter\u00f6rle m\u00fccadele <\/strong><\/p>\n<p style=\"text-align: justify;\">Erdo\u011fan, &#8220;Ter\u00f6rle m\u00fccadele milli bir meseledir. Ter\u00f6rle m\u00fccadelede yegane sorumluluk h\u00fck\u00fcmete ait de\u011fildir, yegane sorumluluk g\u00fcvenlik g\u00fc\u00e7lerinde de de\u011fil, en az onlar kadar muhalefetin Meclis i\u00e7inde veya d\u0131\u015f\u0131nda t\u00fcm siyasi partilerin, sivil toplum \u00f6rg\u00fctlerin, kanaat \u00f6nderlerinin, medyan\u0131n bu alanda sorumlulu\u011fu var. Son 26 y\u0131ld\u0131r T\u00fcrkiye bu sorunla m\u00fccadele ediyor. 26 y\u0131ld\u0131r her h\u00fck\u00fcmet bu soruna muhatap oluyor, \u00e7\u00f6z\u00fcm i\u00e7in \u00e7aba harcad\u0131, ancak k\u00f6kl\u00fc ve cesur tedbirler al\u0131namad\u0131\u011f\u0131 i\u00e7in ter\u00f6r bitirilemedi, kontrol alt\u0131na al\u0131namad\u0131&#8221; dedi.<\/p>\n<p style=\"text-align: justify;\">&#8220;Son ter\u00f6r sald\u0131r\u0131lar\u0131yla birlikte herkesin \u015funu g\u00f6rmesi laz\u0131m. Ter\u00f6r sald\u0131r\u0131lar\u0131n\u0131, ter\u00f6r \u00f6rg\u00fct\u00fcn\u00fcn faaliyetlerini, h\u00fck\u00fcmeti ya da kurumlar\u0131 y\u0131pratmak i\u00e7in bir f\u0131rsat olarak g\u00f6rmek, ter\u00f6rle m\u00fccadele azmine vurulacak en a\u011f\u0131r darbedir&#8221; diyen Erdo\u011fan, &#8220;Daha \u015eemdinli&#8217;de \u015fehit olan 11 Mehmet\u00e7i\u011fimiz topra\u011fa verilmeden, ac\u0131lar\u0131 \u00e7ok s\u0131cakken, ne yaz\u0131k ki Ankara&#8217;dan milletin hissiyat\u0131yla \u00f6rt\u00fc\u015fmeyen a\u00e7\u0131klamalar yap\u0131lmaya ba\u015fland\u0131. Hi\u00e7 yeri ve zaman\u0131 de\u011filken erken se\u00e7im \u00e7a\u011fr\u0131lar\u0131n\u0131n yap\u0131lmas\u0131, ola\u011fan\u00fcst\u00fc hal ilan\u0131n\u0131n istenmesi, ya\u015fanan sald\u0131r\u0131lardan dolay\u0131 h\u00fck\u00fcmetin, kurumlar\u0131n, milli birlik ve karde\u015flik s\u00fcrecinin su\u00e7lanmas\u0131 en hafif ifadesiyle f\u0131rsat\u00e7\u0131l\u0131kt\u0131r&#8221; dedi.<\/p>\n<p style=\"text-align: justify;\">Erdo\u011fan, &#8220;B\u00f6yle zamanlarda dosta d\u00fc\u015fmana kar\u015f\u0131 birlik ve b\u00fct\u00fcnl\u00fck ruhu daha da y\u00fcceltilmesi gerekirken, tam tersine, &#8216;buradan nas\u0131l bir siyasi fayda elde edebilirim, buradan kendi partime, kendi siyasi g\u00f6r\u00fc\u015f\u00fcme nas\u0131l bir \u00e7\u0131kar sa\u011flar\u0131m&#8217; m\u00fccadelesi ba\u015flat\u0131ld\u0131&#8221; diye konu\u015ftu.<\/p>\n<p style=\"text-align: justify;\"><strong>&#8220;DTP&#8217;yi AK Parti mi kapatt\u0131?&#8221; <\/strong><\/p>\n<p style=\"text-align: justify;\">Erdo\u011fan, partilerin kapat\u0131lmas\u0131n\u0131 zorla\u015ft\u0131rmak i\u00e7in Anayasa de\u011fi\u015fikli\u011fini g\u00fcndeme getirdiklerini, ancak muhalefetin buna kar\u015f\u0131 \u00e7\u0131kt\u0131\u011f\u0131n\u0131 belirterek, &#8220;DTP&#8217;yi AK Parti mi kapatt\u0131? Habur&#8217;dan gelenleri H\u00fck\u00fcmet mi tutuklad\u0131? KCK yarg\u0131lanmas\u0131n\u0131 H\u00fck\u00fcmet mi yapt\u0131? DTP, kendisini kapatt\u0131rmak i\u00e7in elinden ne geliyorsa bunlar\u0131 yapmad\u0131 m\u0131? yapt\u0131&#8221; dedi.<\/p>\n<p style=\"text-align: justify;\">Ta\u015feron tart\u0131\u015fmas\u0131na de\u011finen Erdo\u011fan, son d\u00f6nemde eylemleri artan ter\u00f6r \u00f6rg\u00fct\u00fcn\u00fc ta\u015feron olarak nitelendirmelerinden baz\u0131lar\u0131n\u0131n son derece rahats\u0131z oldu\u011funu kaydederek, &#8220;Demek ki ta\u015feron olarak kabul etmiyorlar, herhalde bildikleri bir \u015fey var. \u00c7ok ilgin\u00e7tir, bu ta\u015feron polemi\u011fi adeta ter\u00f6r \u00f6rg\u00fct\u00fcn\u00fc temize \u00e7\u0131karma noktas\u0131na kadar g\u00f6t\u00fcr\u00fcld\u00fc. Bu boyutta bir \u00f6rg\u00fct\u00fcn d\u0131\u015far\u0131dan finans yard\u0131m\u0131 almadan ayakta durabilmesi, silah temin edebilmesi m\u00fcmk\u00fcn de\u011fildir. Bizim ilgili kurumlar\u0131m\u0131z, istihbarat \u00f6rg\u00fctlerimiz, H\u00fck\u00fcmet olarak da biz, bu noktada gerekeni \u00e7ok yo\u011fun bir \u015fekilde yap\u0131yoruz. Ancak \u00f6rg\u00fct\u00fcn deste\u011finin sadece uluslararas\u0131 boyutta s\u0131n\u0131rl\u0131 kalmad\u0131\u011f\u0131n\u0131, bilerek ya da bilmeyerek, dolayl\u0131 ya da do\u011frudan i\u00e7eriden de destek ald\u0131\u011f\u0131n\u0131, hatta i\u00e7erideki kimi \u00f6rg\u00fctlerle, kimi \u00e7etelerle i\u015fbirli\u011fi i\u00e7inde oldu\u011funu baz\u0131 iddianameler, a\u00e7\u0131k\u00e7a ortaya koyuyorlar. Ergenekon iddianamesinde bunlar\u0131 g\u00f6r\u00fcyoruz&#8221; dedi.<\/p>\n<p style=\"text-align: justify;\">Erdo\u011fan, &#8220;Son haftalardaki ter\u00f6r sald\u0131r\u0131lar\u0131n\u0131n 7,5 y\u0131ld\u0131r yap\u0131ld\u0131\u011f\u0131 gibi, bug\u00fcn de H\u00fck\u00fcmeti y\u0131pratmak i\u00e7in bir f\u0131rsat olarak kullan\u0131lmas\u0131n\u0131, ter\u00f6r\u00fcn diliyle ortak bir dil kullan\u0131l\u0131yor olmas\u0131n\u0131 da dikkatlerinize sunmak istiyorum. AK Parti buralara \u00e7etelerin, hukuk d\u0131\u015f\u0131 \u00f6rg\u00fctlenmelerin kirli tezgahlar\u0131yla gelmedi, onlara ra\u011fmen geldi. AK Parti buralara man\u015fetlerle gelmedi, man\u015fetlere ra\u011fmen geldi. \u00c7\u00f6z\u00fcms\u00fczl\u00fck politikalar\u0131n\u0131, stat\u00fckoyu savunarak de\u011fil, onlara ra\u011fmen geldi. AK Parti milletten ald\u0131\u011f\u0131 g\u00fc\u00e7le, destekle, hay\u0131r dualar\u0131yla bu yola \u00e7\u0131kt\u0131, bu sorumlulu\u011fu \u00fcstlendi ve yoluna da milletle birlikte devam etti ve devam ediyor. \u00dclke i\u00e7inde ya da d\u0131\u015f\u0131nda en k\u00fc\u00e7\u00fck bir olumsuz meseleyi dahi AK Parti&#8217;ye sald\u0131r\u0131 f\u0131rsat\u0131 olarak kullananlar, bu noktada \u00fclkenin, milletin menfaatlerini dahi \u00e7i\u011fneyecek kadar sa\u011fduyular\u0131n\u0131 yitirenler bilsinler ki bu millet her \u015feyi \u00e7ok iyi g\u00f6r\u00fcyor, biliyor ve de\u011ferlendiriyor&#8221; dedi.<\/p>\n<p style=\"text-align: justify;\"><strong>&#8220;A\u00e7\u0131l\u0131m bir zihniyet devrimi&#8221; <\/strong><\/p>\n<p style=\"text-align: justify;\">Erdo\u011fan, &#8220;Demokratik a\u00e7\u0131l\u0131m, bir zihniyet devrimidir. Zihniyeti de\u011fi\u015ftirmeden uygulamay\u0131 d\u00fczeltemezsiniz. AK Parti iktidar\u0131, sorunu \u00fcreten zihniyeti de\u011fi\u015ftirmektedir. En \u00e7ok sesi \u00e7\u0131kanlar, s\u00fcreci b\u00fcy\u00fck bir tehlike gibi g\u00f6sterenler ne diyorlar? A\u00e7\u0131l\u0131m\u0131n i\u00e7i bo\u015f diyorlar. Peki a\u00e7\u0131l\u0131m\u0131n i\u00e7i bo\u015fsa ni\u00e7in bu kadar k\u0131yamet kopar\u0131yorsunuz? Sebebi basit. \u00c7\u00fcnk\u00fc stat\u00fckocu anlay\u0131\u015flar y\u0131k\u0131l\u0131yor, inkarc\u0131 zihniyet tarih oluyor, bask\u0131c\u0131 anlay\u0131\u015flar tarihe g\u00f6m\u00fcl\u00fcyor. A\u00e7\u0131l\u0131m s\u00fcrecinin y\u00f6netilmesiyle ilgili iyi niyetli ele\u015ftirileri elbette de\u011ferlendirmeye al\u0131yoruz. Ama \u015funu da unutmamak gerekiyor; s\u00fcre\u00e7 sadece H\u00fck\u00fcmetin iyi niyetiyle y\u00fcr\u00fcm\u00fcyor. S\u00fcrecin i\u00e7inde olanlar, sorunun par\u00e7as\u0131 olanlar k\u00f6t\u00fc niyetli olursa, geli\u015fmeleri sabote etmeye \u00e7al\u0131\u015f\u0131rsa, elbette s\u00fcre\u00e7 arzu edilen h\u0131zda ilerleyemez. Biz, her zaman sorunlar\u0131n \u00e7\u00f6z\u00fcm yeri olarak siyaset kurumunu, demokrasiyi g\u00f6rd\u00fck. A\u00e7\u0131l\u0131mda da siyasete ve demokrasiye g\u00fcvendik. Siyasetin \u00e7\u00f6z\u00fcm kapasitesi geli\u015fsin, siyasi kanallar a\u00e7\u0131ls\u0131n, demokratik s\u00fcre\u00e7ler g\u00fc\u00e7 kazans\u0131n istiyoruz. Ama s\u00fcre\u00e7 i\u00e7inde yasama ve y\u00fcr\u00fctmenin iradesi d\u0131\u015f\u0131nda bir \u00e7ok geli\u015fme ortaya \u00e7\u0131kt\u0131&#8221; dedi.<\/p>\n<p style=\"text-align: justify;\"><span style=\"color: #888888;\">CNN T\u00dcRK<\/span><\/p>\n","protected":false},"excerpt":{"rendered":"<p style=\"text-align: center;\">\n<p style=\"text-align: justify;\">Ba\u015fbakan Recep Tayyip Erdo\u011fan, muhalefet liderleriyle g\u00f6r\u00fc\u015fme yapma konusunda, &#8220;G\u00f6r\u00fc\u015fmek isteyene kap\u0131m\u0131z a\u00e7\u0131k, \u00f6nyarg\u0131m\u0131z yok. Ba\u015fbakan s\u0131fat\u0131 ile davetimi yapaca\u011f\u0131m. Bakal\u0131m kimler gelecek?&#8221; dedi.<\/p>\n<p style=\"text-align: justify;\">Ba\u015fbakan Erdo\u011fan, AK Parti grubunda konu\u015ftu. <\/p>\n","protected":false},"author":1,"featured_media":0,"comment_status":"open","ping_status":"closed","sticky":false,"template":"","format":"standard","meta":{"footnotes":""},"categories":[105],"tags":[],"class_list":["post-24008","post","type-post","status-publish","format-standard","hentry","category-gundem","odd"],"_links":{"self":[{"href":"http:\/\/www.korhanyilmaz.com\/index.php?rest_route=\/wp\/v2\/posts\/24008","targetHints":{"allow":["GET"]}}],"collection":[{"href":"http:\/\/www.korhanyilmaz.com\/index.php?rest_route=\/wp\/v2\/posts"}],"about":[{"href":"http:\/\/www.korhanyilmaz.com\/index.php?rest_route=\/wp\/v2\/types\/post"}],"author":[{"embeddable":true,"href":"http:\/\/www.korhanyilmaz.com\/index.php?rest_route=\/wp\/v2\/users\/1"}],"replies":[{"embeddable":true,"href":"http:\/\/www.korhanyilmaz.com\/index.php?rest_route=%2Fwp%2Fv2%2Fcomments&post=24008"}],"version-history":[{"count":0,"href":"http:\/\/www.korhanyilmaz.com\/index.php?rest_route=\/wp\/v2\/posts\/24008\/revisions"}],"wp:attachment":[{"href":"http:\/\/www.korhanyilmaz.com\/index.php?rest_route=%2Fwp%2Fv2%2Fmedia&parent=24008"}],"wp:term":[{"taxonomy":"category","embeddable":true,"href":"http:\/\/www.korhanyilmaz.com\/index.php?rest_route=%2Fwp%2Fv2%2Fcategories&post=24008"},{"taxonomy":"post_tag","embeddable":true,"href":"http:\/\/www.korhanyilmaz.com\/index.php?rest_route=%2Fwp%2Fv2%2Ftags&post=24008"}],"curies":[{"name":"wp","href":"https:\/\/api.w.org\/{rel}","templated":true}]}}