{"id":24005,"date":"2010-06-29T14:40:43","date_gmt":"2010-06-29T14:40:43","guid":{"rendered":"http:\/\/www.korhanyilmaz.com\/?p=24005"},"modified":"2010-06-29T14:40:43","modified_gmt":"2010-06-29T14:40:43","slug":"erdoganin-akrabasi-gezgin-mudur-vekili","status":"publish","type":"post","link":"http:\/\/www.korhanyilmaz.com\/?p=24005","title":{"rendered":"Erdo\u011fan&#8217;\u0131n akrabas\u0131 &#8220;gezgin&#8221; m\u00fcd\u00fcr vekili!"},"content":{"rendered":"<p style=\"text-align: center;\"><a href=\"http:\/\/www.korhanyilmaz.com\/wp-content\/uploads\/2010\/06\/175.jpg\"  class=\"lightview\"><img loading=\"lazy\" decoding=\"async\" class=\"aligncenter size-full wp-image-24006\" src=\"http:\/\/www.korhanyilmaz.com\/wp-content\/uploads\/2010\/06\/175.jpg\" alt=\"\" width=\"296\" height=\"228\" \/><\/a><\/p>\n<p style=\"text-align: justify;\">&#8220;4 y\u0131lda 160 \u00fclke gezdi&#8230;&#8221; \u0130ddia, \u0130stanbul Ey\u00fcp \u0130l\u00e7e Milli E\u011fitim M\u00fcd\u00fcr Vekili G\u00fcsamettin Erdo\u011fan ile ilgili. \u0130ddiay\u0131 g\u00fcndeme getiren ise CHP. Meclis&#8217;e verilen soru \u00f6nergesinde bu gezilerin masraflar\u0131 sorguland\u0131. CNN T\u00dcRK&#8217;e konu\u015fan G\u00fcsamettin Erdo\u011fan, iddialar\u0131 ne yalanlad\u0131 ne de do\u011frulad\u0131; Milli E\u011fitim Bakan\u0131l\u0131\u011f\u0131&#8217;na bilgi verdi\u011fini s\u00f6ylemekle yetindi.<!--more--><\/p>\n<p style=\"text-align: justify;\">\u0130ddialara g\u00f6re Ba\u015fbakan Recep Tayyip Erdo\u011fan&#8217;\u0131n akrabas\u0131 olan m\u00fcd\u00fcr vekili, bu gezileri 4 y\u0131ld\u0131r vekaleten y\u00fcr\u00fctt\u00fc\u011f\u00fc g\u00f6revi s\u00fcresince ger\u00e7ekle\u015ftirdi.<\/p>\n<p style=\"text-align: justify;\">CNN T\u00dcRK&#8217;\u00fcn konu\u015ftu\u011fu \u0130l\u00e7e Milli E\u011fitim M\u00fcd\u00fcr Vekili G\u00fcsamettin Erdo\u011fan, konuyla ilgili detayl\u0131 bilgi vermedi.<\/p>\n<p style=\"text-align: justify;\">Erdo\u011fan, iddialar i\u00e7in do\u011fru demedi ancak iddialar\u0131 yalanlamad\u0131 da. Sadece Milli E\u011fitim Bakanl\u0131\u011f\u0131&#8217;n\u0131 i\u015faret eden Erdo\u011fan, &#8220;Resmi makamlara iligli bilgiyi ilettim&#8221; demekle yetindi.<\/p>\n<p style=\"text-align: justify;\">Milli E\u011fitim Bakan\u0131l\u0131\u011f\u0131 ise \u015fimdilik konu hakk\u0131ndaki sessizli\u011fini koruyor. Bakanl\u0131ktan hen\u00fcz resmi bir a\u00e7\u0131klama yap\u0131lmad\u0131.<\/p>\n<p style=\"text-align: justify;\"><span style=\"color: #888888;\">CNN T\u00dcRK<\/span><\/p>\n","protected":false},"excerpt":{"rendered":"<p style=\"text-align: center;\">\n<p style=\"text-align: justify;\">&#8220;4 y\u0131lda 160 \u00fclke gezdi&#8230;&#8221; \u0130ddia, \u0130stanbul Ey\u00fcp \u0130l\u00e7e Milli E\u011fitim M\u00fcd\u00fcr Vekili G\u00fcsamettin Erdo\u011fan ile ilgili. \u0130ddiay\u0131 g\u00fcndeme getiren ise CHP. Meclis&#8217;e verilen soru \u00f6nergesinde bu gezilerin masraflar\u0131 sorguland\u0131. CNN T\u00dcRK&#8217;e konu\u015fan G\u00fcsamettin Erdo\u011fan, iddialar\u0131 ne yalanlad\u0131 ne de do\u011frulad\u0131; Milli E\u011fitim Bakan\u0131l\u0131\u011f\u0131&#8217;na bilgi verdi\u011fini s\u00f6ylemekle yetindi.<\/p>\n","protected":false},"author":1,"featured_media":0,"comment_status":"open","ping_status":"closed","sticky":false,"template":"","format":"standard","meta":{"footnotes":""},"categories":[105],"tags":[],"class_list":["post-24005","post","type-post","status-publish","format-standard","hentry","category-gundem","odd"],"_links":{"self":[{"href":"http:\/\/www.korhanyilmaz.com\/index.php?rest_route=\/wp\/v2\/posts\/24005","targetHints":{"allow":["GET"]}}],"collection":[{"href":"http:\/\/www.korhanyilmaz.com\/index.php?rest_route=\/wp\/v2\/posts"}],"about":[{"href":"http:\/\/www.korhanyilmaz.com\/index.php?rest_route=\/wp\/v2\/types\/post"}],"author":[{"embeddable":true,"href":"http:\/\/www.korhanyilmaz.com\/index.php?rest_route=\/wp\/v2\/users\/1"}],"replies":[{"embeddable":true,"href":"http:\/\/www.korhanyilmaz.com\/index.php?rest_route=%2Fwp%2Fv2%2Fcomments&post=24005"}],"version-history":[{"count":0,"href":"http:\/\/www.korhanyilmaz.com\/index.php?rest_route=\/wp\/v2\/posts\/24005\/revisions"}],"wp:attachment":[{"href":"http:\/\/www.korhanyilmaz.com\/index.php?rest_route=%2Fwp%2Fv2%2Fmedia&parent=24005"}],"wp:term":[{"taxonomy":"category","embeddable":true,"href":"http:\/\/www.korhanyilmaz.com\/index.php?rest_route=%2Fwp%2Fv2%2Fcategories&post=24005"},{"taxonomy":"post_tag","embeddable":true,"href":"http:\/\/www.korhanyilmaz.com\/index.php?rest_route=%2Fwp%2Fv2%2Ftags&post=24005"}],"curies":[{"name":"wp","href":"https:\/\/api.w.org\/{rel}","templated":true}]}}