{"id":23986,"date":"2010-06-29T08:32:31","date_gmt":"2010-06-29T08:32:31","guid":{"rendered":"http:\/\/www.korhanyilmaz.com\/?p=23986"},"modified":"2010-06-29T08:32:31","modified_gmt":"2010-06-29T08:32:31","slug":"ankara-emniyet-mudurune-ne-oldu","status":"publish","type":"post","link":"http:\/\/www.korhanyilmaz.com\/?p=23986","title":{"rendered":"Ankara Emniyet M\u00fcd\u00fcr\u00fc&#8217;ne ne oldu?"},"content":{"rendered":"<p style=\"text-align: center;\"><a href=\"http:\/\/www.korhanyilmaz.com\/wp-content\/uploads\/2010\/06\/170.jpg\"  class=\"lightview\"><img loading=\"lazy\" decoding=\"async\" class=\"aligncenter size-full wp-image-23995\" src=\"http:\/\/www.korhanyilmaz.com\/wp-content\/uploads\/2010\/06\/170.jpg\" alt=\"\" width=\"360\" height=\"180\" \/><\/a><\/p>\n<div id=\"attachment_23988\" style=\"width: 91px\" class=\"wp-caption alignleft\"><img loading=\"lazy\" decoding=\"async\" aria-describedby=\"caption-attachment-23988\" class=\"size-full wp-image-23988\" title=\"Murat Yetkin - Radikal\" src=\"http:\/\/www.korhanyilmaz.com\/wp-content\/uploads\/2010\/06\/168.jpg\" alt=\"\" width=\"81\" height=\"87\" \/><p id=\"caption-attachment-23988\" class=\"wp-caption-text\">Murat Yetkin<\/p><\/div>\n<p style=\"text-align: justify;\">Ankara Emniyet M\u00fcd\u00fcr\u00fc Orhan \u00d6zdemir hakk\u0131nda tutuklu yarg\u0131lanma karar\u0131 \u00e7\u0131kmas\u0131, T\u00fcrkiye\u2019nin yo\u011fun g\u00fcndemi i\u00e7inde s\u0131radan bir haber muamelesi g\u00f6rd\u00fc. Oysa ba\u015fkentin asayi\u015finden sorumlu polis \u015fefinin tutuklu yarg\u0131lanmas\u0131 karar\u0131yla kamuoyu ilk defa kar\u015f\u0131la\u015f\u0131yordu.<\/p>\n<p style=\"text-align: justify;\">Karar, \u00d6zdemir\u2019in Kayseri Emniyet M\u00fcd\u00fcr\u00fc oldu\u011fu d\u00f6neme ili\u015fkin bir yolsuzluk soru\u015fturmas\u0131 nedeniyle al\u0131nd\u0131. Bu y\u00f6n\u00fcyle, yolsuzlukla m\u00fccadele bak\u0131m\u0131ndan, \u015f\u00fcpheli kim olursa olsun yarg\u0131 \u00f6n\u00fcnde hesap verebilir olmas\u0131 y\u00f6n\u00fcyle olumlu bir geli\u015fmeydi.<!--more--><\/p>\n<p style=\"text-align: justify;\">Bununla birlikte, \u00d6zdemir hakk\u0131ndaki tutuklama karar\u0131 bir dizi \u00f6nemli soruya da yol a\u00e7t\u0131 ve d\u00fcn Ankara g\u00fcndemini me\u015fgul eden maddeler aras\u0131nda yer ald\u0131; hatta ba\u015fkentin \u2018gizli g\u00fcndeminde\u2019 birinci s\u0131radayd\u0131.<\/p>\n<p style=\"text-align: justify;\">\u00d6zdemir, 1 Temmuz 2009\u2019da Ankara Emniyet M\u00fcd\u00fcrl\u00fc\u011f\u00fc g\u00f6revini devralmas\u0131ndan itibaren, \u0130\u00e7i\u015fleri Bakanl\u0131\u011f\u0131 i\u00e7inde \u00e7e\u015fitli tart\u0131\u015fmalar\u0131n konusu oldu. Bu gibi \u00e7etrefil konular\u0131 anlamam\u0131zda hep yard\u0131mc\u0131 olan Taraf yazar\u0131, Polis Akademisi \u00f6\u011fretim \u00fcyesi \u00d6nder Ayta\u00e7\u2019\u0131n 4 Ocak 2010 tarihli yaz\u0131s\u0131ndaki \u201cBen Cumhurba\u015fkan\u0131n\u0131n adam\u0131y\u0131m. Ba\u015fbakan, \u0130\u00e7i\u015fleri Bakan\u0131 bana kar\u0131\u015famaz, diyen \u00f6nemli bir ilin emniyet m\u00fcd\u00fcr\u00fc\u201d ifadesi ile \u00d6zdemir\u2019in kastedildi\u011fi kulislerde konu\u015fuldu. Hatta bu konunun Ba\u015fbakan Tayyip Erdo\u011fan\u2019\u0131n kula\u011f\u0131na gitti\u011fi ve bir toplant\u0131da bu s\u00f6ylentiden haberli oldu\u011funu kendisine sitemle kar\u0131\u015f\u0131k hissettirdi\u011fi de&#8230;<\/p>\n<p style=\"text-align: justify;\"><strong>\u0130lgin\u00e7 tarihler, olaylar<\/strong><\/p>\n<p style=\"text-align: justify;\">Bu nedenle, \u00e7o\u011funun hen\u00fcz yan\u0131t\u0131 olmasa da Ankara\u2019daki s\u00fcren yaln\u0131z siyaset-yarg\u0131 aras\u0131ndaki \u00e7eli\u015fkiler de\u011fil, iktidar i\u00e7i \u00e7eli\u015fkiler bak\u0131m\u0131ndan da \u00f6nem ta\u015f\u0131yabilecek son birka\u00e7 haftadaki geli\u015fme ve sorular\u0131 aktarmakta yarar var. \u00d6nce geli\u015fmeler:<\/p>\n<p style=\"text-align: justify;\">* <strong>31 May\u0131s<\/strong>: Kayserispor \u0130kinci Ba\u015fkan\u0131 ve Par \u015firketler grubu ba\u015fkan\u0131 T\u00fcrker Horoz, Kayseri Emniyeti\u2019nin y\u00fcr\u00fctt\u00fc\u011f\u00fc bir operasyon sonucu getirildi\u011fi Ankara\u2019da, 12\u2019nci A\u011f\u0131r Ceza Mahkemesi N\u00f6bet\u00e7i H\u00e2kimli\u011fince ihaleye fesat kar\u0131\u015ft\u0131rmak su\u00e7lamas\u0131yla tutukland\u0131.<\/p>\n<p style=\"text-align: justify;\">* <strong>1 Haziran<\/strong>: Eski Adalet Bakan\u0131 Seyfi Oktay, \u0130stanbul \u00d6zel Yetkili Ba\u015fsavc\u0131vekilli\u011fi\u2019nce g\u00f6nderilen talimat uyar\u0131nca, Anayasa Mahkemesi ve yarg\u0131 \u00fcyelerini Anayasa de\u011fi\u015fiklik paketi karar\u0131 i\u00e7in etkilemek istedi\u011fi \u015f\u00fcphesiyle g\u00f6zalt\u0131na al\u0131nd\u0131.<\/p>\n<p style=\"text-align: justify;\">* <strong>15 Haziran<\/strong>: Oktay\u2019\u0131n g\u00f6zalt\u0131na al\u0131nmas\u0131 i\u00e7in \u0130stanbul\u2019dan \u00f6zel polis ekibi g\u00f6nderildi\u011fi, ancak \u00d6zdemir\u2019in buna kar\u015f\u0131 \u00e7\u0131karak, \u0130stanbul polislerini geri g\u00f6ndertti\u011fi, Milliyet gazetesinde, Tolga \u015eardan imzas\u0131yla yay\u0131mland\u0131.<\/p>\n<p style=\"text-align: justify;\">* <strong>19 Haziran<\/strong>: \u00d6zdemir, Kayseri Emniyet M\u00fcd\u00fcr\u00fc oldu\u011fu d\u00f6nemde ihaleye fesat kar\u0131\u015ft\u0131r\u0131lmas\u0131na g\u00f6z yumdu\u011fu, dolay\u0131s\u0131yla su\u00e7 \u00f6rg\u00fct\u00fcne \u2018yard\u0131m ve yatakl\u0131k\u2019 etti\u011fi \u015f\u00fcphesiyle Ankara 11\u2019inci A\u011f\u0131r Ceza Mahkemesi\u2019nde 4 saat sorguland\u0131. Savc\u0131 Cemil Tu\u011ftekin\u2019in tutuklanma talebine kar\u015f\u0131n, H\u00e2kim Selahattin \u0130nce tutuksuz yarg\u0131lama karar\u0131 verdi.<\/p>\n<p style=\"text-align: justify;\">* <strong>24 Haziran<\/strong>: Savc\u0131 Tu\u011ftekin, karara itiraz etti ve tutuklanma istedi.<\/p>\n<p style=\"text-align: justify;\">* <strong>25 Haziran<\/strong>: \u00d6zdemir, y\u00fcksek tansiyon tan\u0131s\u0131yla \u0130bni Sina hastanesinde tedavi alt\u0131na al\u0131nd\u0131.<\/p>\n<p style=\"text-align: justify;\">* <strong>26 Haziran<\/strong>: Ankara Emniyeti \u00d6zel Kalem M\u00fcd\u00fcr\u00fc, \u0130stihbarat M\u00fcd\u00fcr Yard\u0131mc\u0131s\u0131 ve \u0130stihbarat \u015eube M\u00fcd\u00fcr Yard\u0131mc\u0131s\u0131 g\u00f6revlerinden al\u0131nd\u0131. Ayn\u0131 g\u00fcn AK Parti Kayseri \u0130l Y\u00f6netimi, haberlere g\u00f6re, Merkez taraf\u0131ndan g\u00f6revden al\u0131nm\u0131\u015f olmamak i\u00e7in topluca istifa etti.<\/p>\n<p style=\"text-align: justify;\">* <strong>27 Haziran<\/strong>: \u0130tiraz s\u00fcresinin dolmas\u0131na bir g\u00fcn kala, pazar g\u00fcn\u00fc toplanan mahkeme heyeti, 1\u2019e kar\u015f\u0131 2 oyla \u00d6zdemir\u2019in makam ve mevkisi nedeniyle delilleri karartma ihtimalini g\u00f6z \u00f6n\u00fcnde tutarak tutuklu yarg\u0131lanmas\u0131na karar verdi. Heyetin ba\u015fkan\u0131, kamuoyunun tan\u0131d\u0131\u011f\u0131 bir isimdi: 19 Aral\u0131k 2009\u2019da B\u00fclent Ar\u0131n\u00e7\u2019\u0131n Ankara\u2019daki evi \u00e7evresinde polis taraf\u0131ndan iki subay\u0131n g\u00f6zalt\u0131na al\u0131nmas\u0131 olay\u0131 ard\u0131ndan Seferberlik Tetkik Kurulu kozmik odas\u0131ndaki aramay\u0131 yapan Kadir Kayan. Arada hi\u00e7bir ilgi olmayabilir, ama hat\u0131rlayal\u0131m: \u2018Ar\u0131n\u00e7\u2019a suikast giri\u015fimi\u2019 \u015f\u00fcphesi iddias\u0131yla yap\u0131lan operasyon sonras\u0131 Ba\u015fbakanvekili Ar\u0131n\u00e7\u2019a ilk bilgi \u00d6zdemir taraf\u0131ndan verilmi\u015fti.<\/p>\n<p style=\"text-align: justify;\"><strong>Ve sorular, sorular<\/strong><\/p>\n<p style=\"text-align: justify;\">\u015eimdi de d\u00fcn Ankara g\u00fcndemini bu vesileyle me\u015fgul eden birka\u00e7 soru:<\/p>\n<p style=\"text-align: justify;\">* \u00d6zdemir\u2019in son d\u00f6nemlerde baz\u0131 h\u00fck\u00fcmet \u00fcyeleri hakk\u0131nda \u00f6zel dosyalar haz\u0131rlatt\u0131\u011f\u0131 yolunda AK Parti \u00e7evrelerinde duyulan iddialar do\u011fru mu? Bu konuda y\u00fcr\u00fcyen bir soru\u015fturma var m\u0131?<\/p>\n<p style=\"text-align: justify;\">* \u00d6zdemir hakk\u0131nda Ba\u015fbakan Erdo\u011fan ve Cumhurba\u015fkan\u0131 Abdullah G\u00fcl\u2019e \u00f6zel bilgi notlar\u0131 iletildi mi?<\/p>\n<p style=\"text-align: justify;\">* H\u00fck\u00fcmet a\u00e7\u0131s\u0131ndan \u00d6zdemir barda\u011f\u0131n\u0131 ta\u015f\u0131ran damla Oktay\u2019\u0131n g\u00f6zalt\u0131 olay\u0131ndaki tutumu mu oldu? \u00d6zdemir\u2019in yarg\u0131 s\u00fcreci Oktay i\u00e7in \u0130stanbul\u2019dan gelen polisleri geri \u00e7evirmesiyle mi h\u0131zland\u0131?<\/p>\n<p style=\"text-align: justify;\">* Bir yolsuzluk soru\u015fturmas\u0131 olan \u00d6zdemir\u2019in yarg\u0131lanmas\u0131, ayn\u0131 zamanda yarg\u0131 ve polis i\u00e7indeki \u00e7e\u015fitli grupla\u015fmalar\u0131n birbiriyle g\u00fc\u00e7 m\u00fccadelesinin yans\u0131mas\u0131 olabilir mi?<\/p>\n<p style=\"text-align: justify;\">Sorular, sorular\u0131 do\u011furuyor.<\/p>\n<p style=\"text-align: justify;\"><a href=\"http:\/\/www.radikal.com.tr\/Radikal.aspx?aType=RadikalYazarYazisi&amp;ArticleID=1005215&amp;Yazar=MURAT&amp;Date=29.06.2010&amp;CategoryID=98\" target=\"_blank\">myetkin@radikal.com.tr<\/a><\/p>\n","protected":false},"excerpt":{"rendered":"<p style=\"text-align: center;\">\n<p id=\"caption-attachment-23988\" class=\"wp-caption-text\">Murat Yetkin<\/p>\n<p style=\"text-align: justify;\">Ankara Emniyet M\u00fcd\u00fcr\u00fc Orhan \u00d6zdemir hakk\u0131nda tutuklu yarg\u0131lanma karar\u0131 \u00e7\u0131kmas\u0131, T\u00fcrkiye\u2019nin yo\u011fun g\u00fcndemi i\u00e7inde s\u0131radan bir haber muamelesi g\u00f6rd\u00fc. Oysa ba\u015fkentin asayi\u015finden sorumlu polis \u015fefinin tutuklu yarg\u0131lanmas\u0131 karar\u0131yla kamuoyu ilk defa kar\u015f\u0131la\u015f\u0131yordu.<\/p>\n<p style=\"text-align: justify;\">Karar, \u00d6zdemir\u2019in Kayseri Emniyet M\u00fcd\u00fcr\u00fc oldu\u011fu d\u00f6neme ili\u015fkin bir yolsuzluk soru\u015fturmas\u0131 nedeniyle <\/p>\n","protected":false},"author":1,"featured_media":0,"comment_status":"open","ping_status":"closed","sticky":false,"template":"","format":"standard","meta":{"footnotes":""},"categories":[16],"tags":[],"class_list":["post-23986","post","type-post","status-publish","format-standard","hentry","category-kose-yazilari","odd"],"_links":{"self":[{"href":"http:\/\/www.korhanyilmaz.com\/index.php?rest_route=\/wp\/v2\/posts\/23986","targetHints":{"allow":["GET"]}}],"collection":[{"href":"http:\/\/www.korhanyilmaz.com\/index.php?rest_route=\/wp\/v2\/posts"}],"about":[{"href":"http:\/\/www.korhanyilmaz.com\/index.php?rest_route=\/wp\/v2\/types\/post"}],"author":[{"embeddable":true,"href":"http:\/\/www.korhanyilmaz.com\/index.php?rest_route=\/wp\/v2\/users\/1"}],"replies":[{"embeddable":true,"href":"http:\/\/www.korhanyilmaz.com\/index.php?rest_route=%2Fwp%2Fv2%2Fcomments&post=23986"}],"version-history":[{"count":0,"href":"http:\/\/www.korhanyilmaz.com\/index.php?rest_route=\/wp\/v2\/posts\/23986\/revisions"}],"wp:attachment":[{"href":"http:\/\/www.korhanyilmaz.com\/index.php?rest_route=%2Fwp%2Fv2%2Fmedia&parent=23986"}],"wp:term":[{"taxonomy":"category","embeddable":true,"href":"http:\/\/www.korhanyilmaz.com\/index.php?rest_route=%2Fwp%2Fv2%2Fcategories&post=23986"},{"taxonomy":"post_tag","embeddable":true,"href":"http:\/\/www.korhanyilmaz.com\/index.php?rest_route=%2Fwp%2Fv2%2Ftags&post=23986"}],"curies":[{"name":"wp","href":"https:\/\/api.w.org\/{rel}","templated":true}]}}