{"id":23977,"date":"2010-06-29T09:59:57","date_gmt":"2010-06-29T09:59:57","guid":{"rendered":"http:\/\/www.korhanyilmaz.com\/?p=23977"},"modified":"2010-06-29T09:59:57","modified_gmt":"2010-06-29T09:59:57","slug":"haberala-moral-telefonu","status":"publish","type":"post","link":"http:\/\/www.korhanyilmaz.com\/?p=23977","title":{"rendered":"Haberal&#8217;a moral telefonu"},"content":{"rendered":"<p><a href=\"http:\/\/www.korhanyilmaz.com\/wp-content\/uploads\/2010\/06\/166.jpg\"  class=\"lightview\"><img loading=\"lazy\" decoding=\"async\" class=\"aligncenter size-full wp-image-23978\" src=\"http:\/\/www.korhanyilmaz.com\/wp-content\/uploads\/2010\/06\/166.jpg\" alt=\"\" width=\"320\" height=\"100\" \/><\/a><\/p>\n<p style=\"text-align: justify;\">Cumhurba\u015fkan\u0131 Abdullah G\u00fcl&#8217;\u00fcn Ergenekon davas\u0131 san\u0131klar\u0131ndan Prof. Mehmet Haberal&#8217;\u0131n sa\u011fl\u0131k durumuyla yak\u0131ndan ilgilendi\u011fi ortaya \u00e7\u0131kt\u0131. G\u00fcl bunun i\u00e7in \u0130stanbul \u00dcniversitesi Rekt\u00f6r\u00fc Prof. S\u00f6ylet&#8217;i telefonla aram\u0131\u015f. <!--more--><\/p>\n<p style=\"text-align: justify;\">Cumhurba\u015fkan\u0131 Abdullah G\u00fcl&#8217;\u00fcn Ergenekon soru\u015fturmas\u0131 kapsam\u0131nda hakk\u0131nda tutuklama karar\u0131 olan Ba\u015fkent \u00dcniversitesi eski Rekt\u00f6r\u00fc Mehmet Haberal&#8217;\u0131n sa\u011fl\u0131k durumuyla yak\u0131ndan ilgilendi\u011fi ortaya \u00e7\u0131kt\u0131. G\u00fcl&#8217;\u00fcn zaman zaman \u0130stanbul \u00dcniversitesi Rekt\u00f6r\u00fc Prof. Dr. Yunus S\u00f6ylet&#8217;i arayarak Haberal&#8217;la ilgili bilgileri ald\u0131\u011f\u0131 \u00f6\u011frenildi.<\/p>\n<p style=\"text-align: justify;\"><strong>SELAMLARINI \u0130LET\u0130YOR <\/strong><\/p>\n<p style=\"text-align: justify;\">AK\u015eAM&#8217;\u0131n kaynaklar\u0131na g\u00f6re Cmhurba\u015fkan\u0131 G\u00fcl, Rekt\u00f6r Prof. Dr. Yunus S\u00f6ylet&#8217;i arayarak geli\u015fmeleri soruyor. Rekt\u00f6r S\u00f6ylet de Kardiyoloji Enstit\u00fcs\u00fc&#8217;deki doktorlar\u0131 arayarak ald\u0131\u011f\u0131 bilgileri Cumhurba\u015fkan\u0131&#8217;na aktar\u0131yor. G\u00fcl, S\u00f6ylet arac\u0131l\u0131\u011f\u0131yla Prof.Haberal&#8217;a ge\u00e7mi\u015f olsun dileklerini ve selamlar\u0131n\u0131 da g\u00f6nderiyor. <span style=\"text-decoration: underline;\">Ba\u015fbakan Erdo\u011fan&#8217;\u0131n \u00e7ocuklar\u0131n\u0131n doktoru olarak tan\u0131nan ve g\u00f6revi Prof.Dr. Mesut Parlak&#8217;tan alan Prof. Dr. Yunus S\u00f6ylet, 2008 y\u0131l\u0131nda Cumhurba\u015fkan\u0131 G\u00fcl taraf\u0131dan atanm\u0131\u015ft\u0131.<\/span> \u0130kinci Ergenekon davas\u0131n\u0131n tutuklu san\u0131klar\u0131ndan Ba\u015fkent \u00dcniversitesi eski Rekt\u00f6r\u00fc Prof. Mehmet Haberal 17 Nisan 2009 tarihinde tutuklanarak cezaevine konulmu\u015f fakat ayn\u0131 gece kalp rahats\u0131zl\u0131\u011f\u0131 gerek\u00e7esiyle hastaneye kald\u0131r\u0131lm\u0131\u015ft\u0131. O tarihten beri &#8216;kalp-ritim bozuklu\u011fu&#8217; gerek\u00e7esiyle \u0130stanbul \u00dcniversitesi Kardiyoloji Entit\u00fcs\u00fc&#8217;nde tedavi g\u00f6r\u00fcyor. Haberal&#8217;\u0131n kalp pili ve stent takt\u0131rmay\u0131 kabul etmedi\u011fi \u00f6\u011frenildi.<\/p>\n<p style=\"text-align: justify;\"><strong>DEM\u0130REL YOLCULAMI\u015eTI <\/strong><\/p>\n<p style=\"text-align: justify;\">Haberal 13 Nisan 2009 Pazartesi g\u00fcn\u00fc g\u00f6zalt\u0131na al\u0131nmas\u0131n\u0131n ard\u0131ndan Ankara&#8217;dan \u0130stanbul&#8217;a sevk edilirken Dokuzuncu Cumhurba\u015fkan\u0131 S\u00fcleyman Demirel taraf\u0131ndan yolcu edilmi\u015fti. Mehmet Haberal 17 Nisan 2009 tarihinde Ergenekon ter\u00f6r \u00f6rg\u00fct\u00fc \u00fcyesi olmak iddias\u0131yla \u0130stanbul&#8217;da N\u00f6bet\u00e7i 14.A\u011f\u0131r Ceza Mahkemesi taraf\u0131ndan tutukland\u0131. Profes\u00f6r Haberal, d\u00f6nemin ba\u015fbakan\u0131 B\u00fclent Ecevit&#8217;in de doktoruydu. Ecevit 2002 tarihinde rahats\u0131zland\u0131\u011f\u0131nda Haberal&#8217;\u0131n kurdu\u011fu Ankara Ba\u015fkent Hastanesi&#8217;nde tedaviye al\u0131nm\u0131\u015ft\u0131. Ancak Haberal, ergenekon soru\u015fturmas\u0131 kapsam\u0131nda tutukland\u0131ktan sonra Ecevit&#8217;in \u00f6l\u00fcm\u00fcne neden oldu\u011fu iddialar\u0131yla yeniden g\u00fcndeme gelmi\u015fti.<\/p>\n<p style=\"text-align: justify;\"><span style=\"color: #888888;\">VATAN<\/span><\/p>\n","protected":false},"excerpt":{"rendered":"<\/p>\n<p style=\"text-align: justify;\">Cumhurba\u015fkan\u0131 Abdullah G\u00fcl&#8217;\u00fcn Ergenekon davas\u0131 san\u0131klar\u0131ndan Prof. Mehmet Haberal&#8217;\u0131n sa\u011fl\u0131k durumuyla yak\u0131ndan ilgilendi\u011fi ortaya \u00e7\u0131kt\u0131. G\u00fcl bunun i\u00e7in \u0130stanbul \u00dcniversitesi Rekt\u00f6r\u00fc Prof. S\u00f6ylet&#8217;i telefonla aram\u0131\u015f. <\/p>\n","protected":false},"author":1,"featured_media":0,"comment_status":"open","ping_status":"closed","sticky":false,"template":"","format":"standard","meta":{"footnotes":""},"categories":[105],"tags":[],"class_list":["post-23977","post","type-post","status-publish","format-standard","hentry","category-gundem","odd"],"_links":{"self":[{"href":"http:\/\/www.korhanyilmaz.com\/index.php?rest_route=\/wp\/v2\/posts\/23977","targetHints":{"allow":["GET"]}}],"collection":[{"href":"http:\/\/www.korhanyilmaz.com\/index.php?rest_route=\/wp\/v2\/posts"}],"about":[{"href":"http:\/\/www.korhanyilmaz.com\/index.php?rest_route=\/wp\/v2\/types\/post"}],"author":[{"embeddable":true,"href":"http:\/\/www.korhanyilmaz.com\/index.php?rest_route=\/wp\/v2\/users\/1"}],"replies":[{"embeddable":true,"href":"http:\/\/www.korhanyilmaz.com\/index.php?rest_route=%2Fwp%2Fv2%2Fcomments&post=23977"}],"version-history":[{"count":0,"href":"http:\/\/www.korhanyilmaz.com\/index.php?rest_route=\/wp\/v2\/posts\/23977\/revisions"}],"wp:attachment":[{"href":"http:\/\/www.korhanyilmaz.com\/index.php?rest_route=%2Fwp%2Fv2%2Fmedia&parent=23977"}],"wp:term":[{"taxonomy":"category","embeddable":true,"href":"http:\/\/www.korhanyilmaz.com\/index.php?rest_route=%2Fwp%2Fv2%2Fcategories&post=23977"},{"taxonomy":"post_tag","embeddable":true,"href":"http:\/\/www.korhanyilmaz.com\/index.php?rest_route=%2Fwp%2Fv2%2Ftags&post=23977"}],"curies":[{"name":"wp","href":"https:\/\/api.w.org\/{rel}","templated":true}]}}