{"id":23971,"date":"2010-06-28T08:26:01","date_gmt":"2010-06-28T08:26:01","guid":{"rendered":"http:\/\/www.korhanyilmaz.com\/?p=23971"},"modified":"2010-06-28T08:26:01","modified_gmt":"2010-06-28T08:26:01","slug":"hakkaride-askeri-usse-roketatarli-saldiri","status":"publish","type":"post","link":"http:\/\/www.korhanyilmaz.com\/?p=23971","title":{"rendered":"Hakkari&#8217;de askeri \u00fcsse roketatarl\u0131 sald\u0131r\u0131"},"content":{"rendered":"<p><a href=\"http:\/\/www.korhanyilmaz.com\/wp-content\/uploads\/2010\/06\/165.jpg\"  class=\"lightview\"><img loading=\"lazy\" decoding=\"async\" class=\"aligncenter size-full wp-image-23972\" src=\"http:\/\/www.korhanyilmaz.com\/wp-content\/uploads\/2010\/06\/165.jpg\" alt=\"\" width=\"292\" height=\"194\" \/><\/a><\/p>\n<p style=\"text-align: justify;\">Hakkari&#8217;nin Kuzey Irak s\u0131n\u0131r\u0131nda bulunan \u00c7ukurca \u0130l\u00e7esi giri\u015finde bulunan Jandarma Asayi\u015f B\u00f6l\u00fck Komutanl\u0131\u011f\u0131&#8217;na bir grup PKK&#8217;l\u0131 ter\u00f6rist taraf\u0131ndan roketatarl\u0131 ve silahl\u0131 sald\u0131r\u0131da bulunuldu. Sald\u0131r\u0131 sonucu \u00f6len ya da yaralanan olmad\u0131.<\/p>\n<p style=\"text-align: justify;\">\u00c7ukurca giri\u015findeki Jandarma Asayi\u015f B\u00f6l\u00fck Komutanl\u0131\u011f\u0131&#8217;na saat 21.50&#8217;de \u00e7evredeki \u00fcst tepelere yerle\u015fen bir grup PKK&#8217;l\u0131 ter\u00f6rist taraf\u0131ndan sald\u0131r\u0131 d\u00fczenlendi. <!--more--><\/p>\n<p style=\"text-align: justify;\">Ter\u00f6ristler, B\u00f6l\u00fck Komutanl\u0131\u011f\u0131&#8217;na \u00f6nce roket atarl\u0131 sald\u0131r\u0131, ard\u0131ndan uzun namlulu silahlarla taciz ate\u015fi a\u00e7t\u0131.<\/p>\n<p style=\"text-align: justify;\">A\u00e7\u0131lan ate\u015fe g\u00fcvenlik g\u00fc\u00e7leri an\u0131nda kar\u015f\u0131l\u0131k vermesi \u00fczerine k\u0131sa s\u00fcreli \u00e7at\u0131\u015fma ya\u015fand\u0131. \u00c7at\u0131\u015fman\u0131n ya\u015fand\u0131\u011f\u0131 b\u00f6lgeye asker ve polis sevk edildi.<\/p>\n<p style=\"text-align: justify;\">PKK&#8217;l\u0131 ter\u00f6ristlerin gece karanl\u0131\u011f\u0131ndan yararlanarak da\u011fl\u0131k alana ka\u00e7mas\u0131 \u00fczerine b\u00f6lgede geni\u015f \u00e7apl\u0131 operasyon ba\u015flat\u0131ld\u0131.<\/p>\n<p style=\"text-align: justify;\">Hakkari Valisi Muammer T\u00fcrker, PKK&#8217;l\u0131 ter\u00f6ristler taraf\u0131ndan Jandarma Asayi\u015f B\u00f6l\u00fck Komutanl\u0131\u011f\u0131&#8217;na d\u00fczenlenen roketli ve silahl\u0131 sald\u0131r\u0131da \u00f6len ya da yaralanan\u0131n olmad\u0131\u011f\u0131n\u0131, b\u00f6lgede operasyonlar\u0131n s\u00fcrd\u00fcr\u00fcld\u00fc\u011f\u00fcn\u00fc s\u00f6yledi.<\/p>\n<p style=\"text-align: justify;\"><span style=\"color: #888888;\">CNN T\u00dcRK<\/span><\/p>\n","protected":false},"excerpt":{"rendered":"<\/p>\n<p style=\"text-align: justify;\">Hakkari&#8217;nin Kuzey Irak s\u0131n\u0131r\u0131nda bulunan \u00c7ukurca \u0130l\u00e7esi giri\u015finde bulunan Jandarma Asayi\u015f B\u00f6l\u00fck Komutanl\u0131\u011f\u0131&#8217;na bir grup PKK&#8217;l\u0131 ter\u00f6rist taraf\u0131ndan roketatarl\u0131 ve silahl\u0131 sald\u0131r\u0131da bulunuldu. Sald\u0131r\u0131 sonucu \u00f6len ya da yaralanan olmad\u0131.<\/p>\n<p style=\"text-align: justify;\">\u00c7ukurca giri\u015findeki Jandarma Asayi\u015f B\u00f6l\u00fck Komutanl\u0131\u011f\u0131&#8217;na saat 21.50&#8217;de \u00e7evredeki \u00fcst tepelere yerle\u015fen bir grup PKK&#8217;l\u0131 ter\u00f6rist taraf\u0131ndan sald\u0131r\u0131 d\u00fczenlendi. <\/p>\n","protected":false},"author":1,"featured_media":0,"comment_status":"open","ping_status":"closed","sticky":false,"template":"","format":"standard","meta":{"footnotes":""},"categories":[105],"tags":[],"class_list":["post-23971","post","type-post","status-publish","format-standard","hentry","category-gundem","odd"],"_links":{"self":[{"href":"http:\/\/www.korhanyilmaz.com\/index.php?rest_route=\/wp\/v2\/posts\/23971","targetHints":{"allow":["GET"]}}],"collection":[{"href":"http:\/\/www.korhanyilmaz.com\/index.php?rest_route=\/wp\/v2\/posts"}],"about":[{"href":"http:\/\/www.korhanyilmaz.com\/index.php?rest_route=\/wp\/v2\/types\/post"}],"author":[{"embeddable":true,"href":"http:\/\/www.korhanyilmaz.com\/index.php?rest_route=\/wp\/v2\/users\/1"}],"replies":[{"embeddable":true,"href":"http:\/\/www.korhanyilmaz.com\/index.php?rest_route=%2Fwp%2Fv2%2Fcomments&post=23971"}],"version-history":[{"count":0,"href":"http:\/\/www.korhanyilmaz.com\/index.php?rest_route=\/wp\/v2\/posts\/23971\/revisions"}],"wp:attachment":[{"href":"http:\/\/www.korhanyilmaz.com\/index.php?rest_route=%2Fwp%2Fv2%2Fmedia&parent=23971"}],"wp:term":[{"taxonomy":"category","embeddable":true,"href":"http:\/\/www.korhanyilmaz.com\/index.php?rest_route=%2Fwp%2Fv2%2Fcategories&post=23971"},{"taxonomy":"post_tag","embeddable":true,"href":"http:\/\/www.korhanyilmaz.com\/index.php?rest_route=%2Fwp%2Fv2%2Ftags&post=23971"}],"curies":[{"name":"wp","href":"https:\/\/api.w.org\/{rel}","templated":true}]}}