{"id":23954,"date":"2010-06-27T08:45:25","date_gmt":"2010-06-27T08:45:25","guid":{"rendered":"http:\/\/www.korhanyilmaz.com\/?p=23954"},"modified":"2010-06-27T08:45:25","modified_gmt":"2010-06-27T08:45:25","slug":"turkten-siyasilere-uyari","status":"publish","type":"post","link":"http:\/\/www.korhanyilmaz.com\/?p=23954","title":{"rendered":"T\u00fcrk&#8217;ten siyasilere uyar\u0131"},"content":{"rendered":"<p style=\"text-align: center;\"><a href=\"http:\/\/www.korhanyilmaz.com\/wp-content\/uploads\/2010\/06\/162.jpg\"  class=\"lightview\"><img loading=\"lazy\" decoding=\"async\" class=\"aligncenter size-full wp-image-23957\" src=\"http:\/\/www.korhanyilmaz.com\/wp-content\/uploads\/2010\/06\/162.jpg\" alt=\"\" width=\"356\" height=\"187\" \/><\/a><\/p>\n<p><strong>&#8216;Halklar\u0131n kar\u015f\u0131 kar\u015f\u0131ya gelebilece\u011fi ortama giriyoruz, partiler ortak bir zeminde bulu\u015fmal\u0131&#8217;<\/strong><\/p>\n<p>Kapat\u0131lan DTP\u2019nin eski Genel Ba\u015fkan\u0131 Ahmet T\u00fcrk, T\u00fcrkiye\u2019nin T\u00fcrk ve K\u00fcrt \u00e7at\u0131\u015fmas\u0131na giden bir s\u00fcrece girdi\u011fini belirterek, Ak Parti, CHP, MHP ve BDP\u2019nin \u201cortak bir zeminde bulu\u015fmas\u0131\u201d gerekti\u011fini s\u00f6yledi. <!--more--><\/p>\n<p style=\"text-align: justify;\">Kapat\u0131lan DTP\u2019nin eski Genel Ba\u015fkan\u0131 Ahmet T\u00fcrk sorunun \u00e7\u00f6z\u00fcm\u00fcn\u00fcn \u00c7ankaya K\u00f6\u015fk\u00fc\u2019nde de\u011fil, b\u00f6lgede oldu\u011funu s\u00f6yledi. T\u00fcrk, VATAN\u2019\u0131n sorular\u0131n\u0131 \u015f\u00f6yle yan\u0131tlad\u0131&#8230;<\/p>\n<p style=\"text-align: justify;\"><strong>* PKK\u2019n\u0131n son sald\u0131r\u0131lar\u0131n\u0131n ard\u0131ndan T\u00fcrkiye nas\u0131l bir s\u00fcrece ilerliyor? <\/strong><\/p>\n<p style=\"text-align: justify;\">Halklar\u0131n kar\u015f\u0131 kar\u015f\u0131ya gelebilece\u011fi bir ortama yuvarlan\u0131yoruz. En b\u00fcy\u00fck tehlike bunda. Siyaset\u00e7ilerin bu tehlikeyi g\u00f6rerek ortak bir zeminde bulu\u015fmas\u0131 gerekiyor. Bir diyalog ortam\u0131 kurulmas\u0131 gerekiyor. PKK devlet meselesi olmaktan \u00e7\u0131km\u0131\u015f ve K\u00fcrt meselesi haline gelmi\u015ftir. Talepleri var. \u0130nsanlar o talepler etraf\u0131nda yo\u011funla\u015fm\u0131\u015f durumda. Ge\u00e7mi\u015fte y\u00f6netti\u011fimiz K\u00fcrtleri art\u0131k y\u00f6netmek \u00e7ok zor. Eskiden inkar politikas\u0131 ile K\u00fcrtler y\u00f6netiliyordu. B\u00f6lgeye gitti\u011finizde t\u00fcm STK\u2019lar, sivil kurulu\u015flar hak ve \u00f6zg\u00fcrl\u00fckleri konu\u015fup tart\u0131\u015fmak istiyor. Sorunlar\u0131 tart\u0131\u015f\u0131p makul \u00e7\u00f6z\u00fcm \u00f6nerileri getirirlerse zaten silah\u0131n toplum \u00fczerinde etkinli\u011fi kalmaz.<\/p>\n<p style=\"text-align: justify;\"><strong>* Siyaset\u00fcst\u00fc bir isim olarak \u00e7a\u011fr\u0131n\u0131z nedir? <\/strong><\/p>\n<p style=\"text-align: justify;\">Taleplere red mant\u0131\u011f\u0131 ile yakla\u015ft\u0131\u011f\u0131n\u0131z zaman silahlar\u0131n susmas\u0131 konusunda ne K\u00fcrtler ne de biz etkili olabiliriz. Etkili olmak i\u00e7in halka neyi anlataca\u011f\u0131z bunun \u00e7ok iyi g\u00f6r\u00fclmesi laz\u0131m. \u00c7a\u011fr\u0131m \u015fudur; Bu sorun sadece K\u00fcrtlerin de\u011fil, geldi\u011fimiz nokta itibariyle T\u00fcrkiye\u2019nin sorunudur. Siyasilerin \u00e7ok ciddi sorumlulu\u011fu var. Sorumluluk anlay\u0131\u015f\u0131 i\u00e7inde yakla\u015f\u0131lmas\u0131 laz\u0131m. K\u00fcrtlerin demokratik \u00f6zerklik talepleri var. Asl\u0131nda \u0130ngilizce kar\u015f\u0131l\u0131\u011f\u0131 demokratik otonom. Halk kendi b\u00f6lgesinde y\u00f6netime kat\u0131lmak istiyor. Bu ne bir federasyon ne de T\u00fcrkiye\u2019nin b\u00f6l\u00fcnmesidir. Meselelerin farkl\u0131 yerlere \u00e7ekmenin anlam\u0131 yok.<\/p>\n<p style=\"text-align: justify;\"><strong>* Acil olarak yap\u0131lmas\u0131 at\u0131lmas\u0131 gereken ad\u0131mlar ve dile getirilmesi gerekenler nedir? <\/strong><\/p>\n<p style=\"text-align: justify;\">Bu konuda fasit dairenin i\u00e7inde d\u00f6nmenin art\u0131k bir anlam\u0131 kalmad\u0131. 30 y\u0131ll\u0131k y\u00f6ntemler, anlay\u0131\u015flar\u0131 bug\u00fcn oldu\u011fu gibi g\u00fcndeme getirdi\u011fin, \u00e7\u00f6z\u00fcm olarak getirdi\u011fin zaman \u00e7ok tehlikeli bir noktaya gidebilir. A\u00e7\u0131l\u0131m \u00f6nemli de\u011fil. Bu \u00e7\u00f6z\u00fclmesi gereken bir sorun. Bug\u00fcn t\u0131kansa bile ki t\u0131kanmas\u0131ndan \u00fcz\u00fcnt\u00fc duyuyoruz. Ama bu sorun mutlaka \u00e7\u00f6z\u00fclecek. Burada herkesin hassasiyet g\u00f6stermesi gereken \u015fey, \u00fclkeyi T\u00fcrk ve K\u00fcrt \u00e7at\u0131\u015fmas\u0131na g\u00f6t\u00fcrecek s\u00f6ylem ve faaliyetlerden ka\u00e7\u0131nmak. Bu tehlikeyi iyi g\u00f6rmek laz\u0131m. Acil \u015fekilde nelerin yap\u0131lmas\u0131 gerekti\u011fini konu\u015fmak laz\u0131m.<\/p>\n<p style=\"text-align: justify;\"><strong>* Siyaset\u00e7iler nas\u0131l bir dil kullanmal\u0131? <\/strong><\/p>\n<p style=\"text-align: justify;\">Se\u00e7im otob\u00fcslerinin \u00fczerine \u00e7\u0131karak bir \u015feyler s\u00f6yleyerek bu i\u015f \u00e7\u00f6z\u00fclmez. Sorun yak\u0131c\u0131 bir sorun T\u00fcrkiye\u2019nin sorunudur. CHP Genel Ba\u015fkan\u0131\u2019n\u0131n, Ak Parti\u2019nin Genel Ba\u015fkan\u0131\u2019n\u0131n yerinde olsam gider orada t\u00fcm sivil toplum \u00f6rg\u00fctlerini, sanat\u00e7\u0131lar\u0131, i\u015f d\u00fcnyas\u0131n\u0131 toplar, \u2018Talepler nedir? Sizce sorunlar nas\u0131l \u00e7\u00f6z\u00fcl\u00fcr? Talepler nas\u0131l kar\u015f\u0131lan\u0131r? Ne gibi ad\u0131mlar atmak laz\u0131m?\u2019 konu\u015furum. Televizyonlara \u00e7\u0131karak ba\u011f\u0131rmakla \u00e7a\u011f\u0131rmakla bu i\u015fin \u00e7\u00f6z\u00fclemeyece\u011fini ve g\u00fcn ge\u00e7tik\u00e7e tehlikeli bir noktaya geldi\u011fimizi herkes g\u00f6rmeli ve acil tedbir al\u0131nmal\u0131. Bu bir vicdani sorumluluktur siyasetin \u00f6tesinde&#8230;<\/p>\n<p style=\"text-align: justify;\"><strong>* Yani toplumsal uzla\u015f\u0131 b\u00f6lgede aranmal\u0131.. <\/strong><\/p>\n<p style=\"text-align: justify;\">Elbette.. B\u00f6lgede sendikalar, sanayi odalar\u0131, esnaf odalar\u0131 var. B\u00f6lge halk\u0131 bu sorunu nas\u0131l g\u00f6r\u00fcyor? Oradaki kanaat \u00f6nderleri nas\u0131l bak\u0131yor? Hangi talepler g\u00fcndeme geldi\u011fi zaman toplumsal uzla\u015f\u0131 sa\u011flan\u0131r? Bunun \u00fczerinde yo\u011funla\u015fmak laz\u0131m. Sonu\u00e7ta hak aray\u0131\u015f\u0131 i\u00e7inde olan K\u00fcrtler.<\/p>\n<p style=\"text-align: justify;\"><strong>* CHP, \u201cortak bir mutabakat zemini\u201d \u00e7a\u011fr\u0131s\u0131nda bulunarak \u00c7ankaya K\u00f6\u015fk\u00fc\u2019n\u00fc i\u015faret ediyor. \u00c7\u00f6z\u00fcm \u00c7ankaya K\u00f6\u015fk\u00fc\u2019nde mi? B\u00f6lge de mi? <\/strong><\/p>\n<p style=\"text-align: justify;\">Cumhurba\u015fkan\u0131\u2019n\u0131n \u00e7ok duyarl\u0131 davranmas\u0131 laz\u0131m. Ama as\u0131l g\u00f6rev siyasilere d\u00fc\u015f\u00fcyor. Siyaset\u00e7iler bu konuya samimi, ciddi ve \u00fclkenin i\u00e7inde bulundu\u011fu duruma siyaset \u00fcst\u00fc bir mant\u0131kla yakla\u015f\u0131p bir diyalog zemini olu\u015fturmal\u0131 ve \u00e7aba i\u00e7inde olmal\u0131. Siyasiler e\u011fer bu \u00e7aba i\u00e7inde olmazsa Say\u0131n Cumhurba\u015fkan\u0131\u2019n\u0131n yapaca\u011f\u0131 \u00e7al\u0131\u015fmalar sonu\u00e7ta siyasiler taraf\u0131ndan sonu\u00e7suz bir noktaya getirilir. Mesela T\u00fcrkiye\u2019nin bir \u00e7ok meselesinde b\u00f6yle bir ortak ak\u0131l ortaya \u00e7\u0131km\u0131yor. Ortak ak\u0131l \u00e7\u0131kmad\u0131\u011f\u0131 zaman Cumhurba\u015fkan\u0131\u2019n\u0131n yapaca\u011f\u0131 \u00e7ok bir \u015fey de olamaz. Ama tabii devletin ba\u015f\u0131d\u0131r. Elbette bu konudaki en b\u00fcy\u00fck duyarl\u0131l\u0131k ondan beklenir. Siyaset\u00e7i ile devlet ba\u015fkan\u0131 aras\u0131nda bu mutabakat\u0131 olu\u015fturacak yap\u0131lacak \u00e7al\u0131\u015fmalar konusunda destek verecek yakla\u015f\u0131m g\u00f6stermesi gerekiyor.<\/p>\n<p style=\"text-align: justify;\"><strong>* PKK ve \u0130mral\u0131 \u201cmuhatapl\u0131k\u201d talep ediyor. Bu \u00e7\u00f6z\u00fcms\u00fczl\u00fc\u011f\u00fc beraberinde getirmiyor mu? <\/strong><\/p>\n<p style=\"text-align: justify;\">\u00c7\u00f6z\u00fcm bar\u0131\u015f ve halklar\u0131n karde\u015fli\u011finin sa\u011flanmas\u0131 ise bu konuda her t\u00fcrl\u00fc giri\u015fim yap\u0131labilir. Etkili baz\u0131 noktalar var. Anahtarlar var. G\u00f6rmemezlikten gelirseniz ba\u015far\u0131l\u0131 olamazs\u0131n\u0131z. Y\u0131llard\u0131r s\u00f6yledik ama bunlar\u0131 s\u00f6yledi\u011fimiz i\u00e7in hakk\u0131m\u0131zda davalar a\u00e7\u0131ld\u0131. Sonu\u00e7ta elbette siyasiler bu i\u015fin sorumlulu\u011funu ta\u015f\u0131r. Arabulucu olur. Ama 30 y\u0131ldan bu yana s\u00fcre giden kanl\u0131 bir s\u00fcrece \u2018Tamam ben durdururum\u2019 g\u00fcc\u00fc var m\u0131d\u0131r? Yoktur. Ger\u00e7ek\u00e7i olmak laz\u0131m. Yoktur. Kendi halklar\u0131n\u0131 kucaklamak i\u00e7in elbette baz\u0131 fedekarl\u0131klar yapmak devletin g\u00f6rev ve sorumlulu\u011fudur. O nedenle devlet kaburgas\u0131n\u0131 \u00e7ok sert kal\u0131n g\u00f6stererek bu sorunun alt\u0131ndan \u00e7\u0131kamaz. Kendisi kucakla\u015facak ve ge\u00e7mi\u015fte ya\u015fanan t\u00fcm olumsuzluklar\u0131 gidermeye y\u00f6nelik devlet refleksini g\u00f6sterecek.<\/p>\n<p style=\"text-align: justify;\"><strong>* Bu refleks hangi s\u00f6ylemlerle ortaya konmal\u0131.. K\u00fcrtler\u2019in talep etti\u011fi tatminkar s\u00f6ylemler nedir? <\/strong><\/p>\n<p style=\"text-align: justify;\">\u00d6nemli olan ger\u00e7ekten T\u00fcrkiye\u2019nin de\u011fi\u015febilece\u011fini, zihniyet devriminin yap\u0131labilece\u011fini, toplumsal uzla\u015f\u0131y\u0131 sa\u011flayacak bir kararl\u0131\u011f\u0131n ortaya konmas\u0131. Ben ba\u015f\u0131ndan beri s\u00f6yledim. K\u0131sa, orta ve uzun vadede yap\u0131lmas\u0131 gerekenler var. Ama bu konuda g\u00fcven verici bir noktaya ta\u015f\u0131d\u0131\u011f\u0131n\u0131z zaman halka bir g\u00fcven gelir. Halka g\u00fcven geldi\u011fi zaman da kimse silahlar\u0131 kullanmaz ve halka ra\u011fmen s\u00fcreci kanl\u0131 bir s\u00fcrece g\u00f6t\u00fcremez.<\/p>\n<p style=\"text-align: justify;\"><strong>* Bir anlamda \u201cg\u00fcven art\u0131c\u0131 \u00f6nlemler\u201d ya\u015fama ge\u00e7irilsin&#8230; <\/strong><\/p>\n<p style=\"text-align: justify;\">\u0130lk ad\u0131mda yeni bir anayasa ile kimliklerin g\u00fcvence alt\u0131na al\u0131nmas\u0131 \u00e7ok \u00f6nemli. Farkl\u0131l\u0131klar\u0131 tan\u0131nmas\u0131 yurtta\u015fl\u0131k kavram\u0131&#8230; Yerinden y\u00f6netim konusunda sosyal, ekonomik, k\u00fclt\u00fcrel alanda insanlar\u0131n y\u00f6netime kat\u0131lmas\u0131, bu ekonomik sosyal ihtiya\u00e7lar\u0131n belirlenmesi merkezle payla\u015fmas\u0131 projeler geli\u015ftirilmesi. BDP de di\u011fer siyasi partiler gibi b\u00fct\u00fcn sivil toplum \u00f6rg\u00fctlerini kanaat \u00f6nderlerini b\u00f6lgede toplamal\u0131. T\u00fcrkiye ayd\u0131nlar\u0131, demokrasi g\u00fc\u00e7leri ile bu talepleri payla\u015fmal\u0131 ve bunu g\u00fcndeme getirmeli ve bu s\u00fcrecin demokratik s\u00fcrece evrilmesi ve buna olanak tan\u0131yacak yeni bir ortam\u0131n haz\u0131rlanmas\u0131nda aktif rol oynamal\u0131&#8230;<\/p>\n<p style=\"text-align: justify;\"><a href=\"http:\/\/www9.gazetevatan.com\/turkten-siyasilere-uyari\/313346\/1\/Gundem\" target=\"_blank\"><span style=\"color: #888888;\">Hale G\u00d6N\u00dcLTA\u015e\/ VATAN<\/span><\/a><\/p>\n","protected":false},"excerpt":{"rendered":"<p style=\"text-align: center;\">\n<p>&#8216;Halklar\u0131n kar\u015f\u0131 kar\u015f\u0131ya gelebilece\u011fi ortama giriyoruz, partiler ortak bir zeminde bulu\u015fmal\u0131&#8217;<\/p>\n<p>Kapat\u0131lan DTP\u2019nin eski Genel Ba\u015fkan\u0131 Ahmet T\u00fcrk, T\u00fcrkiye\u2019nin T\u00fcrk ve K\u00fcrt \u00e7at\u0131\u015fmas\u0131na giden bir s\u00fcrece girdi\u011fini belirterek, Ak Parti, CHP, MHP ve BDP\u2019nin \u201cortak bir zeminde bulu\u015fmas\u0131\u201d gerekti\u011fini s\u00f6yledi. <\/p>\n","protected":false},"author":1,"featured_media":0,"comment_status":"open","ping_status":"closed","sticky":false,"template":"","format":"standard","meta":{"footnotes":""},"categories":[105],"tags":[],"class_list":["post-23954","post","type-post","status-publish","format-standard","hentry","category-gundem","odd"],"_links":{"self":[{"href":"http:\/\/www.korhanyilmaz.com\/index.php?rest_route=\/wp\/v2\/posts\/23954","targetHints":{"allow":["GET"]}}],"collection":[{"href":"http:\/\/www.korhanyilmaz.com\/index.php?rest_route=\/wp\/v2\/posts"}],"about":[{"href":"http:\/\/www.korhanyilmaz.com\/index.php?rest_route=\/wp\/v2\/types\/post"}],"author":[{"embeddable":true,"href":"http:\/\/www.korhanyilmaz.com\/index.php?rest_route=\/wp\/v2\/users\/1"}],"replies":[{"embeddable":true,"href":"http:\/\/www.korhanyilmaz.com\/index.php?rest_route=%2Fwp%2Fv2%2Fcomments&post=23954"}],"version-history":[{"count":0,"href":"http:\/\/www.korhanyilmaz.com\/index.php?rest_route=\/wp\/v2\/posts\/23954\/revisions"}],"wp:attachment":[{"href":"http:\/\/www.korhanyilmaz.com\/index.php?rest_route=%2Fwp%2Fv2%2Fmedia&parent=23954"}],"wp:term":[{"taxonomy":"category","embeddable":true,"href":"http:\/\/www.korhanyilmaz.com\/index.php?rest_route=%2Fwp%2Fv2%2Fcategories&post=23954"},{"taxonomy":"post_tag","embeddable":true,"href":"http:\/\/www.korhanyilmaz.com\/index.php?rest_route=%2Fwp%2Fv2%2Ftags&post=23954"}],"curies":[{"name":"wp","href":"https:\/\/api.w.org\/{rel}","templated":true}]}}