{"id":23947,"date":"2010-06-27T08:55:02","date_gmt":"2010-06-27T08:55:02","guid":{"rendered":"http:\/\/www.korhanyilmaz.com\/?p=23947"},"modified":"2010-06-27T08:55:02","modified_gmt":"2010-06-27T08:55:02","slug":"nereye-kadar","status":"publish","type":"post","link":"http:\/\/www.korhanyilmaz.com\/?p=23947","title":{"rendered":"Nereye kadar?"},"content":{"rendered":"<div id=\"attachment_22761\" style=\"width: 105px\" class=\"wp-caption alignleft\"><img loading=\"lazy\" decoding=\"async\" aria-describedby=\"caption-attachment-22761\" class=\"size-full wp-image-22761  \" style=\"margin-left: 10px; margin-right: 10px;\" title=\"G\u00fcng\u00f6r Mengi - Vatan Gazetesi\" src=\"http:\/\/www.korhanyilmaz.com\/wp-content\/uploads\/2010\/05\/gmengi.jpg\" alt=\"\" width=\"95\" height=\"95\" \/><p id=\"caption-attachment-22761\" class=\"wp-caption-text\">G\u00fcng\u00f6r Mengi<\/p><\/div>\n<p style=\"text-align: justify;\">AKP\u2019nin seyir defteri \u201cT\u00fcrk Mal\u0131\u201d partilerin iktidarda sekiz y\u0131l dayanamad\u0131\u011f\u0131n\u0131 anlat\u0131yor.<\/p>\n<p style=\"text-align: justify;\">Sistem, birinci partinin hak etti\u011finin kat kat \u00fcst\u00fcnde g\u00fc\u00e7 vehmetmesine sebep oluyor.<\/p>\n<p style=\"text-align: justify;\">Bu duygu kibir yarat\u0131yor. Bu vir\u00fcs\u00fc kapanlar, toplam oyun \u00fc\u00e7te biri ile meclisin \u00fc\u00e7te iki \u00e7o\u011funlu\u011funa sahip olunca anayasay\u0131 bile tek ba\u015f\u0131na de\u011fi\u015ftirmeyi g\u00f6ze alabiliyorlar. <!--more--><\/p>\n<p style=\"text-align: justify;\">Tabu y\u0131kma \u015fehvetine kap\u0131l\u0131p camc\u0131 d\u00fckk\u00e2n\u0131na dalan filleri and\u0131r\u0131yorlar.<\/p>\n<p style=\"text-align: justify;\">AKP\u2019nin a\u00e7\u0131l\u0131mlar\u0131, \u00fcniversitelerin siyaset tarihi derslerinde ibretle okutulan ac\u0131 tecr\u00fcbeler olacakt\u0131r ilerde.<\/p>\n<p style=\"text-align: justify;\">\u00dclkenin gelece\u011fi yine de \u201cK\u00fcrt a\u00e7\u0131l\u0131m\u0131\u201c ad\u0131yla ba\u015flat\u0131lan aray\u0131\u015fta \u0131srar edilmesini gerektiriyor. \u00c7\u00fcnk\u00fc fikir g\u00fczeldir. Yanl\u0131\u015fl\u0131k uygulamada oldu.<\/p>\n<p style=\"text-align: justify;\">Elde iyi d\u00fc\u015f\u00fcn\u00fclm\u00fc\u015f, toplumsal mutabakat\u0131 arkas\u0131na alm\u0131\u015f bir proje olsa, \u015fefkat ve anlay\u0131\u015f g\u00f6sterisi yapmak u\u011fruna Habur\u2019daki o rezaletlere mecbur kal\u0131nmazd\u0131.<\/p>\n<p style=\"text-align: justify;\">B\u00f6l\u00fcc\u00fc ter\u00f6r \u00f6rg\u00fct\u00fcnde b\u00fcy\u00fck beklentiler uyand\u0131r\u0131ld\u0131\u011f\u0131 ve toplumsal tepki de da\u011f gibi dikildi\u011fi i\u00e7in \u015fimdi ba\u015far\u0131s\u0131zl\u0131\u011f\u0131n bedelini millet\u00e7e \u00f6d\u00fcyoruz.<\/p>\n<p style=\"text-align: justify;\">Yitirilen canlar\u0131n ac\u0131s\u0131 hi\u00e7 unutulmas\u0131n.<\/p>\n<p style=\"text-align: justify;\">Unutulmas\u0131n ki ter\u00f6rle m\u00fccadele ge\u00e7mi\u015fte oldu\u011fu gibi her ini\u015fe ge\u00e7ti\u011finde s\u00f6nd\u00fc zannedilip yar\u0131m b\u0131rak\u0131lmas\u0131n.<\/p>\n<p style=\"text-align: justify;\"><strong>B\u00f6l\u00fcnene kadar m\u0131? <\/strong><\/p>\n<p style=\"text-align: justify;\">\u0130ktidar\u0131n \u015fehit haberlerini medyada k\u00fc\u00e7\u00fck g\u00f6rme hevesi ter\u00f6rle m\u00fccadeleye katk\u0131 a\u00e7\u0131s\u0131ndan yararl\u0131 olur mu?<\/p>\n<p style=\"text-align: justify;\">Bundan emin olmamak l\u00e2z\u0131m.<\/p>\n<p style=\"text-align: justify;\">Canilere toplumun tepki g\u00f6stermesinden ni\u00e7in \u00e7ekiniliyor?<\/p>\n<p style=\"text-align: justify;\">Ter\u00f6r \u00f6rg\u00fct\u00fc, cinayetleri y\u00fcz\u00fcnden sadece nefret toplad\u0131\u011f\u0131n\u0131 ba\u015fka nas\u0131l \u00f6\u011frenecek?<\/p>\n<p style=\"text-align: justify;\">Milletin bu cinayetlerle vatan\u0131n bir kar\u0131\u015f topra\u011f\u0131ndan bile vazge\u00e7meyece\u011fi hainlere ba\u015fka ne \u015fekilde anlat\u0131lacak?<\/p>\n<p style=\"text-align: justify;\">Bir \u015fey yapmak gerekti\u011fini g\u00f6ren ama ne yapaca\u011f\u0131n\u0131 bilemeyen iktidara \u00e7\u00f6z\u00fcm yolunda \u00e7areler \u00fcreterek yard\u0131mc\u0131 olman\u0131n yarar\u0131na biz de inan\u0131yoruz.<\/p>\n<p style=\"text-align: justify;\">Ama dikkat!.. Tehlikeli hayaller uyand\u0131rman\u0131n bedeli a\u011f\u0131r oluyor.<\/p>\n<p style=\"text-align: justify;\">On y\u0131l \u00f6nce tel\u00e2ffuz bile edilemeyecek haklar verilmi\u015f oldu\u011fu halde PKK tatmin olmuyor.<\/p>\n<p style=\"text-align: justify;\">Siyaset\u00e7iler bu kadar \u00e7\u0131karc\u0131, ayd\u0131n denilen kitle bu kadar aymaz olduk\u00e7a b\u00f6l\u00fcnme ger\u00e7ekle\u015fene kadar hi\u00e7bir \u015fey onlar\u0131 tatmin etmeyecektir.<\/p>\n<p style=\"text-align: justify;\"><strong>Yak\u0131nda resm\u00ee il\u00e2n <\/strong><\/p>\n<p style=\"text-align: justify;\">Nitekim \u00f6rg\u00fct\u00fcn Kandil\u2019deki liderlerinden Cemil Bay\u0131k \u00fcltimatomu vermi\u015ftir:<\/p>\n<p style=\"text-align: justify;\">\u201cK\u00fcrt sorununu T\u00fcrk devletiyle demokratik \u00f6zerklik temelinde \u00e7\u00f6zmek istedik. \u00c7abalar\u0131m\u0131z sabote edildi. Onun i\u00e7in \u015fimdi kendi m\u00fccadelemizi pratikte ger\u00e7ekle\u015ftirmeye \u00e7al\u0131\u015f\u0131yoruz.. Yak\u0131nda bunun resm\u00ee il\u00e2n\u0131n\u0131 da yapaca\u011f\u0131z.\u201d<\/p>\n<p style=\"text-align: justify;\">Bu hayali, bu c\u00fcreti \u201cK\u00fcrt a\u00e7\u0131l\u0131m\u0131\u201d diye ba\u015flat\u0131lan i\u00e7i bo\u015f proje uyand\u0131rm\u0131\u015ft\u0131r.<\/p>\n<p style=\"text-align: justify;\">\u015eimdi o bo\u015f \u00e7er\u00e7eveyi herkes kendi akl\u0131nca, g\u00f6nl\u00fcnce dolduruyor.<\/p>\n<p style=\"text-align: justify;\">Yeni fikirler \u00fcretilsin ama bir s\u0131n\u0131r\u0131 olmal\u0131.<\/p>\n<p style=\"text-align: justify;\">T\u00dcS\u0130AD toplant\u0131s\u0131nda bir \u00fcye ho\u015flanmad\u0131\u011f\u0131m\u0131z bir tak\u0131m \u015feyleri duymaya al\u0131\u015fmam\u0131z gerekti\u011fini s\u00f6yledi ve \u201cmesela\u201d dedikten sonra \u00fc\u00e7 \u015fey s\u0131ralad\u0131:<\/p>\n<p style=\"text-align: justify;\"><strong>1<\/strong>. \u00c7\u00f6z\u00fcm a\u015famas\u0131nda \u0130mral\u0131\u2019n\u0131n g\u00f6r\u00fc\u015fmelere kat\u0131lmas\u0131;<\/p>\n<p style=\"text-align: justify;\"><strong>2<\/strong>. Anayasa\u2019ya \u201cbu \u00fclkeyi T\u00fcrkler ve K\u00fcrtler kurdu\u201c diye bir madde eklenmesi;<\/p>\n<p style=\"text-align: justify;\"><strong>3<\/strong>. B\u00f6lgesel \u00f6zerklik..<\/p>\n<p style=\"text-align: justify;\">B\u00f6l\u00fcc\u00fclerin yak\u0131n bir gelecekte oldu-bitti \u015feklinde b\u00f6lgesel \u00f6zerklik il\u00e2n etmeye haz\u0131rland\u0131\u011f\u0131n\u0131 i\u015fte Kandil haber vermi\u015ftir.<\/p>\n<p style=\"text-align: justify;\">Bu kan banyosu, PKK\u2019n\u0131n ve \u0130mral\u0131\u2019daki eleba\u015f\u0131n\u0131n devlete taraf olarak dayat\u0131lmas\u0131d\u0131r.<\/p>\n<p style=\"text-align: justify;\">\u0130stanbul\u2019da pusu kuran asker ve \u00e7ocuk katillerinin Adliye giri\u015finde alk\u0131\u015flanmalar\u0131 neyin habercisidir?<\/p>\n<p style=\"text-align: justify;\">G\u00fcneydo\u011fu\u2019daki \u00f6zerklikten sonra yar\u0131n \u0130stanbul\u2019da kantonlar olu\u015fmas\u0131n\u0131 m\u0131 tart\u0131\u015faca\u011f\u0131z?<\/p>\n<p style=\"text-align: justify;\"><a href=\"http:\/\/haber.gazetevatan.com\/haberdetay.asp?tarih=11.11.2007&amp;Newsid=313315&amp;Categoryid=4&amp;wid=2\" target=\"_blank\"><span style=\"color: #888888;\">gmengi@gazetevatan.com<\/span><\/a><\/p>\n","protected":false},"excerpt":{"rendered":"<p id=\"caption-attachment-22761\" class=\"wp-caption-text\">G\u00fcng\u00f6r Mengi<\/p>\n<p style=\"text-align: justify;\">AKP\u2019nin seyir defteri \u201cT\u00fcrk Mal\u0131\u201d partilerin iktidarda sekiz y\u0131l dayanamad\u0131\u011f\u0131n\u0131 anlat\u0131yor.<\/p>\n<p style=\"text-align: justify;\">Sistem, birinci partinin hak etti\u011finin kat kat \u00fcst\u00fcnde g\u00fc\u00e7 vehmetmesine sebep oluyor.<\/p>\n<p style=\"text-align: justify;\">Bu duygu kibir yarat\u0131yor. Bu vir\u00fcs\u00fc kapanlar, toplam oyun \u00fc\u00e7te biri ile meclisin \u00fc\u00e7te iki \u00e7o\u011funlu\u011funa sahip olunca anayasay\u0131 bile tek ba\u015f\u0131na <\/p>\n","protected":false},"author":1,"featured_media":0,"comment_status":"open","ping_status":"closed","sticky":false,"template":"","format":"standard","meta":{"footnotes":""},"categories":[16],"tags":[],"class_list":["post-23947","post","type-post","status-publish","format-standard","hentry","category-kose-yazilari","odd"],"_links":{"self":[{"href":"http:\/\/www.korhanyilmaz.com\/index.php?rest_route=\/wp\/v2\/posts\/23947","targetHints":{"allow":["GET"]}}],"collection":[{"href":"http:\/\/www.korhanyilmaz.com\/index.php?rest_route=\/wp\/v2\/posts"}],"about":[{"href":"http:\/\/www.korhanyilmaz.com\/index.php?rest_route=\/wp\/v2\/types\/post"}],"author":[{"embeddable":true,"href":"http:\/\/www.korhanyilmaz.com\/index.php?rest_route=\/wp\/v2\/users\/1"}],"replies":[{"embeddable":true,"href":"http:\/\/www.korhanyilmaz.com\/index.php?rest_route=%2Fwp%2Fv2%2Fcomments&post=23947"}],"version-history":[{"count":0,"href":"http:\/\/www.korhanyilmaz.com\/index.php?rest_route=\/wp\/v2\/posts\/23947\/revisions"}],"wp:attachment":[{"href":"http:\/\/www.korhanyilmaz.com\/index.php?rest_route=%2Fwp%2Fv2%2Fmedia&parent=23947"}],"wp:term":[{"taxonomy":"category","embeddable":true,"href":"http:\/\/www.korhanyilmaz.com\/index.php?rest_route=%2Fwp%2Fv2%2Fcategories&post=23947"},{"taxonomy":"post_tag","embeddable":true,"href":"http:\/\/www.korhanyilmaz.com\/index.php?rest_route=%2Fwp%2Fv2%2Ftags&post=23947"}],"curies":[{"name":"wp","href":"https:\/\/api.w.org\/{rel}","templated":true}]}}