{"id":23944,"date":"2010-06-26T08:17:00","date_gmt":"2010-06-26T08:17:00","guid":{"rendered":"http:\/\/www.korhanyilmaz.com\/?p=23944"},"modified":"2010-06-26T08:17:00","modified_gmt":"2010-06-26T08:17:00","slug":"vali-aydogdu-chp-kapatilmaliydi","status":"publish","type":"post","link":"http:\/\/www.korhanyilmaz.com\/?p=23944","title":{"rendered":"Vali Aydo\u011fdu: CHP kapat\u0131lmal\u0131yd\u0131"},"content":{"rendered":"<p style=\"text-align: center;\"><a href=\"http:\/\/www.korhanyilmaz.com\/wp-content\/uploads\/2010\/06\/161.jpeg\"  class=\"lightview\"><img loading=\"lazy\" decoding=\"async\" class=\"aligncenter size-full wp-image-23945\" src=\"http:\/\/www.korhanyilmaz.com\/wp-content\/uploads\/2010\/06\/161.jpeg\" alt=\"\" width=\"315\" height=\"205\" \/><\/a><\/p>\n<p style=\"text-align: justify;\">Fethullah G\u00fclen&#8217;in Onursal Ba\u015fkanl\u0131\u011f\u0131&#8217;n\u0131 yapt\u0131\u011f\u0131 Gazeteciler ve Yazarlar Vakf\u0131&#8217;nca d\u00fczenlenen Abant Platformu ikinci vali \u00e7\u0131k\u0131\u015f\u0131na sahne oldu.<\/p>\n<p style=\"text-align: justify;\">BOLU &#8211; K\u0131rklareli Valisi Cengiz Aydo\u011fdu, Abant Platformu\u2019nda d\u00fcn, \u201cDP\u2019nin 1950\u2019de iktidara geldi\u011finde CHP\u2019yi kapat\u0131p, \u0130n\u00f6n\u00fc\u2019y\u00fc de tarihteki huzurlu yere g\u00f6ndermemi\u015f olmas\u0131 en b\u00fcy\u00fck talihsizliktir\u201d dedi. <!--more--><\/p>\n<p style=\"text-align: justify;\"><strong>Mezar ta\u015f\u0131n\u0131 okuyabilmeli<\/strong><\/p>\n<p style=\"text-align: justify;\">Aydo\u011fdu, \u201cMerkeziyet\u00e7ilik arac\u0131 olarak idari vesayet\u201d ba\u015fl\u0131kl\u0131 konu\u015fmas\u0131nda, harf devrimini de i\u015faret ederek, \u201cT\u00fcrkiye 1920\u2019li y\u0131llarda haf\u0131zas\u0131n\u0131 kaybetti. 1684\u2019de kilise bir bildiri yay\u0131nlam\u0131\u015f. Biz \u0130ngiltere\u2019ye gitti\u011fimizde bu bildiriyi okudu\u011fumuzda anlad\u0131k. Ama Merzifonlu Karamustafa Pa\u015fa\u2019n\u0131n Viyana\u2019dan merkeze g\u00f6nderdi\u011fi arizay\u0131 (dilek\u00e7e, rapor) aram\u0131zda ka\u00e7 ki\u015fi okuyabilir, okuyabilse ka\u00e7 ki\u015fi anlayabilir\u201d dedi. Aydo\u011fdu, \u201cEy\u00fcp Sultan\u2019dan yay\u0131n yapan bir yorumcunun da Ey\u00fcp Sultan\u2019\u0131n mezar ta\u015f\u0131n\u0131 okuyabilmesi gerekir\u201d diye konu\u015ftu.<\/p>\n<p style=\"text-align: justify;\"><strong>K\u0131l\u0131\u00e7daro\u011flu Tarihi sorgulamak Vali&#8217;nin i\u015fi de\u011fil<\/strong><\/p>\n<p style=\"text-align: justify;\">Gazetecilerin sorular\u0131n\u0131 yan\u0131tlayan CHP Genel Ba\u015fkan\u0131 Kemal K\u0131l\u0131\u00e7daro\u011flu, K\u0131rklareli Valisi Cengiz Aydo\u011fdu&#8217;ya tepki g\u00f6sterdi. K\u0131l\u0131\u00e7daro\u011flu, \u015f\u00f6yle konu\u015ftu: &#8221;B\u00fcrokratik kadrolar siyasalla\u015ft\u0131k\u00e7a bu t\u00fcr deme\u00e7leri almak \u015fa\u015f\u0131rtm\u0131yor. Adalet ve Kalk\u0131nma Partisi&#8217;nin valileri, kaymakamlar\u0131 ve devletin di\u011fer birimleri siyasalla\u015ft\u0131rmas\u0131 maalesef bu t\u00fcr s\u00f6ylemlerin medyaya yans\u0131mas\u0131na da yol a\u00e7\u0131yor. Vali, vali\u011fini yapmal\u0131. Vali, h\u00fck\u00fcmetin ve devletin temsilcisi. Tarihi sorgulamak valinin i\u015fi de\u011fil.&#8221;<\/p>\n<p style=\"text-align: justify;\"><strong>Ge\u00e7en y\u0131l da Bolu Valisi<\/strong><\/p>\n<p style=\"text-align: justify;\">Abant Platformu\u2019nun ge\u00e7en y\u0131lki toplant\u0131s\u0131na da, d\u00f6nemin Bolu Valisi Halil \u0130brahim Akp\u0131nar, \u201cAradan ge\u00e7en uzun y\u0131llara ra\u011fmen, zaten pek de iyi olmayan demokratik hayat\u0131m\u0131za tecav\u00fcz eden darbecileri yarg\u0131layamad\u0131k, bu millete reva g\u00f6rd\u00fckleri yarg\u0131s\u0131z infazlar\u0131n, i\u015fkence ve k\u00f6t\u00fc muamelelerin hesab\u0131n\u0131 soramad\u0131k. Bug\u00fcn demokratik hayat\u0131m\u0131z\u0131n \u00f6n\u00fcndeki en b\u00fcy\u00fck engel hi\u00e7 \u015f\u00fcphesiz, darbeci generallerin anayasas\u0131d\u0131r\u201d s\u00f6zleriyle damgas\u0131n\u0131 vurmu\u015ftu. Akp\u0131nar \u015fu anda Bilecik Valili\u011fi g\u00f6revini s\u00fcrd\u00fcr\u00fcyor.<\/p>\n<p style=\"text-align: justify;\"><span style=\"color: #888888;\">Radikal<\/span><\/p>\n","protected":false},"excerpt":{"rendered":"<p style=\"text-align: center;\">\n<p style=\"text-align: justify;\">Fethullah G\u00fclen&#8217;in Onursal Ba\u015fkanl\u0131\u011f\u0131&#8217;n\u0131 yapt\u0131\u011f\u0131 Gazeteciler ve Yazarlar Vakf\u0131&#8217;nca d\u00fczenlenen Abant Platformu ikinci vali \u00e7\u0131k\u0131\u015f\u0131na sahne oldu.<\/p>\n<p style=\"text-align: justify;\">BOLU &#8211; K\u0131rklareli Valisi Cengiz Aydo\u011fdu, Abant Platformu\u2019nda d\u00fcn, \u201cDP\u2019nin 1950\u2019de iktidara geldi\u011finde CHP\u2019yi kapat\u0131p, \u0130n\u00f6n\u00fc\u2019y\u00fc de tarihteki huzurlu yere g\u00f6ndermemi\u015f olmas\u0131 en b\u00fcy\u00fck talihsizliktir\u201d dedi. <\/p>\n","protected":false},"author":1,"featured_media":0,"comment_status":"open","ping_status":"closed","sticky":false,"template":"","format":"standard","meta":{"footnotes":""},"categories":[105],"tags":[],"class_list":["post-23944","post","type-post","status-publish","format-standard","hentry","category-gundem","odd"],"_links":{"self":[{"href":"http:\/\/www.korhanyilmaz.com\/index.php?rest_route=\/wp\/v2\/posts\/23944","targetHints":{"allow":["GET"]}}],"collection":[{"href":"http:\/\/www.korhanyilmaz.com\/index.php?rest_route=\/wp\/v2\/posts"}],"about":[{"href":"http:\/\/www.korhanyilmaz.com\/index.php?rest_route=\/wp\/v2\/types\/post"}],"author":[{"embeddable":true,"href":"http:\/\/www.korhanyilmaz.com\/index.php?rest_route=\/wp\/v2\/users\/1"}],"replies":[{"embeddable":true,"href":"http:\/\/www.korhanyilmaz.com\/index.php?rest_route=%2Fwp%2Fv2%2Fcomments&post=23944"}],"version-history":[{"count":0,"href":"http:\/\/www.korhanyilmaz.com\/index.php?rest_route=\/wp\/v2\/posts\/23944\/revisions"}],"wp:attachment":[{"href":"http:\/\/www.korhanyilmaz.com\/index.php?rest_route=%2Fwp%2Fv2%2Fmedia&parent=23944"}],"wp:term":[{"taxonomy":"category","embeddable":true,"href":"http:\/\/www.korhanyilmaz.com\/index.php?rest_route=%2Fwp%2Fv2%2Fcategories&post=23944"},{"taxonomy":"post_tag","embeddable":true,"href":"http:\/\/www.korhanyilmaz.com\/index.php?rest_route=%2Fwp%2Fv2%2Ftags&post=23944"}],"curies":[{"name":"wp","href":"https:\/\/api.w.org\/{rel}","templated":true}]}}