{"id":23935,"date":"2010-06-25T08:02:38","date_gmt":"2010-06-25T08:02:38","guid":{"rendered":"http:\/\/www.korhanyilmaz.com\/?p=23935"},"modified":"2010-06-25T08:02:38","modified_gmt":"2010-06-25T08:02:38","slug":"bu-kez-de-elazigda-catisma-2-sehit","status":"publish","type":"post","link":"http:\/\/www.korhanyilmaz.com\/?p=23935","title":{"rendered":"Bu kez de Elaz\u0131\u011f&#8217;da \u00e7at\u0131\u015fma: 2 \u015fehit"},"content":{"rendered":"<p style=\"text-align: center;\"><a href=\"http:\/\/www.korhanyilmaz.com\/wp-content\/uploads\/2010\/06\/1481.jpg\"  class=\"lightview\"><img loading=\"lazy\" decoding=\"async\" class=\"aligncenter size-full wp-image-23939\" src=\"http:\/\/www.korhanyilmaz.com\/wp-content\/uploads\/2010\/06\/1481.jpg\" alt=\"\" width=\"346\" height=\"194\" \/><\/a><\/p>\n<p style=\"text-align: justify;\">Elaz\u0131\u011f&#8217;\u0131n Karako\u00e7an il\u00e7esindeki Seyrantepe Baraj\u0131&#8217;n\u0131n g\u00fcvenli\u011fini sa\u011flayan time PKK&#8217;l\u0131 ter\u00f6ristler taraf\u0131ndan pusu kuruldu. Ter\u00f6ristlerin a\u00e7t\u0131\u011f\u0131 ilk ate\u015fte 2 asker \u015fehit oldu, 1 sivil kad\u0131n \u00f6ld\u00fc. \u00c7at\u0131\u015fmada, karakola komutan\u0131 astsubay ile 4 sivil de yaraland\u0131.<\/p>\n<p style=\"text-align: justify;\">Elaz\u0131\u011f&#8217;\u0131n Karako\u00e7an il\u00e7esinin Tunceli s\u0131n\u0131r\u0131nda bulunan Yo\u011funa\u011fa\u00e7 K\u00f6y\u00fc&#8217;ndeki Seyrantepe Baraj\u0131&#8217;n\u0131n uzak korumas\u0131n\u0131 sa\u011flayan askeri tim g\u00f6revden d\u00f6nerken PKK&#8217;l\u0131 ter\u00f6ristler taraf\u0131ndan pusu kuruldu. <!--more--><\/p>\n<p style=\"text-align: justify;\">Ter\u00f6ristlerin uzun namlulu silahlarla a\u00e7t\u0131\u011f\u0131 ilk ate\u015fte 2 asker \u015fehit olurken, karakol komutan\u0131 astsubay yaraland\u0131.<\/p>\n<p style=\"text-align: justify;\">Ter\u00f6ristlerin a\u00e7t\u0131\u011f\u0131 ate\u015f s\u0131ras\u0131nda b\u00f6lgedeki tarlalarda \u00e7al\u0131\u015ft\u0131ktan sonra sepetli motosikletle seyir halinde olan sivil vatanda\u015flar da hedef oldu.<\/p>\n<p style=\"text-align: justify;\">PKK&#8217;l\u0131 ter\u00f6ristlerin silahlardan \u00e7\u0131kan kur\u015funlarda motosiklette bulunan Zekiye Gezer isimli kad\u0131n hayat\u0131n\u0131 kaybederken, 4 sivil de yaraland\u0131.<\/p>\n<p style=\"text-align: justify;\">Sald\u0131r\u0131da yaralanan 1&#8217;i \u00e7ocuk 4 ki\u015finin ise Ali Gezici (49), Bedriye Gezici (38), Mazlum Gezici (5), \u0130smail Gezici (19) olduklar\u0131 belirtildi.<\/p>\n<p style=\"text-align: justify;\">Yo\u011fua\u011fa\u00e7 Jandarma Karakolu&#8217;ndan askerler de hemen b\u00f6lgeye giderek PKK&#8217;l\u0131 ter\u00f6ristlerle \u00e7at\u0131\u015fmaya girdi.<\/p>\n<p style=\"text-align: justify;\">\u00c7at\u0131\u015fma s\u00fcrerken, Tunceli Jandarma B\u00f6lge Komutanl\u0131\u011f\u0131&#8217;ndan kalkan Sikorsky helikopterlerle \u00f6zel e\u011fitimli komandolar \u00e7at\u0131\u015fma b\u00f6lgesine indirildi.<\/p>\n<p style=\"text-align: justify;\">S\u00fcper Kobra tipi helikopterler de PKK&#8217;l\u0131lar\u0131n bulundu\u011fu alanlar\u0131 ate\u015f alt\u0131na ald\u0131. B\u00f6lgede \u00e7at\u0131\u015fmalar\u0131n s\u00fcrd\u00fc\u011f\u00fc belirtildi.<\/p>\n<p style=\"text-align: justify;\">\u00c7at\u0131\u015fmada yaralanan astsubay ile durumu a\u011f\u0131r olan 1 sivil \u00e7ocuk askeri helikopterle Elaz\u0131\u011f Asker Hastanesi&#8217;ne g\u00f6t\u00fcr\u00fcld\u00fc.<\/p>\n<p style=\"text-align: justify;\">Sivil 3 yaralan\u0131n tedavisinin Karako\u00e7an Devlet Hastanesi&#8217;nde s\u00fcrd\u00fc\u011f\u00fc kaydedildi.<\/p>\n<p style=\"text-align: justify;\"><span style=\"color: #888888;\">CNN T\u00dcRK<\/span><\/p>\n","protected":false},"excerpt":{"rendered":"<p style=\"text-align: center;\">\n<p style=\"text-align: justify;\">Elaz\u0131\u011f&#8217;\u0131n Karako\u00e7an il\u00e7esindeki Seyrantepe Baraj\u0131&#8217;n\u0131n g\u00fcvenli\u011fini sa\u011flayan time PKK&#8217;l\u0131 ter\u00f6ristler taraf\u0131ndan pusu kuruldu. Ter\u00f6ristlerin a\u00e7t\u0131\u011f\u0131 ilk ate\u015fte 2 asker \u015fehit oldu, 1 sivil kad\u0131n \u00f6ld\u00fc. \u00c7at\u0131\u015fmada, karakola komutan\u0131 astsubay ile 4 sivil de yaraland\u0131.<\/p>\n<p style=\"text-align: justify;\">Elaz\u0131\u011f&#8217;\u0131n Karako\u00e7an il\u00e7esinin Tunceli s\u0131n\u0131r\u0131nda bulunan Yo\u011funa\u011fa\u00e7 K\u00f6y\u00fc&#8217;ndeki Seyrantepe Baraj\u0131&#8217;n\u0131n uzak korumas\u0131n\u0131 sa\u011flayan askeri <\/p>\n","protected":false},"author":1,"featured_media":0,"comment_status":"open","ping_status":"closed","sticky":false,"template":"","format":"standard","meta":{"footnotes":""},"categories":[105],"tags":[],"class_list":["post-23935","post","type-post","status-publish","format-standard","hentry","category-gundem","odd"],"_links":{"self":[{"href":"http:\/\/www.korhanyilmaz.com\/index.php?rest_route=\/wp\/v2\/posts\/23935","targetHints":{"allow":["GET"]}}],"collection":[{"href":"http:\/\/www.korhanyilmaz.com\/index.php?rest_route=\/wp\/v2\/posts"}],"about":[{"href":"http:\/\/www.korhanyilmaz.com\/index.php?rest_route=\/wp\/v2\/types\/post"}],"author":[{"embeddable":true,"href":"http:\/\/www.korhanyilmaz.com\/index.php?rest_route=\/wp\/v2\/users\/1"}],"replies":[{"embeddable":true,"href":"http:\/\/www.korhanyilmaz.com\/index.php?rest_route=%2Fwp%2Fv2%2Fcomments&post=23935"}],"version-history":[{"count":0,"href":"http:\/\/www.korhanyilmaz.com\/index.php?rest_route=\/wp\/v2\/posts\/23935\/revisions"}],"wp:attachment":[{"href":"http:\/\/www.korhanyilmaz.com\/index.php?rest_route=%2Fwp%2Fv2%2Fmedia&parent=23935"}],"wp:term":[{"taxonomy":"category","embeddable":true,"href":"http:\/\/www.korhanyilmaz.com\/index.php?rest_route=%2Fwp%2Fv2%2Fcategories&post=23935"},{"taxonomy":"post_tag","embeddable":true,"href":"http:\/\/www.korhanyilmaz.com\/index.php?rest_route=%2Fwp%2Fv2%2Ftags&post=23935"}],"curies":[{"name":"wp","href":"https:\/\/api.w.org\/{rel}","templated":true}]}}