{"id":2393,"date":"2008-12-15T14:25:32","date_gmt":"2008-12-15T12:25:32","guid":{"rendered":"http:\/\/www.korhanyilmaz.com\/?p=2393"},"modified":"2008-12-15T14:25:32","modified_gmt":"2008-12-15T12:25:32","slug":"kredi-borcu-faizleri-kalksin-talebi","status":"publish","type":"post","link":"http:\/\/www.korhanyilmaz.com\/?p=2393","title":{"rendered":"&#8220;Kredi borcu faizleri kalks\u0131n&#8221; talebi"},"content":{"rendered":"<p style=\"text-align: center;\"><img loading=\"lazy\" decoding=\"async\" class=\"size-full wp-image-2394 aligncenter\" title=\"&quot;Kredi borcu faizleri kalks\u0131n&quot; talebi \" src=\"http:\/\/www.korhanyilmaz.com\/wp-content\/uploads\/2008\/12\/8ae94a79f39be442af040ed7x.jpg\" alt=\"&quot;Kredi borcu faizleri kalks\u0131n&quot; talebi \" width=\"380\" height=\"200\" \/><\/p>\n<p style=\"text-align: justify;\">T\u00fcketici Dernekleri Federasyonu Ba\u015fkan\u0131 Ali \u00c7etin, kredi kart\u0131 bor\u00e7lar\u0131 ve t\u00fcketici kredisinden do\u011fan ana para bor\u00e7lar\u0131n\u0131n faizlerden ar\u0131nd\u0131r\u0131lmas\u0131n\u0131 ve y\u0131ll\u0131k y\u00fczde 3 faizle 18 e\u015fit taksitle \u00f6deme kolayl\u0131\u011f\u0131 getirilmesini istedi.<br \/>\n\u00c7etin yapt\u0131\u011f\u0131 yaz\u0131l\u0131 a\u00e7\u0131klamada, t\u00fcm kaynaklar\u0131n, &#8221;krizi yaratan sermaye sahiplerine ak\u0131tmaktan vazge\u00e7ilmesi ve t\u00fcketicilerin d\u00fc\u015f\u00fcn\u00fclmesi gerekti\u011fini&#8221; ifade etti.<!--more-->&#8221;B\u00fct\u00fcn resmi ve gayri resmi desteklere kar\u015f\u0131 hala sermaye kesimine vergi indirimi istemek, y\u00fczs\u00fczl\u00fckten \u00f6te h\u0131rs\u0131zl\u0131kt\u0131r&#8221; diyen \u00c7etin, \u00f6zetle \u015funlar\u0131 kaydetti:\n<\/p>\n<p style=\"text-align: justify;\">&#8221;Vergi indirimi yap\u0131lmal\u0131d\u0131r ancak kamunun \u00fcretti\u011fi mal ve hizmetlerdeki KDV oranlar\u0131 indirilmelidir. Akaryak\u0131ttaki \u00d6TV kald\u0131r\u0131lmal\u0131d\u0131r. KDV d\u00fc\u015f\u00fcr\u00fclmelidir. Sudaki KDV oran\u0131 temel ihtiya\u00e7 listesine al\u0131nmal\u0131 ve y\u00fczde 1&#8217;e d\u00fc\u015f\u00fcr\u00fclmelidir. Do\u011fal gazdaki ve elektrikteki vergi oranlar\u0131 y\u00fczde 1&#8217;e \u00e7ekilmelidir. Elektrik faturalar\u0131nda 6-7 \u00e7e\u015fit fon ve paylar kald\u0131r\u0131lmal\u0131d\u0131r. Vergi indirimi t\u00fcketicilere yans\u0131yan alanlarda yap\u0131lmal\u0131d\u0131r. \u015eimdiye kadar oldu\u011fu gibi sat\u0131c\u0131lar\u0131n cebine girmemelidir.&#8221;<\/p>\n<p style=\"text-align: justify;\">Bir an \u00f6nce t\u00fcketicilerin al\u0131m g\u00fcc\u00fcn\u00fc art\u0131ran \u00f6nlemlere a\u011f\u0131rl\u0131k verilmesi gerekti\u011fini belirten \u00c7etin, &#8221;kredi kart\u0131 bor\u00e7lar\u0131 ve t\u00fcketici kredisinden do\u011fan ana para bor\u00e7lar\u0131n\u0131n faizlerden ar\u0131nd\u0131r\u0131larak, y\u0131ll\u0131k y\u00fczde 3 faizle 18 e\u015fit taksitle \u00f6deme kolayl\u0131\u011f\u0131 sa\u011flanmas\u0131n\u0131&#8221; istedi.<\/p>\n<p style=\"text-align: justify;\"><span style=\"color: #999999;\">AA<\/span><\/p>\n","protected":false},"excerpt":{"rendered":"<p style=\"text-align: center;\">\n<p style=\"text-align: justify;\">T\u00fcketici Dernekleri Federasyonu Ba\u015fkan\u0131 Ali \u00c7etin, kredi kart\u0131 bor\u00e7lar\u0131 ve t\u00fcketici kredisinden do\u011fan ana para bor\u00e7lar\u0131n\u0131n faizlerden ar\u0131nd\u0131r\u0131lmas\u0131n\u0131 ve y\u0131ll\u0131k y\u00fczde 3 faizle 18 e\u015fit taksitle \u00f6deme kolayl\u0131\u011f\u0131 getirilmesini istedi. \u00c7etin yapt\u0131\u011f\u0131 yaz\u0131l\u0131 a\u00e7\u0131klamada, t\u00fcm kaynaklar\u0131n, &#8221;krizi yaratan sermaye sahiplerine ak\u0131tmaktan vazge\u00e7ilmesi ve t\u00fcketicilerin d\u00fc\u015f\u00fcn\u00fclmesi gerekti\u011fini&#8221; ifade etti.<\/p>\n","protected":false},"author":1,"featured_media":0,"comment_status":"open","ping_status":"open","sticky":false,"template":"","format":"standard","meta":{"footnotes":""},"categories":[7],"tags":[],"class_list":["post-2393","post","type-post","status-publish","format-standard","hentry","category-ekonomi","odd"],"_links":{"self":[{"href":"http:\/\/www.korhanyilmaz.com\/index.php?rest_route=\/wp\/v2\/posts\/2393","targetHints":{"allow":["GET"]}}],"collection":[{"href":"http:\/\/www.korhanyilmaz.com\/index.php?rest_route=\/wp\/v2\/posts"}],"about":[{"href":"http:\/\/www.korhanyilmaz.com\/index.php?rest_route=\/wp\/v2\/types\/post"}],"author":[{"embeddable":true,"href":"http:\/\/www.korhanyilmaz.com\/index.php?rest_route=\/wp\/v2\/users\/1"}],"replies":[{"embeddable":true,"href":"http:\/\/www.korhanyilmaz.com\/index.php?rest_route=%2Fwp%2Fv2%2Fcomments&post=2393"}],"version-history":[{"count":0,"href":"http:\/\/www.korhanyilmaz.com\/index.php?rest_route=\/wp\/v2\/posts\/2393\/revisions"}],"wp:attachment":[{"href":"http:\/\/www.korhanyilmaz.com\/index.php?rest_route=%2Fwp%2Fv2%2Fmedia&parent=2393"}],"wp:term":[{"taxonomy":"category","embeddable":true,"href":"http:\/\/www.korhanyilmaz.com\/index.php?rest_route=%2Fwp%2Fv2%2Fcategories&post=2393"},{"taxonomy":"post_tag","embeddable":true,"href":"http:\/\/www.korhanyilmaz.com\/index.php?rest_route=%2Fwp%2Fv2%2Ftags&post=2393"}],"curies":[{"name":"wp","href":"https:\/\/api.w.org\/{rel}","templated":true}]}}