{"id":23926,"date":"2010-06-24T21:33:52","date_gmt":"2010-06-24T21:33:52","guid":{"rendered":"http:\/\/www.korhanyilmaz.com\/?p=23926"},"modified":"2010-06-24T21:33:52","modified_gmt":"2010-06-24T21:33:52","slug":"mgk-bildirisinden-kararlilik-cikti","status":"publish","type":"post","link":"http:\/\/www.korhanyilmaz.com\/?p=23926","title":{"rendered":"MGK bildirisinden &#8220;kararl\u0131l\u0131k&#8221; \u00e7\u0131kt\u0131"},"content":{"rendered":"<p style=\"text-align: center;\"><a href=\"http:\/\/www.korhanyilmaz.com\/wp-content\/uploads\/2010\/06\/146.jpg\"  class=\"lightview\"><img loading=\"lazy\" decoding=\"async\" class=\"aligncenter size-full wp-image-23927\" src=\"http:\/\/www.korhanyilmaz.com\/wp-content\/uploads\/2010\/06\/146.jpg\" alt=\"\" width=\"410\" height=\"220\" \/><\/a><\/p>\n<p style=\"text-align: justify;\">S\u00fcresi 17 Ekim 2010 g\u00fcn\u00fc sona erecek s\u0131n\u0131r \u00f6tesi operasyon yetkisinin, bir y\u0131l daha uzat\u0131lmas\u0131 planlan\u0131yor.<\/p>\n<p style=\"text-align: justify;\">Milli G\u00fcvenlik Kurulu Toplant\u0131s\u0131&#8217;n\u0131n ard\u0131ndan yap\u0131lan yaz\u0131l\u0131 a\u00e7\u0131klamada, &#8221;Ter\u00f6r \u00f6rg\u00fct\u00fc ve yanda\u015flar\u0131n\u0131n \u00fclkemizin birlik, beraberlik ve b\u00f6l\u00fcnmez b\u00fct\u00fcnl\u00fc\u011f\u00fcn\u00fc hedef alan menfur sald\u0131r\u0131lar\u0131n\u0131n devletimizin ve milletimizin kararl\u0131l\u0131\u011f\u0131 kar\u015f\u0131s\u0131nda hi\u00e7bir zaman amac\u0131na ula\u015famayaca\u011f\u0131 konusundaki kat&#8217;i inan\u00e7 ile bu alandaki m\u00fccadeleye bu tehdit bertaraf edilene kadar taviz verilmeksizin devam edilece\u011fi hususundaki irade teyit edilmi\u015ftir&#8221; denildi.<!--more--><\/p>\n<p style=\"text-align: justify;\">\u0130STANBUL- \u0130stanbul&#8217;da yap\u0131lan Milli G\u00fcvenlik Kurulu toplant\u0131s\u0131 sona erdi. Harp Akademileri Komutanl\u0131\u011f\u0131nda, Cumhurba\u015fkan\u0131 Abdullah G\u00fcl ba\u015fkanl\u0131\u011f\u0131nda ger\u00e7ekle\u015ftirilen toplant\u0131, 6,5 saat s\u00fcrd\u00fc.<\/p>\n<p style=\"text-align: justify;\">MGK Genel Sekreterli\u011fi taraf\u0131ndan yay\u0131mlanan bildiride, Kurulun bug\u00fcn \u0130stanbul&#8217;da ola\u011fan toplant\u0131s\u0131n\u0131 yapt\u0131\u011f\u0131 hat\u0131rlat\u0131larak, toplant\u0131da, \u00fclke g\u00fcvenli\u011fini ilgilendiren i\u00e7 ve d\u0131\u015f geli\u015fmelerin detayl\u0131 bir \u015fekilde ele al\u0131nd\u0131\u011f\u0131 belirtildi.<\/p>\n<p style=\"text-align: justify;\">Bildiride, \u015funlar kaydedildi: &#8221;Bu ba\u011flamda, ter\u00f6r \u00f6rg\u00fct\u00fc ve yanda\u015flar\u0131n\u0131n \u00fclkemizin birlik, beraberlik ve b\u00f6l\u00fcnmez b\u00fct\u00fcnl\u00fc\u011f\u00fcn\u00fc hedef alan menfur sald\u0131r\u0131lar\u0131n\u0131n devletimizin ve milletimizin kararl\u0131l\u0131\u011f\u0131 kar\u015f\u0131s\u0131nda hi\u00e7bir zaman amac\u0131na ula\u015famayaca\u011f\u0131 konusundaki kat&#8217;i inan\u00e7 ile bu alandaki m\u00fccadeleye bu tehdit bertaraf edilene kadar taviz verilmeksizin devam edilece\u011fi hususundaki irade teyit edilmi\u015ftir.<\/p>\n<p style=\"text-align: justify;\"><strong>MEDYAYA &#8220;SORUMLULUK&#8221; HATIRLATILDI<\/strong><\/p>\n<p style=\"text-align: justify;\">Bu \u00e7er\u00e7evede, 21 Haziran 2010 tarihinde ger\u00e7ekle\u015ftirilen g\u00fcvenlik toplant\u0131s\u0131nda da belirtildi\u011fi \u015fekilde, ter\u00f6r\u00fcn istismar etti\u011fi ko\u015fullar\u0131n ortadan kald\u0131r\u0131lmas\u0131na y\u00f6nelik etkin \u00e7al\u0131\u015fmalar da dahil, ter\u00f6rle m\u00fccadelenin, g\u00fcvenlik, diplomatik, ekonomik, sosyal ve psikolojik t\u00fcm boyutlar\u0131 ayr\u0131nt\u0131l\u0131 bir \u015fekilde de\u011ferlendirilmi\u015f, al\u0131nm\u0131\u015f ve al\u0131nacak \u00e7ok y\u00f6nl\u00fc ilave tedbirler \u00fczerinde durulmu\u015ftur.<\/p>\n<p style=\"text-align: justify;\">Halk\u0131m\u0131z\u0131n tahrikler kar\u015f\u0131s\u0131nda devletine her \u015fart alt\u0131nda g\u00f6stermeye devam etti\u011fi g\u00fcven, sab\u0131r, metanet ve sergiledi\u011fi sa\u011fduyu ile bas\u0131n ve yay\u0131n organlar\u0131n\u0131n bilgilendirme g\u00f6revlerinin icras\u0131nda ta\u015f\u0131d\u0131klar\u0131 rol ve sorumlulu\u011fun \u00f6nemle alt\u0131 \u00e7izilmi\u015ftir.<\/p>\n<p style=\"text-align: justify;\">\u00d6te yandan, insanl\u0131\u011fa kar\u015f\u0131 bir su\u00e7 niteli\u011fi ta\u015f\u0131yan ve insan haklar\u0131n\u0131n temelini te\u015fkil eden ya\u015fama hakk\u0131n\u0131 hedef alan ter\u00f6rle m\u00fccadelenin etkin surette y\u00fcr\u00fct\u00fclmesinde uluslararas\u0131 i\u015f birli\u011finin \u00f6nemi vurgulanm\u0131\u015f ve bu ba\u011flamda, ba\u015fta kom\u015fular\u0131m\u0131z olmak \u00fczere t\u00fcm dost ve m\u00fcttefik \u00fclkelerin artan bir dayan\u0131\u015fma sergilemeleri y\u00f6n\u00fcndeki \u00e7a\u011fr\u0131 dile getirilmi\u015ftir.&#8221;<\/p>\n<p style=\"text-align: justify;\"><span style=\"color: #888888;\">Gazeteport<\/span><\/p>\n","protected":false},"excerpt":{"rendered":"<p style=\"text-align: center;\">\n<p style=\"text-align: justify;\">S\u00fcresi 17 Ekim 2010 g\u00fcn\u00fc sona erecek s\u0131n\u0131r \u00f6tesi operasyon yetkisinin, bir y\u0131l daha uzat\u0131lmas\u0131 planlan\u0131yor.<\/p>\n<p style=\"text-align: justify;\">Milli G\u00fcvenlik Kurulu Toplant\u0131s\u0131&#8217;n\u0131n ard\u0131ndan yap\u0131lan yaz\u0131l\u0131 a\u00e7\u0131klamada, &#8221;Ter\u00f6r \u00f6rg\u00fct\u00fc ve yanda\u015flar\u0131n\u0131n \u00fclkemizin birlik, beraberlik ve b\u00f6l\u00fcnmez b\u00fct\u00fcnl\u00fc\u011f\u00fcn\u00fc hedef alan menfur sald\u0131r\u0131lar\u0131n\u0131n devletimizin ve milletimizin kararl\u0131l\u0131\u011f\u0131 kar\u015f\u0131s\u0131nda hi\u00e7bir zaman amac\u0131na ula\u015famayaca\u011f\u0131 konusundaki <\/p>\n","protected":false},"author":1,"featured_media":0,"comment_status":"open","ping_status":"closed","sticky":false,"template":"","format":"standard","meta":{"footnotes":""},"categories":[105],"tags":[],"class_list":["post-23926","post","type-post","status-publish","format-standard","hentry","category-gundem","odd"],"_links":{"self":[{"href":"http:\/\/www.korhanyilmaz.com\/index.php?rest_route=\/wp\/v2\/posts\/23926","targetHints":{"allow":["GET"]}}],"collection":[{"href":"http:\/\/www.korhanyilmaz.com\/index.php?rest_route=\/wp\/v2\/posts"}],"about":[{"href":"http:\/\/www.korhanyilmaz.com\/index.php?rest_route=\/wp\/v2\/types\/post"}],"author":[{"embeddable":true,"href":"http:\/\/www.korhanyilmaz.com\/index.php?rest_route=\/wp\/v2\/users\/1"}],"replies":[{"embeddable":true,"href":"http:\/\/www.korhanyilmaz.com\/index.php?rest_route=%2Fwp%2Fv2%2Fcomments&post=23926"}],"version-history":[{"count":0,"href":"http:\/\/www.korhanyilmaz.com\/index.php?rest_route=\/wp\/v2\/posts\/23926\/revisions"}],"wp:attachment":[{"href":"http:\/\/www.korhanyilmaz.com\/index.php?rest_route=%2Fwp%2Fv2%2Fmedia&parent=23926"}],"wp:term":[{"taxonomy":"category","embeddable":true,"href":"http:\/\/www.korhanyilmaz.com\/index.php?rest_route=%2Fwp%2Fv2%2Fcategories&post=23926"},{"taxonomy":"post_tag","embeddable":true,"href":"http:\/\/www.korhanyilmaz.com\/index.php?rest_route=%2Fwp%2Fv2%2Ftags&post=23926"}],"curies":[{"name":"wp","href":"https:\/\/api.w.org\/{rel}","templated":true}]}}