{"id":23912,"date":"2010-06-24T16:38:08","date_gmt":"2010-06-24T16:38:08","guid":{"rendered":"http:\/\/www.korhanyilmaz.com\/?p=23912"},"modified":"2010-06-24T16:38:08","modified_gmt":"2010-06-24T16:38:08","slug":"kilicdaroglu-ab-buyukelcileriyle-ne-konustu","status":"publish","type":"post","link":"http:\/\/www.korhanyilmaz.com\/?p=23912","title":{"rendered":"K\u0131l\u0131\u00e7daro\u011flu AB b\u00fcy\u00fckel\u00e7ileriyle ne konu\u015ftu?"},"content":{"rendered":"<p><a href=\"http:\/\/www.korhanyilmaz.com\/wp-content\/uploads\/2010\/06\/145.jpg\"  class=\"lightview\"><img loading=\"lazy\" decoding=\"async\" class=\"aligncenter size-full wp-image-23914\" src=\"http:\/\/www.korhanyilmaz.com\/wp-content\/uploads\/2010\/06\/145.jpg\" alt=\"\" width=\"292\" height=\"210\" \/><\/a><\/p>\n<p style=\"text-align: justify;\">CHP lideri Kemal K\u0131l\u0131\u00e7dao\u011flu, Avrupa Birli\u011fi b\u00fcy\u00fckel\u00e7ileriyle bir araya geldi. T\u00fcrkiye&#8217;nin Avrupa Birli\u011fi s\u00fcreci, eksen tart\u0131\u015fmalar\u0131 ve ter\u00f6rle m\u00fccadele gibi s\u0131cak g\u00fcndem maddeleri konu\u015fuldu. K\u0131l\u0131\u00e7daro\u011flu \u00e7\u0131k\u0131\u015fta, g\u00f6r\u00fc\u015fmenin ayr\u0131nt\u0131lar\u0131n\u0131 anlatt\u0131.<\/p>\n<p style=\"text-align: justify;\">Yakla\u015f\u0131k iki saat s\u00fcren yemekli toplant\u0131n\u0131n ard\u0131ndan gazetecilere a\u00e7\u0131klamalarda bulunan K\u0131l\u0131\u00e7daro\u011flu, g\u00f6r\u00fc\u015fmede AB \u00fcyeli\u011fi s\u00fcrecinde CHP&#8217;nin kararl\u0131l\u0131\u011f\u0131n\u0131 b\u00fcy\u00fckel\u00e7ilere aktard\u0131klar\u0131n\u0131 belirtti. <!--more--><\/p>\n<p style=\"text-align: justify;\">Partisinin konuyla ilgili g\u00f6r\u00fc\u015f ve d\u00fc\u015f\u00fcncelerini, \u00f6ng\u00f6r\u00fclerini a\u00e7\u0131kl\u0131kla samimi bir \u015fekilde ifade etti\u011fini belirten K\u0131l\u0131\u00e7daro\u011flu, s\u00f6zlerini \u015f\u00f6yle s\u00fcrd\u00fcrd\u00fc: &#8220;CHP&#8217;ye y\u00f6nelik olarak bug\u00fcne kadar yapt\u0131klar\u0131 ele\u015ftiriler, CHP&#8217;nin AB konusunda sanki olumsuz bir tutumu varm\u0131\u015f gibi ortaya \u00e7\u0131kan alg\u0131n\u0131n ne kadar yanl\u0131\u015f bir alg\u0131 oldu\u011funu ifade ettik. Bug\u00fcne kadar parlamentoya gelen AB ile uyum s\u00fcrecini \u00f6ng\u00f6ren yasal de\u011fi\u015fikliklere destek verdi\u011fimizi, daha \u00f6nceki anayasa de\u011fi\u015fikliklerini destekledi\u011fimizi ifade ettik. Bu arada de\u011fi\u015fik konularda da sorular geldi. O sorulara da samimi olarak d\u00fc\u015f\u00fcncelerimizi ifade ettik. Son derece yararl\u0131 ve g\u00fczel bir toplant\u0131 ge\u00e7ti. Kendilerine, AB ile ilgili CHP&#8217;nin g\u00f6r\u00fc\u015flerini \u00f6\u011frenmek isterlerse benim, arkada\u015flar\u0131m\u0131n kap\u0131s\u0131n\u0131n sonuna kadar a\u00e7\u0131k oldu\u011funu s\u00f6yledim.&#8221;<\/p>\n<p style=\"text-align: justify;\">K\u0131l\u0131\u00e7daro\u011flu, bu s\u00fcre\u00e7te &#8220;ahde vefan\u0131n&#8221; ne kadar \u00f6nemli oldu\u011funa da de\u011findi\u011fini belirterek, konu\u015fmas\u0131n\u0131 \u015f\u00f6yle s\u00fcrd\u00fcrd\u00fc: &#8220;Avrupa&#8217;n\u0131n etik de\u011ferlerinin de ne kadar \u00f6nemli oldu\u011funu, T\u00fcrkiye&#8217;ye \u00fcyelik s\u00fcreci i\u00e7erisinde di\u011fer \u00fclkelere g\u00f6sterilmeyen ek ko\u015fullar\u0131n s\u0131k s\u0131k getirildi\u011fini bunun da do\u011fru olmad\u0131\u011f\u0131n\u0131, ahde vefa e\u011fer \u00f6nemli ise ve Avrupal\u0131 da ahde vefay\u0131 biliyorsa ek ko\u015fullarla T\u00fcrkiye&#8217;nin AB s\u00fcrecini \u00f6n\u00fcn\u00fc kesmemesini ifade ettik. Kendileri d\u00fc\u015f\u00fcncelerini ifade ettiler. AB&#8217;nin sadece T\u00fcrkiye i\u00e7in de\u011fil, T\u00fcrkiye&#8217;nin de AB i\u00e7in gen\u00e7 ve dinamik n\u00fcfusu ile son derece \u00f6nemli bir \u00fclke oldu\u011funu, ekonomisinin b\u00fcy\u00fck oldu\u011funu, AB a\u00e7\u0131s\u0131ndan T\u00fcrkiye&#8217;nin de kolay hazmedilebilir bir \u00fclke olmad\u0131\u011f\u0131n\u0131n biz fark\u0131nda oldu\u011fumuzu ama bu s\u00fcre\u00e7te bize \u00fcyelik konusunda kolayl\u0131k g\u00f6sterilmesi gerekti\u011fini, ek ko\u015fullarla olay\u0131n zorla\u015ft\u0131r\u0131lmamas\u0131 gerekti\u011fini ifade ettik.&#8221;<\/p>\n<p style=\"text-align: justify;\">K\u0131l\u0131\u00e7daro\u011flu, bir gazetecinin &#8220;\u0130\u00e7eride eksen kaymas\u0131 tart\u0131\u015fmas\u0131 oldu mu?&#8221; sorusunu &#8220;O konudaki d\u00fc\u015f\u00fcncelerimizi de ifade ettik. O d\u00fc\u015f\u00fcncelerimizi de anlatt\u0131k. CHP&#8217;nin y\u00f6n\u00fcn\u00fcn bat\u0131 uygarl\u0131\u011f\u0131 i\u00e7inde yer ald\u0131\u011f\u0131n\u0131, Orta Do\u011fu&#8217;ya s\u0131rt\u0131m\u0131z\u0131 d\u00f6nemeyece\u011fimizi, kom\u015fular\u0131m\u0131zla \u00e7ok iyi ili\u015fkiler kurmak istedi\u011fimizi, d\u0131\u015f politikada temel hedefin Cumhuriyet&#8217;in kurulu\u015funda ifade edildi\u011fini, yurtta bar\u0131\u015f\u0131n ve d\u00fcnyada bar\u0131\u015f\u0131n ne kadar \u00f6nemli oldu\u011funu, n\u00fckleer silahlanman\u0131n bu b\u00f6lge i\u00e7in do\u011fru olmad\u0131\u011f\u0131n\u0131, onlar\u0131 da d\u00fc\u015f\u00fcnce olarak ifade ettik&#8221; \u015feklinde yan\u0131tlad\u0131.<\/p>\n<p style=\"text-align: justify;\"><strong><\/strong><\/p>\n<p style=\"text-align: justify;\">K\u0131l\u0131\u00e7daro\u011flu, ter\u00f6r konusunun g\u00fcndeme gelip gelmedi\u011fine ili\u015fkin soru \u00fczerine de \u015funlar\u0131 kaydetti: &#8220;Ter\u00f6r konusu da g\u00fcndeme geldi. \u00d6zellikle ter\u00f6r\u00fcn i\u00e7eride ve d\u0131\u015far\u0131da sa\u011flanacak desteklerle \u00e7\u00f6z\u00fcmlenmesinin \u00e7ok \u00f6nemli olaca\u011f\u0131n\u0131 s\u00f6yledim. \u0130\u00e7erdeki d\u00fc\u015f\u00fcncelerimizi k\u0131smen anlatt\u0131m. D\u0131\u015farda \u00f6zellikle ter\u00f6re finans deste\u011fi sa\u011flayan olaylar\u0131n Avrupal\u0131 dostlar\u0131m\u0131z taraf\u0131ndan \u00e7ok iyi sorgulanmas\u0131 gerekti\u011fini, uyu\u015fturucunun ter\u00f6re finans kayna\u011f\u0131 sa\u011flad\u0131\u011f\u0131n\u0131, bat\u0131da gen\u00e7lerin, \u00e7ocuklar\u0131n uyu\u015fturucu tuza\u011f\u0131na d\u00fc\u015ft\u00fc\u011f\u00fcn\u00fc ama bu konuda bat\u0131l\u0131 dostlar\u0131m\u0131z\u0131n daha dikkatli olmalar\u0131 ve ter\u00f6re finans sa\u011flayan yasa d\u0131\u015f\u0131 olaylar\u0131n daha sa\u011fl\u0131kl\u0131 izlenmesi gerekti\u011fini s\u00f6yledim.<\/p>\n<p style=\"text-align: justify;\">Bu arada may\u0131n kullanman\u0131n b\u00fct\u00fcn uygar \u00fclkelerde su\u00e7 oldu\u011funu, T\u00fcrkiye&#8217;nin de uluslararas\u0131 anla\u015fmalara imza att\u0131\u011f\u0131n\u0131 ama ter\u00f6r \u00f6rg\u00fct\u00fcn\u00fcn may\u0131n kulland\u0131\u011f\u0131n\u0131, bu may\u0131n\u0131n sa\u011flayan \u00fclkelerin de kendilerini sorgulama gerekti\u011fini ve sadece bizim sorgulamam\u0131z de\u011fil, Avrupal\u0131 dostlar\u0131m\u0131z\u0131n da bu konuda daha dikkatli bir politika izlemeleri gerekti\u011fini ifade ettim.&#8221;<\/p>\n<p style=\"text-align: justify;\">K\u0131l\u0131\u00e7daro\u011flu, gazetelerde \u00e7\u0131kan &#8216;Ter\u00f6rle m\u00fccadelede ortak ak\u0131l sa\u011flanmal\u0131&#8221; a\u00e7\u0131klamas\u0131yla neyi kastetti\u011fine y\u00f6nelik soruyu da \u015f\u00f6yle yan\u0131tlad\u0131: &#8220;Ter\u00f6rle m\u00fccadele konusunda ulusal bir mutabakat sa\u011flanmas\u0131 gerekti\u011fini s\u00f6yledim. \u00c7\u00fcnk\u00fc bir siyasal iktidar d\u00f6neminde \u00e7\u0131kan veya sonland\u0131r\u0131lan bir olay olmas\u0131n\u0131n \u00f6tesinde uzun s\u00fcredir devam eden bir olgu olarak kar\u015f\u0131m\u0131zda duruyor. Bu konuda yapmam\u0131z gereken b\u00fct\u00fcn siyasal partilerin sivil toplum kurulu\u015flar\u0131n\u0131n bu konuda \u00e7aba harcayan devlet kurumlar\u0131n\u0131n, \u00fcniversitelerin, ortak g\u00f6r\u00fc\u015f olu\u015fturarak ter\u00f6r \u00f6rg\u00fct\u00fcne kar\u015f\u0131 m\u00fccadele etmeleri gerekti\u011fini s\u00f6yledim.<\/p>\n<p style=\"text-align: justify;\">E\u011fer bu y\u00f6ntem izlenebilirse b\u00fcy\u00fck bir toplumsal uzla\u015fma sa\u011flanacakt\u0131r. B\u00f6ylece ter\u00f6r\u00fcn sadece g\u00fcvenlik boyutunun de\u011fil di\u011fer boyutlar\u0131n\u0131 da g\u00f6rm\u00fc\u015f olaca\u011f\u0131z. Ter\u00f6re finans deste\u011fi sa\u011flayan kesimleri g\u00f6rm\u00fc\u015f olaca\u011f\u0131z. Ter\u00f6r\u00fcn ekonomik, sosyal, k\u00fclt\u00fcrel ve psikolojik boyutunu da sorgular hale gelece\u011fiz. Daha sa\u011fl\u0131kl\u0131 \u00e7\u00f6z\u00fcmler \u00fcretebilece\u011fimizi d\u00fc\u015f\u00fcn\u00fcyorum. Duygular\u0131m\u0131zdan ar\u0131n\u0131p akl\u0131 ve mant\u0131\u011f\u0131 kulland\u0131\u011f\u0131m\u0131z zaman sa\u011fl\u0131kl\u0131 \u00e7\u00f6z\u00fcmlere y\u00f6neldi\u011fimiz zaman T\u00fcrkiye&#8217;nin ter\u00f6r sorununu \u00e7\u00f6zece\u011fine inan\u0131yorum.&#8221;<\/p>\n<p style=\"text-align: justify;\">Yeme\u011fe, CHP Genel Ba\u015fkan Yard\u0131mc\u0131s\u0131 Haluk Ko\u00e7, Bilim Y\u00f6netim K\u00fclt\u00fcr Platformu Ba\u015fkan\u0131 Sencer Ayata, CHP Avrupa Birli\u011fi Temsilcisi Kader Sevin\u00e7 de kat\u0131ld\u0131.<\/p>\n<p style=\"text-align: justify;\"><span style=\"color: #888888;\">CNN T\u00dcRK<\/span><\/p>\n","protected":false},"excerpt":{"rendered":"<\/p>\n<p style=\"text-align: justify;\">CHP lideri Kemal K\u0131l\u0131\u00e7dao\u011flu, Avrupa Birli\u011fi b\u00fcy\u00fckel\u00e7ileriyle bir araya geldi. T\u00fcrkiye&#8217;nin Avrupa Birli\u011fi s\u00fcreci, eksen tart\u0131\u015fmalar\u0131 ve ter\u00f6rle m\u00fccadele gibi s\u0131cak g\u00fcndem maddeleri konu\u015fuldu. K\u0131l\u0131\u00e7daro\u011flu \u00e7\u0131k\u0131\u015fta, g\u00f6r\u00fc\u015fmenin ayr\u0131nt\u0131lar\u0131n\u0131 anlatt\u0131.<\/p>\n<p style=\"text-align: justify;\">Yakla\u015f\u0131k iki saat s\u00fcren yemekli toplant\u0131n\u0131n ard\u0131ndan gazetecilere a\u00e7\u0131klamalarda bulunan K\u0131l\u0131\u00e7daro\u011flu, g\u00f6r\u00fc\u015fmede AB \u00fcyeli\u011fi s\u00fcrecinde CHP&#8217;nin kararl\u0131l\u0131\u011f\u0131n\u0131 b\u00fcy\u00fckel\u00e7ilere aktard\u0131klar\u0131n\u0131 belirtti. <\/p>\n","protected":false},"author":1,"featured_media":0,"comment_status":"open","ping_status":"closed","sticky":false,"template":"","format":"standard","meta":{"footnotes":""},"categories":[105],"tags":[],"class_list":["post-23912","post","type-post","status-publish","format-standard","hentry","category-gundem","odd"],"_links":{"self":[{"href":"http:\/\/www.korhanyilmaz.com\/index.php?rest_route=\/wp\/v2\/posts\/23912","targetHints":{"allow":["GET"]}}],"collection":[{"href":"http:\/\/www.korhanyilmaz.com\/index.php?rest_route=\/wp\/v2\/posts"}],"about":[{"href":"http:\/\/www.korhanyilmaz.com\/index.php?rest_route=\/wp\/v2\/types\/post"}],"author":[{"embeddable":true,"href":"http:\/\/www.korhanyilmaz.com\/index.php?rest_route=\/wp\/v2\/users\/1"}],"replies":[{"embeddable":true,"href":"http:\/\/www.korhanyilmaz.com\/index.php?rest_route=%2Fwp%2Fv2%2Fcomments&post=23912"}],"version-history":[{"count":0,"href":"http:\/\/www.korhanyilmaz.com\/index.php?rest_route=\/wp\/v2\/posts\/23912\/revisions"}],"wp:attachment":[{"href":"http:\/\/www.korhanyilmaz.com\/index.php?rest_route=%2Fwp%2Fv2%2Fmedia&parent=23912"}],"wp:term":[{"taxonomy":"category","embeddable":true,"href":"http:\/\/www.korhanyilmaz.com\/index.php?rest_route=%2Fwp%2Fv2%2Fcategories&post=23912"},{"taxonomy":"post_tag","embeddable":true,"href":"http:\/\/www.korhanyilmaz.com\/index.php?rest_route=%2Fwp%2Fv2%2Ftags&post=23912"}],"curies":[{"name":"wp","href":"https:\/\/api.w.org\/{rel}","templated":true}]}}