{"id":23910,"date":"2010-06-24T17:02:33","date_gmt":"2010-06-24T17:02:33","guid":{"rendered":"http:\/\/www.korhanyilmaz.com\/?p=23910"},"modified":"2010-06-24T17:02:33","modified_gmt":"2010-06-24T17:02:33","slug":"halkalidaki-saldiriyla-ilgili-9-kisiye-tutuklama-istemi","status":"publish","type":"post","link":"http:\/\/www.korhanyilmaz.com\/?p=23910","title":{"rendered":"Halkal\u0131&#8217;daki sald\u0131r\u0131yla ilgili 9 ki\u015fiye tutuklama istemi"},"content":{"rendered":"<p style=\"text-align: center;\"><a href=\"http:\/\/www.korhanyilmaz.com\/wp-content\/uploads\/2010\/06\/120.jpg\"  class=\"lightview\"><img loading=\"lazy\" decoding=\"async\" class=\"aligncenter size-full wp-image-23806\" title=\"120\" src=\"http:\/\/www.korhanyilmaz.com\/wp-content\/uploads\/2010\/06\/120.jpg\" alt=\"\" width=\"406\" height=\"196\" \/><\/a><\/p>\n<p style=\"text-align: justify;\">\u0130stanbul&#8217;da polis ve askeri personel ta\u015f\u0131yan servis ara\u00e7lar\u0131na y\u00f6nelik bombal\u0131 sald\u0131r\u0131larla ilgili olarak g\u00f6zalt\u0131na al\u0131nan 19 ki\u015fiden 9&#8217;u tutuklanmalar\u0131 talebiyle mahkemeye sevk edildi. 10&#8217;u ise serbest b\u0131rak\u0131ld\u0131.<!--more--><\/p>\n<p style=\"text-align: justify;\">Soru\u015fturmay\u0131 y\u00fcr\u00fcten 4 Cumhuriyet savc\u0131s\u0131 taraf\u0131ndan ifadeleri al\u0131nan 19 ki\u015fiden 9&#8217;u, &#8220;Silahl\u0131 ter\u00f6r \u00f6rg\u00fct\u00fcne \u00fcye olmak&#8221; iddias\u0131yla tutuklanmalar\u0131 istemiyle n\u00f6bet\u00e7i mahkemeye g\u00f6nderildi. Savc\u0131l\u0131k, ifadeleri al\u0131nan di\u011fer 10 ki\u015fiyi ise serbest b\u0131rakt\u0131.<\/p>\n<p style=\"text-align: justify;\">\u0130stanbul Valisi H\u00fcseyin Avni Mutlu da, \u0130stanbul Valili\u011fi&#8217;nde yapt\u0131\u011f\u0131 bas\u0131n a\u00e7\u0131klamas\u0131nda, 8 Haziran 2010 tarihinde K\u00fc\u00e7\u00fck\u00e7ekmece \u0130stasyon Caddesi \u00fczerinde bir polis servis arac\u0131na y\u00f6nelik d\u00fczenlenen bombal\u0131 sald\u0131r\u0131 sonucu 15 polis memurun yaraland\u0131\u011f\u0131n\u0131, sald\u0131r\u0131y\u0131 B\u00f6l\u00fcc\u00fc Ter\u00f6r \u00d6rg\u00fct\u00fcn\u00fcn \u00fcstlendi\u011fi belirtti.<\/p>\n<p style=\"text-align: justify;\">Mutlu, Ter\u00f6rle M\u00fccadele \u015eube M\u00fcd\u00fcrl\u00fc\u011f\u00fc ve \u0130stihbarat \u015eube M\u00fcd\u00fcrl\u00fc\u011f\u00fc&#8217;n\u00fcn \u00e7al\u0131\u015fmalar\u0131 sonucunda 8 Haziran&#8217;daki eylemle ilgili oldu\u011fu tespit edilen ve yeni bir eylem haz\u0131rl\u0131\u011f\u0131 i\u00e7inde olduklar\u0131 de\u011ferlendirilen B\u00f6l\u00fcc\u00fc Ter\u00f6r \u00d6rg\u00fct\u00fcn\u00fcn yurtd\u0131\u015f\u0131 unsurlar\u0131yla irtibatl\u0131 3 ki\u015finin, 21 Haziran sabah\u0131 ger\u00e7ekle\u015ftirilen operasyonla yakaland\u0131\u011f\u0131n\u0131 kaydetti.<\/p>\n<p style=\"text-align: justify;\">Devam eden operasyonlarda yakalanan \u015fah\u0131slarla ilgili mahalli alanda faaliyet g\u00f6steren 16 \u015f\u00fcphelinin daha g\u00f6zalt\u0131na al\u0131nd\u0131\u011f\u0131n\u0131 dile getiren Mutlu, \u015funlar\u0131 s\u00f6yledi:<\/p>\n<p style=\"text-align: justify;\">&#8220;Operasyonun ikinci g\u00fcn\u00fc olan 22 Haziran Sal\u0131 g\u00fcn\u00fc, K\u00fc\u00e7\u00fck\u00e7ekmece Yar\u0131mburgaz Mahallesinde askeri servis arac\u0131na y\u00f6nelik par\u00e7a tesirli bas\u0131n\u00e7 etkili bir bomban\u0131n uzaktan kumandayla patlat\u0131lmas\u0131 sonucu 4 askeri personel ile bir personelin k\u0131z \u00e7ocu\u011fu \u015fehit olmu\u015ftur. 14 askeri personel ise yaralanm\u0131\u015ft\u0131r. G\u00f6zalt\u0131na al\u0131nan 19 \u015f\u00fcpheli 24 Haziran g\u00fcn\u00fc ikinci eylemin de haz\u0131rl\u0131k safhas\u0131nda yer ald\u0131klar\u0131 y\u00f6n\u00fcnde elde edilen maddi delillerle birlikte adli makamlara sevk edilmi\u015ftir.<\/p>\n<p style=\"text-align: justify;\">Patlamay\u0131 uzaktan kumandayla ger\u00e7ekle\u015ftiren \u015fahsa y\u00f6nelik yakalama \u00e7al\u0131\u015fmalar\u0131na devam edilmektedir. Her iki olayla ilgisi oldu\u011fu de\u011ferlendirilerek yakalanan 10 \u015f\u00fcpheliyle ilgili soru\u015fturma \u00e7ok y\u00f6nl\u00fc devam edilmektedir.&#8221;<\/p>\n<p style=\"text-align: justify;\"><strong>&#8220;Eylemler ba\u011flant\u0131l\u0131&#8221; <\/strong><\/p>\n<p style=\"text-align: justify;\">Vali Mutlu, &#8220;Halkal\u0131&#8217;da askeri personeli ta\u015f\u0131yan servis arac\u0131na y\u00f6nelik bombay\u0131 patlatan sald\u0131rgan\u0131n kimli\u011finin tespit edilip edilmedi\u011fi&#8221;ne y\u00f6nelik soru \u00fczerine, emniyet m\u00fcd\u00fcrl\u00fc\u011f\u00fcn\u00fcn ilgili birimleri ve konuyla ilgili istihbarat birimlerinin \u00e7ok yo\u011fun, koordineli bir istihbarat \u00e7al\u0131\u015fmas\u0131 s\u00fcrd\u00fcrd\u00fcklerini s\u00f6yledi.<\/p>\n<p style=\"text-align: justify;\">Mutlu, &#8220;O nedenle bu konuda \u015fu a\u015famada bir a\u00e7\u0131klama yapmay\u0131 arzu etmiyoruz. Bu \u015fahs\u0131n da yakalanmas\u0131 y\u00f6n\u00fcnde \u00e7al\u0131\u015fmalar\u0131m\u0131z devam ediyor&#8221; dedi.<\/p>\n<p style=\"text-align: justify;\">Polis ve askeri personel servis ara\u00e7lar\u0131na yap\u0131lan sald\u0131r\u0131lar\u0131n ba\u011flant\u0131l\u0131 olup olmad\u0131\u011f\u0131 y\u00f6n\u00fcndeki bir soruya da Mutlu, &#8220;Her iki eylemin birbiriyle ba\u011flant\u0131l\u0131 oldu\u011fu kesin olarak ortada&#8221; yan\u0131t\u0131n\u0131 verdi.<\/p>\n<p style=\"text-align: justify;\">Bu iki eylemi ger\u00e7ekle\u015ftiren grubun g\u00f6zalt\u0131na al\u0131nd\u0131\u011f\u0131n\u0131 konu\u015fmas\u0131nda da ifade etti\u011fini belirten Mutlu, &#8220;Her iki eylem de b\u00f6l\u00fcc\u00fc ter\u00f6r \u00f6rg\u00fct\u00fc taraf\u0131ndan \u00fcstlenildi ve bu eylemi ger\u00e7ekle\u015ftiren, haz\u0131rl\u0131klar\u0131n\u0131 yapanlara y\u00f6nelik de tespitlerimiz sonucunda bug\u00fcn adli makamlara da ilgilileri sevk ettik. Sadece bu eylemle ilgili bombay\u0131 patlatan \u00fczerindeki \u00e7al\u0131\u015fmalar\u0131m\u0131z\u0131 yo\u011fun s\u00fcrd\u00fcr\u00fcyoruz&#8221; diye konu\u015ftu.<\/p>\n<p style=\"text-align: justify;\">Mutlu, Halkal\u0131&#8217;da askeri personel arac\u0131na y\u00f6nelik bomban\u0131n bir d\u00fcd\u00fckl\u00fc tencere i\u00e7erisinde bulundu\u011fu yolundaki bilgilerin do\u011fru olup olmad\u0131\u011f\u0131n\u0131 soran bir gazeteciye de bomban\u0131n bas\u0131n\u00e7 tesirli ve uzaktan kumandal\u0131 bir bomba oldu\u011fu cevab\u0131n\u0131 verdi.<\/p>\n<p style=\"text-align: justify;\">Bomban\u0131n ne \u015fekilde haz\u0131rland\u0131\u011f\u0131 ve nas\u0131l bir d\u00fczenekle olu\u015fturuldu\u011fu konusunun daha \u00f6zel bir konu oldu\u011funu vurgulayan Mutlu, &#8220;Bunlar\u0131n detaylar\u0131n\u0131n tamam\u0131 bizde var. Nas\u0131l yap\u0131ld\u0131\u011f\u0131n\u0131 biliyoruz, ne t\u00fcr bir patlay\u0131c\u0131 haz\u0131rland\u0131\u011f\u0131n\u0131 biliyoruz. Dolay\u0131s\u0131yla detaylardan ziyade, bomban\u0131n niteli\u011fi, uzaktan kumandal\u0131, bas\u0131n\u00e7 tesirli bir bomba oldu\u011funun bilinmesi yeterli&#8221; \u015feklinde konu\u015ftu.<\/p>\n<p style=\"text-align: justify;\">&#8220;Ba\u015fka eylem haz\u0131rl\u0131\u011f\u0131 i\u00e7inde olduklar\u0131na y\u00f6nelik bilgi var m\u0131?&#8221; sorusu \u00fczerine de Vali Mutlu, \u015fu yan\u0131t\u0131 verdi:<\/p>\n<p style=\"text-align: justify;\">&#8220;Tabii, bu konuda ayn\u0131 grubun yeni eylem haz\u0131rl\u0131klar\u0131 i\u00e7inde oldu\u011fu y\u00f6n\u00fcnde \u015fu anda elimizde net bir bilgi yok. Ancak \u015fayet tespit edilememi\u015f olsalard\u0131, tamamen bu konuyla ilgili uzmanla\u015fm\u0131\u015f, \u00e7al\u0131\u015fan, koordineli bir ekip olmas\u0131 nedeniyle de farkl\u0131 yerlerde de bu t\u00fcr eylemleri ger\u00e7ekle\u015ftirebilece\u011fi y\u00f6n\u00fcnde bir de\u011ferlendirmemiz var.&#8221;<\/p>\n<p style=\"text-align: justify;\"><span style=\"color: #888888;\">CNN T\u00dcRK<\/span><\/p>\n","protected":false},"excerpt":{"rendered":"<p style=\"text-align: center;\">\n<p style=\"text-align: justify;\">\u0130stanbul&#8217;da polis ve askeri personel ta\u015f\u0131yan servis ara\u00e7lar\u0131na y\u00f6nelik bombal\u0131 sald\u0131r\u0131larla ilgili olarak g\u00f6zalt\u0131na al\u0131nan 19 ki\u015fiden 9&#8217;u tutuklanmalar\u0131 talebiyle mahkemeye sevk edildi. 10&#8217;u ise serbest b\u0131rak\u0131ld\u0131.<\/p>\n","protected":false},"author":1,"featured_media":0,"comment_status":"open","ping_status":"closed","sticky":false,"template":"","format":"standard","meta":{"footnotes":""},"categories":[105],"tags":[],"class_list":["post-23910","post","type-post","status-publish","format-standard","hentry","category-gundem","odd"],"_links":{"self":[{"href":"http:\/\/www.korhanyilmaz.com\/index.php?rest_route=\/wp\/v2\/posts\/23910","targetHints":{"allow":["GET"]}}],"collection":[{"href":"http:\/\/www.korhanyilmaz.com\/index.php?rest_route=\/wp\/v2\/posts"}],"about":[{"href":"http:\/\/www.korhanyilmaz.com\/index.php?rest_route=\/wp\/v2\/types\/post"}],"author":[{"embeddable":true,"href":"http:\/\/www.korhanyilmaz.com\/index.php?rest_route=\/wp\/v2\/users\/1"}],"replies":[{"embeddable":true,"href":"http:\/\/www.korhanyilmaz.com\/index.php?rest_route=%2Fwp%2Fv2%2Fcomments&post=23910"}],"version-history":[{"count":0,"href":"http:\/\/www.korhanyilmaz.com\/index.php?rest_route=\/wp\/v2\/posts\/23910\/revisions"}],"wp:attachment":[{"href":"http:\/\/www.korhanyilmaz.com\/index.php?rest_route=%2Fwp%2Fv2%2Fmedia&parent=23910"}],"wp:term":[{"taxonomy":"category","embeddable":true,"href":"http:\/\/www.korhanyilmaz.com\/index.php?rest_route=%2Fwp%2Fv2%2Fcategories&post=23910"},{"taxonomy":"post_tag","embeddable":true,"href":"http:\/\/www.korhanyilmaz.com\/index.php?rest_route=%2Fwp%2Fv2%2Ftags&post=23910"}],"curies":[{"name":"wp","href":"https:\/\/api.w.org\/{rel}","templated":true}]}}