{"id":23905,"date":"2010-06-24T17:02:05","date_gmt":"2010-06-24T17:02:05","guid":{"rendered":"http:\/\/www.korhanyilmaz.com\/?p=23905"},"modified":"2010-06-24T17:02:05","modified_gmt":"2010-06-24T17:02:05","slug":"bdpnin-erdogan-gensorusuna-ret","status":"publish","type":"post","link":"http:\/\/www.korhanyilmaz.com\/?p=23905","title":{"rendered":"BDP&#8217;nin Erdo\u011fan gensorusuna ret"},"content":{"rendered":"<p style=\"text-align: center;\"><a href=\"http:\/\/www.korhanyilmaz.com\/wp-content\/uploads\/2010\/06\/144.jpg\"  class=\"lightview\"><img loading=\"lazy\" decoding=\"async\" class=\"size-full wp-image-23906 aligncenter\" src=\"http:\/\/www.korhanyilmaz.com\/wp-content\/uploads\/2010\/06\/144.jpg\" alt=\"\" width=\"292\" height=\"194\" \/><\/a><\/p>\n<p style=\"text-align: justify;\">TBMM Genel Kurulunda, BDP&#8217;nin, Ba\u015fbakan Recep Tayyip Erdo\u011fan hakk\u0131nda verdi\u011fi gensoru \u00f6nergesinin g\u00fcndeme al\u0131nmas\u0131 kabul edilmedi.<\/p>\n<p style=\"text-align: justify;\">Ba\u015fbakan Erdo\u011fan hakk\u0131nda, &#8220;<strong>H\u00fck\u00fcmet program\u0131nda verilen s\u00f6zleri yerine getirmedi\u011fi, hedefleri yakalamada ba\u015far\u0131s\u0131zl\u0131\u011fa u\u011frad\u0131\u011f\u0131, &#8216;a\u00e7\u0131l\u0131m&#8217; derken &#8216;ayr\u0131mc\u0131l\u0131k&#8217; yapt\u0131\u011f\u0131, gizli dinlemelerle yarg\u0131y\u0131 siyasalla\u015ft\u0131rd\u0131\u011f\u0131, muhaliflerine bask\u0131 kurdu\u011fu<\/strong>&#8221; gerek\u00e7esiyle BDP taraf\u0131ndan verilen gensoru \u00f6nergesinin g\u00fcndeme al\u0131n\u0131p al\u0131nmayaca\u011f\u0131 konusundaki g\u00f6r\u00fc\u015fmeler tamamland\u0131. <!--more--><\/p>\n<p style=\"text-align: justify;\">G\u00f6r\u00fc\u015fmelerden sonra yap\u0131lan oylamada gensoru \u00f6nergesinin g\u00fcndeme al\u0131nmas\u0131 kabul edilmedi.<\/p>\n<p style=\"text-align: justify;\">\u00d6nerge \u00fczerinde ilk s\u00f6z\u00fc BDP Grubu ad\u0131na \u015e\u0131rnak Milletvekili Hasip Kaplan ald\u0131.<\/p>\n<p style=\"text-align: justify;\"><span style=\"color: #888888;\">CNN T\u00dcRK<\/span><\/p>\n","protected":false},"excerpt":{"rendered":"<p style=\"text-align: center;\">\n<p style=\"text-align: justify;\">TBMM Genel Kurulunda, BDP&#8217;nin, Ba\u015fbakan Recep Tayyip Erdo\u011fan hakk\u0131nda verdi\u011fi gensoru \u00f6nergesinin g\u00fcndeme al\u0131nmas\u0131 kabul edilmedi.<\/p>\n<p style=\"text-align: justify;\">Ba\u015fbakan Erdo\u011fan hakk\u0131nda, &#8220;H\u00fck\u00fcmet program\u0131nda verilen s\u00f6zleri yerine getirmedi\u011fi, hedefleri yakalamada ba\u015far\u0131s\u0131zl\u0131\u011fa u\u011frad\u0131\u011f\u0131, &#8216;a\u00e7\u0131l\u0131m&#8217; derken &#8216;ayr\u0131mc\u0131l\u0131k&#8217; yapt\u0131\u011f\u0131, gizli dinlemelerle yarg\u0131y\u0131 siyasalla\u015ft\u0131rd\u0131\u011f\u0131, muhaliflerine bask\u0131 kurdu\u011fu&#8221; gerek\u00e7esiyle BDP taraf\u0131ndan verilen gensoru \u00f6nergesinin g\u00fcndeme al\u0131n\u0131p <\/p>\n","protected":false},"author":1,"featured_media":0,"comment_status":"open","ping_status":"closed","sticky":false,"template":"","format":"standard","meta":{"footnotes":""},"categories":[105],"tags":[],"class_list":["post-23905","post","type-post","status-publish","format-standard","hentry","category-gundem","odd"],"_links":{"self":[{"href":"http:\/\/www.korhanyilmaz.com\/index.php?rest_route=\/wp\/v2\/posts\/23905","targetHints":{"allow":["GET"]}}],"collection":[{"href":"http:\/\/www.korhanyilmaz.com\/index.php?rest_route=\/wp\/v2\/posts"}],"about":[{"href":"http:\/\/www.korhanyilmaz.com\/index.php?rest_route=\/wp\/v2\/types\/post"}],"author":[{"embeddable":true,"href":"http:\/\/www.korhanyilmaz.com\/index.php?rest_route=\/wp\/v2\/users\/1"}],"replies":[{"embeddable":true,"href":"http:\/\/www.korhanyilmaz.com\/index.php?rest_route=%2Fwp%2Fv2%2Fcomments&post=23905"}],"version-history":[{"count":0,"href":"http:\/\/www.korhanyilmaz.com\/index.php?rest_route=\/wp\/v2\/posts\/23905\/revisions"}],"wp:attachment":[{"href":"http:\/\/www.korhanyilmaz.com\/index.php?rest_route=%2Fwp%2Fv2%2Fmedia&parent=23905"}],"wp:term":[{"taxonomy":"category","embeddable":true,"href":"http:\/\/www.korhanyilmaz.com\/index.php?rest_route=%2Fwp%2Fv2%2Fcategories&post=23905"},{"taxonomy":"post_tag","embeddable":true,"href":"http:\/\/www.korhanyilmaz.com\/index.php?rest_route=%2Fwp%2Fv2%2Ftags&post=23905"}],"curies":[{"name":"wp","href":"https:\/\/api.w.org\/{rel}","templated":true}]}}