{"id":23900,"date":"2010-06-24T08:12:06","date_gmt":"2010-06-24T08:12:06","guid":{"rendered":"http:\/\/www.korhanyilmaz.com\/?p=23900"},"modified":"2010-06-24T08:12:06","modified_gmt":"2010-06-24T08:12:06","slug":"muridlerine-tecavuz-eden-cemaat-liderine-korkunc-infaz","status":"publish","type":"post","link":"http:\/\/www.korhanyilmaz.com\/?p=23900","title":{"rendered":"M\u00fcridlerine tecav\u00fcz eden cemaat liderine korkun\u00e7 infaz"},"content":{"rendered":"<p style=\"text-align: justify;\"><a href=\"http:\/\/www.korhanyilmaz.com\/wp-content\/uploads\/2010\/06\/143.jpg\"  class=\"lightview\"><img loading=\"lazy\" decoding=\"async\" class=\"size-full wp-image-23901 aligncenter\" src=\"http:\/\/www.korhanyilmaz.com\/wp-content\/uploads\/2010\/06\/143.jpg\" alt=\"\" width=\"290\" height=\"175\" \/><\/a><\/p>\n<p style=\"text-align: justify;\">\u0130zmir\u2019de yedi kad\u0131n m\u00fcridine tecav\u00fcz eden cemaat liderinin, kad\u0131nlar\u0131n kocalar\u0131 taraf\u0131ndan lin\u00e7 edilip g\u00f6m\u00fcld\u00fc\u011f\u00fc ortaya \u00e7\u0131kt\u0131.<\/p>\n<p style=\"text-align: justify;\"><strong>CEMAAT L\u0130DER\u0130 2 YILDIR KAYIPTI<\/strong><\/p>\n<p style=\"text-align: justify;\">Bal\u0131kesir\u2019de ge\u00e7en hafta cesedi bulunan Tuncay G\u00fcng\u00f6r\u2019\u00fcn (49) cinayetinden inan\u0131lmaz bir olay \u00e7\u0131kt\u0131: 5 y\u0131l \u00f6nce tarikattan ayr\u0131lan G\u00fcng\u00f6r, kendi cemaatini kurdu. 2008\u2019de M.\u00d6. adl\u0131 kad\u0131n m\u00fcridine tecav\u00fcze kalk\u0131\u015ft\u0131. <!--more--><\/p>\n<p style=\"text-align: justify;\">M.\u00d6. olay\u0131 kocas\u0131na anlat\u0131nca, G\u00fcng\u00f6r\u2019\u00fcn 7 kad\u0131na daha tecav\u00fcz etti\u011fi anla\u015f\u0131ld\u0131. 7 kad\u0131n\u0131n e\u015fi dahil 13 cemaat \u00fcyesi, G\u00fcng\u00f6r\u2019\u00fc lin\u00e7 etti. \u0130ki m\u00fcrit de Susurluk\u2019a g\u00f6md\u00fc. 13 ki\u015fi tutukland\u0131.<\/p>\n<p style=\"text-align: justify;\"><strong>Cemaat, e\u015flerine tecav\u00fcz etti\u011fi i\u00e7in liderini lin\u00e7 etti <\/strong><\/p>\n<p style=\"text-align: justify;\">Bal\u0131kesir\u2019de ge\u00e7en hafta cesedi topra\u011fa g\u00f6m\u00fcl\u00fc olarak bulunan ayakkab\u0131c\u0131 Tuncay G\u00fcng\u00f6r\u2019\u00fcn (49) lideri oldu\u011fu cemaatin \u00fcyeleri taraf\u0131ndan \u00f6nce feci \u015fekilde d\u00f6v\u00fcld\u00fc\u011f\u00fc, sonra da iple bo\u011fuldu\u011fu ortaya \u00e7\u0131kt\u0131. G\u00fcng\u00f6r\u2019\u00fcn cemat \u00fcyelerinden 7\u2019sinin e\u015flerine tecav\u00fcz etti\u011fi i\u00e7in lin\u00e7 edildi\u011fi belirtildi.<\/p>\n<p style=\"text-align: justify;\">DAHA \u00f6nce bir tarikatla ba\u011flant\u0131s\u0131 bulundu\u011fu \u00f6\u011frenilen ayakkab\u0131c\u0131 Tuncay G\u00fcng\u00f6r, 2005 y\u0131l\u0131nda tarikattan ayr\u0131ld\u0131ktan sonra kendini \u201choca\u201d olarak tan\u0131t\u0131p \u00e7evresindekilerle dini sohbetler yapmaya ba\u015flad\u0131. Zamanla \u00e7evresinde 30 erkek ve 20 kad\u0131ndan olu\u015fan k\u00fc\u00e7\u00fck bir topluluk olu\u015fturan G\u00fcng\u00f6r, \u00e7o\u011funlu\u011fu esnaf olan bu insanlarla, Konak\u2019ta kiralad\u0131\u011f\u0131 iki evde dini sohbetlerini s\u00fcrd\u00fcrmeye ba\u015flad\u0131. Evli ve bir \u00e7ocuk babas\u0131 G\u00fcng\u00f6r, iddiaya g\u00f6re bir s\u00fcre sonra bu evlere \u00e7a\u011f\u0131rd\u0131\u011f\u0131 baz\u0131 cemaat \u00fcyelerinin e\u015flerine tecav\u00fcz etti.<\/p>\n<p style=\"text-align: justify;\"><strong>KOCASINA ANLATTI<\/strong><\/p>\n<p style=\"text-align: justify;\">2008 y\u0131l\u0131nda G\u00fcng\u00f6r\u2019\u00fcn tecav\u00fcze yeltendi\u011fi cemaat \u00fcyesi M.\u00d6. adl\u0131 kad\u0131n, ba\u015f\u0131na gelenleri kocas\u0131 T.\u00d6.\u2019ye anlatt\u0131. M.\u00d6. kendisine tacizde bulunan Tuncay G\u00fcng\u00f6r\u2019\u00fcn cemaatten 7 kad\u0131na tecav\u00fcz etti\u011fini de kocas\u0131na s\u00f6yledi. Bunun \u00fczerine T.\u00d6. tecav\u00fcze u\u011frayan kad\u0131nlar\u0131n kocalar\u0131yla biraraya gelerek durumu anlatt\u0131. E\u015fleri tecav\u00fcze u\u011frayan 7 ki\u015finin de bulundu\u011fu toplam 13 cemaat \u00fcyesi, Basmane semtinde T.\u00d6.\u2019ye ait i\u015fyerinde bulu\u015farak Tuncay G\u00fcng\u00f6r\u2019\u00fc \u00f6ld\u00fcrme karar\u0131 ald\u0131.<\/p>\n<p style=\"text-align: justify;\"><strong>TARLAYA G\u00d6MD\u00dcLER<\/strong><\/p>\n<p style=\"text-align: justify;\">Tuncay G\u00fcng\u00f6r\u2019\u00fc sohbet etmek bahanesiyle i\u015fyerine \u00e7a\u011f\u0131ran cemaat \u00fcyeleri, \u00f6nce e\u015fleriyle G\u00fcng\u00f6r\u2019\u00fc y\u00fczle\u015ftirdi. Daha sonra e\u015flerini g\u00f6nderen 13 cemaat \u00fcyesi, G\u00fcng\u00f6r\u2019\u00fc \u00f6nce feci \u015fekilde d\u00f6vd\u00fc, ard\u0131ndan iple bo\u011fdu. G\u00fcng\u00f6r\u2019\u00fcn cesedi, zanl\u0131lardan T.\u00d6. ve F.F. taraf\u0131ndan Bal\u0131kesir\u2019in  Susurluk \u0130l\u00e7esi&#8217;ne ba\u011fl\u0131 Muradiye K\u00f6y\u00fc\u2019nde pirin\u00e7 tarlas\u0131na g\u00f6m\u00fcld\u00fc.<\/p>\n<p style=\"text-align: justify;\"><strong>TELEFON KAYITLARI<\/strong><\/p>\n<p style=\"text-align: justify;\">Tuncay G\u00fcng\u00f6r\u2019\u00fcn eve gelmemesi \u00fczerine ailesi, 10 Haziran 2008\u2019de kay\u0131p ba\u015fvurusu yapt\u0131. \u0130zmir Emniyet M\u00fcd\u00fcrl\u00fc\u011f\u00fc Kay\u0131p \u015eah\u0131slar B\u00fcro Amirli\u011fi ekipleri, G\u00fcng\u00f6r\u2019\u00fcn kaybolduktan sonra hi\u00e7bir telefon g\u00f6r\u00fc\u015fmesi ve banka i\u015flemi yapmad\u0131\u011f\u0131n\u0131 ortaya \u00e7\u0131kard\u0131. Kayboldu\u011fu gece cemaat \u00fcyeleriyle \u00e7ok say\u0131da telefon g\u00f6r\u00fc\u015fmesinde bulundu\u011fu da tespit edildi.<\/p>\n<p style=\"text-align: justify;\"><strong>CEMAATE TAK\u0130P<\/strong><\/p>\n<p style=\"text-align: justify;\">G\u00fcng\u00f6r\u2019\u00fcn cemaat \u00fcyeleri taraf\u0131ndan \u00f6ld\u00fcr\u00fclm\u00fc\u015f olabilece\u011fini d\u00fc\u015f\u00fcnen polis, teknik takip ba\u015flatt\u0131. Yap\u0131lan tespitlerden sonra cemaat \u00fcyeleri T.\u00d6., F.F., D.K., A.K., H.T., R.K., U.I., M.A., H.B., U.G., N.K.F., K.F. ve C.\u00d6. Cinayet B\u00fcro Amirli\u011fi ekipleri taraf\u0131ndan g\u00f6zalt\u0131na al\u0131nd\u0131. Zanl\u0131lar\u0131n sorgular\u0131n\u0131n ard\u0131ndan G\u00fcng\u00f6r\u2019\u00fcn cesedi, arama k\u00f6peklerinin yard\u0131m\u0131yla g\u00f6m\u00fcld\u00fc\u011f\u00fc yerden \u00e7\u0131kar\u0131ld\u0131. Zanl\u0131lardan baz\u0131lar\u0131n\u0131n susma hakk\u0131n\u0131 kulland\u0131\u011f\u0131, baz\u0131lar\u0131n\u0131n cinayeti itiraf ettikleri kaydedildi. Cinayete kar\u0131\u015ft\u0131klar\u0131 \u00f6\u011frenilen 13 ki\u015fi tutuklanarak cezaevine g\u00f6nderildi.<\/p>\n<p style=\"text-align: justify;\"><span style=\"color: #888888;\">Habert\u00fcrk<\/span><\/p>\n","protected":false},"excerpt":{"rendered":"<p style=\"text-align: justify;\">\n<p style=\"text-align: justify;\">\u0130zmir\u2019de yedi kad\u0131n m\u00fcridine tecav\u00fcz eden cemaat liderinin, kad\u0131nlar\u0131n kocalar\u0131 taraf\u0131ndan lin\u00e7 edilip g\u00f6m\u00fcld\u00fc\u011f\u00fc ortaya \u00e7\u0131kt\u0131.<\/p>\n<p style=\"text-align: justify;\">CEMAAT L\u0130DER\u0130 2 YILDIR KAYIPTI<\/p>\n<p style=\"text-align: justify;\">Bal\u0131kesir\u2019de ge\u00e7en hafta cesedi bulunan Tuncay G\u00fcng\u00f6r\u2019\u00fcn (49) cinayetinden inan\u0131lmaz bir olay \u00e7\u0131kt\u0131: 5 y\u0131l \u00f6nce tarikattan ayr\u0131lan G\u00fcng\u00f6r, kendi cemaatini kurdu. 2008\u2019de M.\u00d6. adl\u0131 <\/p>\n","protected":false},"author":1,"featured_media":0,"comment_status":"open","ping_status":"closed","sticky":false,"template":"","format":"standard","meta":{"footnotes":""},"categories":[105],"tags":[],"class_list":["post-23900","post","type-post","status-publish","format-standard","hentry","category-gundem","odd"],"_links":{"self":[{"href":"http:\/\/www.korhanyilmaz.com\/index.php?rest_route=\/wp\/v2\/posts\/23900","targetHints":{"allow":["GET"]}}],"collection":[{"href":"http:\/\/www.korhanyilmaz.com\/index.php?rest_route=\/wp\/v2\/posts"}],"about":[{"href":"http:\/\/www.korhanyilmaz.com\/index.php?rest_route=\/wp\/v2\/types\/post"}],"author":[{"embeddable":true,"href":"http:\/\/www.korhanyilmaz.com\/index.php?rest_route=\/wp\/v2\/users\/1"}],"replies":[{"embeddable":true,"href":"http:\/\/www.korhanyilmaz.com\/index.php?rest_route=%2Fwp%2Fv2%2Fcomments&post=23900"}],"version-history":[{"count":0,"href":"http:\/\/www.korhanyilmaz.com\/index.php?rest_route=\/wp\/v2\/posts\/23900\/revisions"}],"wp:attachment":[{"href":"http:\/\/www.korhanyilmaz.com\/index.php?rest_route=%2Fwp%2Fv2%2Fmedia&parent=23900"}],"wp:term":[{"taxonomy":"category","embeddable":true,"href":"http:\/\/www.korhanyilmaz.com\/index.php?rest_route=%2Fwp%2Fv2%2Fcategories&post=23900"},{"taxonomy":"post_tag","embeddable":true,"href":"http:\/\/www.korhanyilmaz.com\/index.php?rest_route=%2Fwp%2Fv2%2Ftags&post=23900"}],"curies":[{"name":"wp","href":"https:\/\/api.w.org\/{rel}","templated":true}]}}