{"id":23895,"date":"2010-06-24T08:48:58","date_gmt":"2010-06-24T08:48:58","guid":{"rendered":"http:\/\/www.korhanyilmaz.com\/?p=23895"},"modified":"2010-06-24T08:48:58","modified_gmt":"2010-06-24T08:48:58","slug":"basbakan-dagilirken","status":"publish","type":"post","link":"http:\/\/www.korhanyilmaz.com\/?p=23895","title":{"rendered":"Ba\u015fbakan Da\u011f\u0131l\u0131rken"},"content":{"rendered":"<div id=\"attachment_23896\" style=\"width: 105px\" class=\"wp-caption alignleft\"><img loading=\"lazy\" decoding=\"async\" aria-describedby=\"caption-attachment-23896\" class=\"size-full wp-image-23896 \" style=\"margin-left: 10px; margin-right: 10px;\" title=\"Ahmet Hakan - H\u00fcrriyet Gazetesi\" src=\"http:\/\/www.korhanyilmaz.com\/wp-content\/uploads\/2010\/06\/142.jpg\" alt=\"\" width=\"95\" height=\"101\" \/><p id=\"caption-attachment-23896\" class=\"wp-caption-text\">Ahmet Hakan<\/p><\/div>\n<p style=\"text-align: justify;\"><strong>\u0130RAN politikas\u0131nda yaln\u0131z kald\u0131, moral bozuk.<\/strong><\/p>\n<p style=\"text-align: justify;\">Filistin politikas\u0131nda yaln\u0131z kald\u0131, <strong>moral bozuk.<\/strong><\/p>\n<p style=\"text-align: justify;\">Bat\u0131 d\u00fcnyas\u0131 ile aras\u0131 a\u00e7\u0131ld\u0131, <strong>moral bozuk.<\/strong><\/p>\n<p style=\"text-align: justify;\">A\u00e7\u0131l\u0131mda i\u015fler sarpa sard\u0131, <strong>moral bozuk.<\/strong><\/p>\n<p style=\"text-align: justify;\">Baykal gitti \/ K\u0131l\u0131\u00e7daro\u011flu geldi, moral bozuk. Artan \u015fiddet toplumsal \u00f6fkeyi art\u0131rd\u0131, <strong>moral bozuk.<\/strong><!--more--><\/p>\n<p style=\"text-align: justify;\">Sonu\u00e7:<\/p>\n<p style=\"text-align: justify;\"><strong>Tam bir bozgun havas\u0131&#8230;<\/strong><\/p>\n<p style=\"text-align: justify;\">*\u00a0 *\u00a0 *\u00a0 *<\/p>\n<p style=\"text-align: justify;\">\u0130ran politikas\u0131nda zafer \u00e7\u0131\u011fl\u0131\u011f\u0131 at\u0131yordu, \u015fimdi <strong>ses yok.<\/strong><\/p>\n<p style=\"text-align: justify;\">\u0130srail\u2019in pe\u015fini b\u0131rakmayacakt\u0131, \u015fimdi <strong>ses yok.<\/strong><\/p>\n<p style=\"text-align: justify;\">D\u00fcnyaya nizamat veriyordu, \u015fimdi <strong>ses yok<\/strong>. Bir tek \u201c<strong>ter\u00f6r<\/strong>\u201d konusunda ses veriyor ama ke\u015fke ses vermese&#8230;<\/p>\n<p style=\"text-align: justify;\">\u00c7\u00fcnk\u00fc&#8230;<\/p>\n<p style=\"text-align: justify;\">Bu konuda ses verdik\u00e7e sadece ne denli da\u011f\u0131ld\u0131\u011f\u0131 ortaya \u00e7\u0131k\u0131yor.<\/p>\n<p style=\"text-align: justify;\">*\u00a0 *\u00a0 *\u00a0 *<\/p>\n<p style=\"text-align: justify;\"><strong>Mesela&#8230;<\/strong><\/p>\n<p style=\"text-align: justify;\">Ucuz polemik yaparak MHP\u2019ye \u201c<strong>Apo<\/strong>\u2019yu niye asmad\u0131n\u0131z?\u201d diye soruyor.<\/p>\n<p style=\"text-align: justify;\"><strong>Mesela&#8230;<\/strong><\/p>\n<p style=\"text-align: justify;\">\u015eehit ailelerinin dram\u0131n\u0131 yans\u0131tan medyaya, \u201cTer\u00f6r \u00f6rg\u00fct\u00fcn\u00fcn propagandas\u0131n\u0131 yap\u0131yorlar\u201d \u015feklinde a\u011f\u0131r m\u0131 a\u011f\u0131r sald\u0131r\u0131larda bulunuyor.<\/p>\n<p style=\"text-align: justify;\"><strong>Mesela&#8230;<\/strong><\/p>\n<p style=\"text-align: justify;\">\u201cSizin d\u00f6neminizdeki \u015fehit say\u0131s\u0131 \/ Bizim d\u00f6nemimizdeki \u015fehit say\u0131s\u0131\u201d \u015feklinde a\u00e7\u0131klamalar yaparak kendisine akan kandan istatistiki hakl\u0131l\u0131k paylar\u0131 \u00e7\u0131karmaya \u00e7al\u0131\u015f\u0131yor.<\/p>\n<p style=\"text-align: justify;\"><strong>Mesela&#8230;<\/strong><\/p>\n<p style=\"text-align: justify;\">\u201cA\u00e7\u0131l\u0131ma devam edece\u011fiz\u201d diyor ama nas\u0131l devam edeceklerine dair tek bir harf bile s\u00f6yleyemiyor.<\/p>\n<p style=\"text-align: justify;\"><strong>Mesela&#8230;<\/strong><\/p>\n<p style=\"text-align: justify;\">Bir yandan \u201cT\u00fcrkiye ne zaman g\u00fc\u00e7leniyorsa ter\u00f6r artar\u201d diyor, bir yandan da muhalefete \u201cSizin d\u00f6neminizde ter\u00f6r daha \u00e7ok artm\u0131\u015ft\u0131\u201d diyebiliyor.<\/p>\n<p style=\"text-align: justify;\"><strong>Mesela&#8230;<\/strong><\/p>\n<p style=\"text-align: justify;\">Gediktepe\u2019de yo\u011fun g\u00fcvenlik \u00f6nlemleri alt\u0131nda ger\u00e7ekle\u015ftirdi\u011fi birka\u00e7 saatlik ziyareti bile bir \u00fcst\u00fcnl\u00fck arac\u0131 olarak kullanabiliyor.<\/p>\n<p style=\"text-align: justify;\"><strong>Mesela&#8230;<\/strong><\/p>\n<p style=\"text-align: justify;\">\u201c<strong>Ter\u00f6r<\/strong>\u201d gibi bir konuda bile ortak mutabakat zemini yaratmak i\u00e7in ad\u0131mlar atmak yerine posta koymay\u0131 tercih ediyor.<\/p>\n<p style=\"text-align: justify;\"><strong>Mesela&#8230;<\/strong><\/p>\n<p style=\"text-align: justify;\">\u201c<strong>Ben \u00e7ok farkl\u0131 bir \u00e7izgi izliyorum<\/strong>\u201d havas\u0131 estirirken, kritik bir zamanda \u015fahinle\u015ferek, birdenbire Mesut Y\u0131lmaz\u2019la\u015fabiliyor ya da Tansu \u00c7iller\u2019le\u015febiliyor.<\/p>\n<p style=\"text-align: justify;\">B\u00fct\u00fcn bunlar bir da\u011f\u0131lman\u0131n g\u00fc\u00e7l\u00fc i\u015faretleridir.<\/p>\n<p style=\"text-align: justify;\">*\u00a0 *\u00a0 *\u00a0 *<\/p>\n<p style=\"text-align: justify;\">Peki memnun muyum bu durumdan?<\/p>\n<p style=\"text-align: justify;\">Baz\u0131lar\u0131 gibi \u201c<strong>Oh&#8230; Oh&#8230; D\u00f6nemi sona eriyor&#8230;<\/strong>\u201d diye bayram m\u0131 yap\u0131yorum?<\/p>\n<p style=\"text-align: justify;\">Tabii ki hay\u0131r&#8230;<\/p>\n<p style=\"text-align: justify;\">\u00c7\u00fcnk\u00fc&#8230;<\/p>\n<p style=\"text-align: justify;\">Mesele \u201c<strong>Tayyip Erdo\u011fan\u2019\u0131n kalmas\u0131 ya da gitmesi<\/strong>\u201d meselesi olmaktan \u00e7oktan \u00e7\u0131kt\u0131.<\/p>\n<p style=\"text-align: justify;\">Memleket elden gidiyor, Tayyip Erdo\u011fan gitse ne olacak, kalsa ne olacak?<\/p>\n<p style=\"text-align: justify;\">\n<p style=\"text-align: justify;\">\n<p style=\"text-align: justify;\">\n<p style=\"text-align: justify;\"><span style=\"color: #993300;\"><strong>Helal olsun Sar\u0131g\u00fcl <\/strong><\/span><\/p>\n<p style=\"text-align: justify;\">BU memlekette&#8230;<\/p>\n<p style=\"text-align: justify;\">\u201c<strong>Vazge\u00e7mek<\/strong>\u201d yerine \u201c<strong>b\u00f6lerek var olmak<\/strong>\u201d hep tercih edilir.<\/p>\n<p style=\"text-align: justify;\">Her zaman \u201c<strong>geri \u00e7ekilmek<\/strong>\u201d de\u011fil, \u201c<strong>\u00e7\u0131k\u0131\u015f yapmak<\/strong>\u201d bir mana ifade eder&#8230;<\/p>\n<p style=\"text-align: justify;\">\u201c<strong>Y\u00fczde bir<\/strong>\u201dlik bir potansiyele bile s\u0131k\u0131 s\u0131k\u0131ya yap\u0131\u015f\u0131l\u0131r.<\/p>\n<p style=\"text-align: justify;\">\u201c<strong>Benim olsun k\u00fc\u00e7\u00fck olsun<\/strong>\u201d anlay\u0131\u015f\u0131, en derinlere k\u00f6k salm\u0131\u015ft\u0131r.<\/p>\n<p style=\"text-align: justify;\">\u201c<strong>\u00d6zveri<\/strong>\u201d, hep kar\u015f\u0131dakinden beklenir&#8230;<\/p>\n<p style=\"text-align: justify;\">\u0130\u015fte b\u00f6yle bir memlekette&#8230;<\/p>\n<p style=\"text-align: justify;\">Onca haz\u0131rl\u0131\u011fa ve hat\u0131r\u0131 say\u0131l\u0131r potansiyele kar\u015f\u0131n&#8230;<\/p>\n<p style=\"text-align: justify;\">Parti kurmaktan vazge\u00e7mek her babayi\u011fidin alaca\u011f\u0131 karar de\u011fildir.<\/p>\n<p style=\"text-align: justify;\">Bu y\u00fczden helal olsun Mustafa Sar\u0131g\u00fcl\u2019e diyorum.<\/p>\n<p style=\"text-align: justify;\">Sadece bu y\u00fczden mi?<\/p>\n<p style=\"text-align: justify;\">Hesaps\u0131z, kitaps\u0131z, pazarl\u0131ks\u0131z vazge\u00e7mesi nedeniyle de helal olsun diyorum.<\/p>\n<p style=\"text-align: justify;\">En b\u00fcy\u00fck rakibinin estirdi\u011fi r\u00fczgar\u0131 a\u00e7\u0131k\u00e7a kabul etmesi nedeniyle de \u201c<strong>helal olsun<\/strong>\u201d diyorum.<\/p>\n<p style=\"text-align: justify;\">\u201c<strong>Korktu, ka\u00e7t\u0131, p\u0131st\u0131<\/strong>\u201d t\u00fcr\u00fcnden yanda\u015f tezvirat\u0131ndan zerre kadar \u00e7ekinmemesi nedeniyle de \u201c<strong>helal olsun<\/strong>\u201d diyorum.<\/p>\n<p style=\"text-align: justify;\">Ter\u00f6r\u00fcn al\u0131p ba\u015f\u0131n\u0131 gitti\u011fi, akan kan\u0131n herkesi umutsuz k\u0131ld\u0131\u011f\u0131, yalpalamalar\u0131n ayyuka \u00e7\u0131kt\u0131\u011f\u0131 bir d\u00f6nemde umutsuzlu\u011fa de\u011fil, umuda kap\u0131 aralad\u0131\u011f\u0131 i\u00e7in \u201c<strong>helal olsun<\/strong>\u201d diyorum.<\/p>\n<p style=\"text-align: justify;\">Bir kar\u015f\u0131l\u0131k beklemedi\u011fi i\u00e7in \u201c<strong>helal olsun<\/strong>\u201d diyorum.<\/p>\n<p style=\"text-align: justify;\">\u015eimdi pek fark\u0131nda de\u011filiz ama tarih bu fedakarl\u0131\u011f\u0131 yazacak.<\/p>\n<p style=\"text-align: justify;\">\n<p style=\"text-align: justify;\">\n<p style=\"text-align: justify;\">\n<p style=\"text-align: justify;\"><span style=\"color: #993300;\"><strong>Ya\u011fmurun tad\u0131n\u0131n \u00e7\u0131kar\u0131laca\u011f\u0131 5 yer <\/strong><\/span><\/p>\n<p style=\"text-align: justify;\"><strong>* P\u0130YER LOT\u0130:<\/strong> Hafif \u0131slanarak tepeden bak\u0131\u015f imkan\u0131&#8230; Yeni hali de pek g\u00fczel&#8230; T\u00fcrk kahvesini standartlar\u0131n \u00fcst\u00fcnde yap\u0131yor olu\u015flar\u0131 da cabas\u0131.<\/p>\n<p style=\"text-align: justify;\"><strong>* SORTIE:<\/strong> Durun, hemen k\u00fc\u00e7\u00fcmseyip dudak k\u0131v\u0131rmay\u0131n. \u0130kindi vakti, hen\u00fcz k\u00fc\u00e7\u00fcmsenen e\u011flence ba\u015flamam\u0131\u015fken \u00fcst\u00fc kapal\u0131 bir alan\u0131na ge\u00e7ip Bo\u011faz\u2019da ya\u011fmurun keyfini \u00e7\u0131karabilece\u011finiz en iyi yerdir buras\u0131.<\/p>\n<p style=\"text-align: justify;\"><strong>* ARMADA OTEL\u0130:<\/strong> \u00c7at\u0131s\u0131na \u00e7\u0131k&#8230; Minarelerin tam ortas\u0131ndan manzaraya bak&#8230; Y\u00fczy\u0131llar \u00f6ncesinde ya\u011fan ya\u011fmurda ortaya hangi manzara \u00e7\u0131k\u0131yor ise, g\u00f6rd\u00fc\u011f\u00fcn odur.<\/p>\n<p style=\"text-align: justify;\"><strong>* CIRCUS:<\/strong> Bah\u00e7esinde cicili bicili aksesuarlar\u0131n aras\u0131nda otur&#8230; Ve tam kar\u015f\u0131nda s\u0131r\u0131ls\u0131klam olmu\u015f a\u011fa\u00e7 dallar\u0131n\u0131n aras\u0131ndan Bo\u011faz\u2019a bak.<\/p>\n<p style=\"text-align: justify;\"><strong>* SUNSET:<\/strong> \u00d6zellikle camekanl\u0131 b\u00f6lmede hem zerre kadar \u0131slanmadan, hem de tam ya\u011fmurun ortas\u0131ndaym\u0131\u015f duygusunu ya\u015fayarak keyif s\u00fcr.<\/p>\n<p style=\"text-align: justify;\">\n<p style=\"text-align: justify;\">\n<p style=\"text-align: justify;\">\n<p style=\"text-align: justify;\"><span style=\"color: #993300;\"><strong>K\u00fc\u00e7\u00fck notlar <\/strong><\/span><\/p>\n<p style=\"text-align: justify;\">* Siper foto\u011fraf\u0131nda Ba\u015fbakan ile Genelkurmay Ba\u015fkan\u0131\u2019n\u0131n yan\u0131nda H\u00fcrriyet\u2019in Genel Yay\u0131n Y\u00f6netmeni Enis Berbero\u011flu\u2019nun foto\u011fraf\u0131n\u0131 g\u00f6r\u00fcnce benim de ilk tepkim, \u201c\u0130\u015fte H\u00fcrriyet\u2019in g\u00fcc\u00fc&#8230;\u201d \u015feklinde oldu. Sonra i\u015fin hikayesini \u00f6\u011frenince bu sefer, \u201c\u0130\u015fte H\u00fcrriyet\u2019in Genel Yay\u0131n\u00a0 Y\u00f6netmeni\u2019nin m\u00fcthi\u015f habercilik sezgisi\u201d diye de\u011fi\u015ftirdim&#8230; Ger\u00e7i gurur verici olmas\u0131 a\u00e7\u0131s\u0131ndan ikisi aras\u0131nda bir fark yoktu ama olsun&#8230;<\/p>\n<p style=\"text-align: justify;\">* Ba\u015fbakan ve Genelkurmay Ba\u015fkan\u0131 siperde \u00e7\u00f6melmi\u015f, oysa ayakta durmal\u0131ym\u0131\u015flar&#8230; Ben hayat\u0131mda bu kadar sa\u00e7ma bir tez duymad\u0131m.<\/p>\n<p style=\"text-align: justify;\">* \u201cDelikanl\u0131\u201d kelimesini kulland\u0131\u011f\u0131m i\u00e7in baz\u0131 kad\u0131n okurlar\u0131m beni \u201ccinsiyet\u00e7ilik\u201d yapmakla su\u00e7lam\u0131\u015flar. Oysa ben delikanl\u0131 erkeklerden \u00e7ok delikanl\u0131 kad\u0131nlar tan\u0131d\u0131m.<\/p>\n<p style=\"text-align: justify;\">* Ben \u201c\u00d6l\u00fcn\u00fcn arkas\u0131ndan iyi konu\u015fulmal\u0131\u201d tezini savunanlardand\u0131m. Ama Vivet Kanetti, Twitter\u2019da bu konuda ortaya att\u0131\u011f\u0131 farkl\u0131 g\u00f6r\u00fc\u015fle kafam\u0131 kar\u0131\u015ft\u0131rd\u0131&#8230; Konu \u00fczerine d\u00fc\u015f\u00fcnmeye devam ediyorum.<\/p>\n<p style=\"text-align: justify;\">* Fark\u0131nda m\u0131s\u0131n\u0131z? C\u00fcneyt \u00d6zdemir\u2019in CNN T\u00fcrk\u2019teki \u201c5 N 1 K\u201d program\u0131, giderek daha da tiryakilik yarat\u0131yor. San\u0131r\u0131m i\u015fin s\u0131rr\u0131 \u015furada: Cesur, a\u00e7\u0131k fikirli, sahici ve hayat\u0131n her detay\u0131na hakim olma \u00e7abas\u0131 i\u00e7inde olmak.<\/p>\n<p style=\"text-align: justify;\"><a href=\"http:\/\/www.hurriyet.com.tr\/yazarlar\/15119678.asp?yazarid=131&amp;gid=61\" target=\"_blank\"><span style=\"color: #888888;\">ahmethakan@hurriyet.com.tr<\/span><\/a><\/p>\n","protected":false},"excerpt":{"rendered":"<p id=\"caption-attachment-23896\" class=\"wp-caption-text\">Ahmet Hakan<\/p>\n<p style=\"text-align: justify;\">\u0130RAN politikas\u0131nda yaln\u0131z kald\u0131, moral bozuk.<\/p>\n<p style=\"text-align: justify;\">Filistin politikas\u0131nda yaln\u0131z kald\u0131, moral bozuk.<\/p>\n<p style=\"text-align: justify;\">Bat\u0131 d\u00fcnyas\u0131 ile aras\u0131 a\u00e7\u0131ld\u0131, moral bozuk.<\/p>\n<p style=\"text-align: justify;\">A\u00e7\u0131l\u0131mda i\u015fler sarpa sard\u0131, moral bozuk.<\/p>\n<p style=\"text-align: justify;\">Baykal gitti \/ K\u0131l\u0131\u00e7daro\u011flu geldi, moral bozuk. Artan \u015fiddet toplumsal \u00f6fkeyi art\u0131rd\u0131, moral bozuk.<\/p>\n","protected":false},"author":1,"featured_media":0,"comment_status":"open","ping_status":"closed","sticky":false,"template":"","format":"standard","meta":{"footnotes":""},"categories":[105],"tags":[],"class_list":["post-23895","post","type-post","status-publish","format-standard","hentry","category-gundem","odd"],"_links":{"self":[{"href":"http:\/\/www.korhanyilmaz.com\/index.php?rest_route=\/wp\/v2\/posts\/23895","targetHints":{"allow":["GET"]}}],"collection":[{"href":"http:\/\/www.korhanyilmaz.com\/index.php?rest_route=\/wp\/v2\/posts"}],"about":[{"href":"http:\/\/www.korhanyilmaz.com\/index.php?rest_route=\/wp\/v2\/types\/post"}],"author":[{"embeddable":true,"href":"http:\/\/www.korhanyilmaz.com\/index.php?rest_route=\/wp\/v2\/users\/1"}],"replies":[{"embeddable":true,"href":"http:\/\/www.korhanyilmaz.com\/index.php?rest_route=%2Fwp%2Fv2%2Fcomments&post=23895"}],"version-history":[{"count":0,"href":"http:\/\/www.korhanyilmaz.com\/index.php?rest_route=\/wp\/v2\/posts\/23895\/revisions"}],"wp:attachment":[{"href":"http:\/\/www.korhanyilmaz.com\/index.php?rest_route=%2Fwp%2Fv2%2Fmedia&parent=23895"}],"wp:term":[{"taxonomy":"category","embeddable":true,"href":"http:\/\/www.korhanyilmaz.com\/index.php?rest_route=%2Fwp%2Fv2%2Fcategories&post=23895"},{"taxonomy":"post_tag","embeddable":true,"href":"http:\/\/www.korhanyilmaz.com\/index.php?rest_route=%2Fwp%2Fv2%2Ftags&post=23895"}],"curies":[{"name":"wp","href":"https:\/\/api.w.org\/{rel}","templated":true}]}}