{"id":23890,"date":"2010-06-24T00:21:35","date_gmt":"2010-06-24T00:21:35","guid":{"rendered":"http:\/\/www.korhanyilmaz.com\/?p=23890"},"modified":"2010-06-24T00:21:35","modified_gmt":"2010-06-24T00:21:35","slug":"turkiyede-guzel-seyler-olacakti-demistiniz","status":"publish","type":"post","link":"http:\/\/www.korhanyilmaz.com\/?p=23890","title":{"rendered":"&#8220;T\u00fcrkiye&#8217;de g\u00fczel \u015feyler olacak&#8221; demi\u015ftiniz&#8230;"},"content":{"rendered":"<p style=\"text-align: center;\"><a href=\"http:\/\/www.korhanyilmaz.com\/wp-content\/uploads\/2010\/06\/141.jpg\"  class=\"lightview\"><img loading=\"lazy\" decoding=\"async\" class=\"aligncenter size-full wp-image-23891\" src=\"http:\/\/www.korhanyilmaz.com\/wp-content\/uploads\/2010\/06\/141.jpg\" alt=\"\" width=\"403\" height=\"208\" \/><\/a><\/p>\n<p style=\"text-align: justify;\">\u2018\u2019Demokratik a\u00e7\u0131l\u0131m\u2019\u2019 s\u00fcrecinde ter\u00f6re 11 ayda 135 \u015fehit verildi. Oysa Cumhurba\u015fkan\u0131 G\u00fcl, s\u00fcrecin ba\u015flang\u0131c\u0131 olan 27 Temmuz 2009\u2019da \u2018\u2019T\u00fcrkiye\u2019de g\u00fczel \u015feyler olacak\u2019\u2019 demi\u015fti.<\/p>\n<p style=\"text-align: justify;\">ANKARA- \u00d6nce \u2018\u2019K\u00fcrt a\u00e7\u0131l\u0131m\u0131\u2019\u2019 ard\u0131ndan da \u2018\u2019Demokratik a\u00e7\u0131l\u0131m\u2019\u2019 ad\u0131 verilen s\u00fcre\u00e7, ter\u00f6r olaylar\u0131n\u0131n artmas\u0131yla birlikte kesintiye u\u011frad\u0131. H\u00fck\u00fcmet \u2018\u2019Geri ad\u0131m yok\u2019\u2019 dese de, vatanda\u015flar giderek artan ter\u00f6r olaylar\u0131ndan \u2018\u2019A\u00e7\u0131l\u0131m politikas\u0131n\u0131\u2019\u2019 sorumlu tutuyor. \u015eehit cenazelerinde de a\u00e7\u0131l\u0131m aleyhtar\u0131 sloganlar y\u00fckseliyor.<!--more--><\/p>\n<p style=\"text-align: justify;\">\u0130lk olarak 2009 Temmuz ay\u0131nda ortaya konulan ve 2 A\u011fustos 2009 g\u00fcn\u00fc Ankara Polis Akademisinde h\u00fck\u00fcmet yetkileri ile gazeteciler ve akademisyenlerle yap\u0131lan ilk toplant\u0131 sonucu hayata ge\u00e7irilen a\u00e7\u0131l\u0131mdan bu yana meydana gelen ter\u00f6r olaylar\u0131nda 135 \u015fehit verildi. Kandil ve Mahmur\u2019dan gelen PKK\u2019l\u0131lar\u0131n Habur\u2019daki g\u00f6r\u00fcnt\u00fcleri ile devam eden s\u00fcre\u00e7te, Re\u015fadiye\u2019den \u0130stanbul\u2019a kadar yurdun her yerinde \u00f6nemli sald\u0131r\u0131lar meydana geldi.<\/p>\n<p style=\"text-align: justify;\">Cumhurba\u015fkan\u0131 G\u00fcl 27 Temmuz 2009 g\u00fcn\u00fc, Kayseri\u2019de gazetecilerin K\u00fcrt a\u00e7\u0131l\u0131m\u0131yla ilgili sorular\u0131na \u2018\u2019 T\u00fcrkiye i\u00e7in g\u00fczel \u015feyler olacakt\u0131r. Bunlar tart\u0131\u015f\u0131larak, b\u00fcy\u00fck bir sorumluluk duygusu i\u00e7inde hep yap\u0131lacak \u015feylerdir.  T\u00fcrkiye bu \u00e7e\u015fitli meseleleri demokrasinin standartlar\u0131n\u0131 y\u00fckselterek, kendine \u00f6z g\u00fcven duyarak, farkl\u0131l\u0131klar\u0131n\u0131 zenginlik olarak halledecektir\u2019\u2019 demi\u015fti.<\/p>\n<p style=\"text-align: justify;\">G\u00fcl, k\u0131sa s\u00fcre \u00f6nce de Kore ziyaretinde, T\u00fcrkiye\u2019deki ter\u00f6r sald\u0131r\u0131lar\u0131n\u0131n artmas\u0131 \u00fczerine bu s\u00f6zleri hat\u0131rlat\u0131ld\u0131 ve \u2018\u2019Hala umudunuzu koruyor musunuz?&#8221; sorusuna da \u2018\u2019&#8217;T\u00fcrkiye ter\u00f6rden kurtulacak. Biraz yoluna girerken baltalayanlar olur, bu i\u015flerin devam etmesini isteyenler olur. Bu i\u015flerden kurtulaca\u011f\u0131z. Eskiden tabu olan \u015feyler tabu olmaktan \u00e7\u0131km\u0131\u015f vaziyette. T\u00fcrkiye&#8217;nin demokrasi standartlar\u0131, ter\u00f6r\u00fc ve ter\u00f6risti izole etme a\u00e7\u0131s\u0131ndan \u00e7ok \u00f6nemlidir&#8221;  dedi.<\/p>\n<p style=\"text-align: justify;\">G\u00fcl\u2019\u00fcn s\u00fcrecin ba\u015flang\u0131c\u0131 olan 27 Temmuz 2009 g\u00fcn\u00fc yapt\u0131\u011f\u0131 a\u00e7\u0131klamada \u2018\u2019T\u00fcrkiye\u2019de g\u00fczel \u015feyler olacak\u2019\u2019 s\u00f6z\u00fc mazide kal\u0131rken, h\u00fck\u00fcmetin a\u00e7\u0131l\u0131m politikas\u0131n\u0131 destekleyen isimlerden biri olan BDP milletvekili Ufuk Uras da, d\u00fcn \u2018\u2019A\u00e7\u0131l\u0131m bitti\u2019\u2019 dedi ve PKK\u2019ya tek tarafl\u0131 ate\u015f kes \u00f6nerdi.<\/p>\n<p style=\"text-align: justify;\"><strong>\u00d6NEML\u0130 SALDIRILAR<\/strong><\/p>\n<p style=\"text-align: justify;\">G\u00fcneydo\u011fu\u2019daki \u00e7at\u0131\u015fmalar a\u00e7\u0131l\u0131m politikas\u0131 s\u00fcrerken de devam etti ve 7 Aral\u0131k 2009\u2019da Tokat Re\u015fadiye\u2019deki sald\u0131r\u0131 geldi.  \u00c7ar\u015f\u0131 izninden d\u00f6nen 7 askerin \u015fehit olmas\u0131yla ba\u015flayan sald\u0131r\u0131lar, 2010&#8217;un ilk aylar\u0131nda azald\u0131 ancak Nisan ay\u0131yla birlikte ter\u00f6r yeniden t\u0131rman\u0131\u015fa ge\u00e7ti.<\/p>\n<p style=\"text-align: justify;\">Nisan ay\u0131n\u0131n ikinci yar\u0131s\u0131nda hemen her g\u00fcn ter\u00f6r sald\u0131r\u0131s\u0131 ya\u015fand\u0131. 1 May\u0131s tarihinde Tunceli&#8217;deki karakol bask\u0131n\u0131nda 5 asker \u015fehit oldu. PKK, 31 May\u0131s&#8217;ta da \u0130skenderun&#8217;da 6 askeri \u015fehit etti. 19 Haziran&#8217;da Hakkari \u015eemdinli&#8217;de s\u0131n\u0131r\u0131 ge\u00e7en ter\u00f6ristlerin Gediktepe&#8217;deki birli\u011fe yapt\u0131klar\u0131 sald\u0131r\u0131da ise 9 askerin \u015fehit oldu. Ayn\u0131 g\u00fcn iki asker de may\u0131na basarak \u015fehit d\u00fc\u015ft\u00fc.<\/p>\n<p style=\"text-align: justify;\">Son olarak da \u0130stanbul Halkal\u0131\u2019daki olay meydana geldi ve 4 asker le g\u00fcnahs\u0131z bir asker k\u0131z\u0131 \u015fehit oldu.  Ayn\u0131 bi\u00e7imde bir s\u00fcre \u00f6nce de, Osmaniye\u2019de bir Te\u011fmen\u2019in e\u015fi PKK sald\u0131r\u0131s\u0131nda, evinin balkonunda otururken \u00f6ld\u00fcr\u00fclm\u00fc\u015ft\u00fc. Re\u015fadiye sald\u0131r\u0131s\u0131ndan bu yana da 65 \u015fehit verilirken, 27 Temmuz 2009 g\u00fcn\u00fcnden bu yana \u015fehit say\u0131s\u0131 135 oldu.<\/p>\n<p style=\"text-align: justify;\"><span style=\"color: #888888;\">(GAZETEPORT)<\/span><\/p>\n","protected":false},"excerpt":{"rendered":"<p style=\"text-align: center;\">\n<p style=\"text-align: justify;\">\u2018\u2019Demokratik a\u00e7\u0131l\u0131m\u2019\u2019 s\u00fcrecinde ter\u00f6re 11 ayda 135 \u015fehit verildi. Oysa Cumhurba\u015fkan\u0131 G\u00fcl, s\u00fcrecin ba\u015flang\u0131c\u0131 olan 27 Temmuz 2009\u2019da \u2018\u2019T\u00fcrkiye\u2019de g\u00fczel \u015feyler olacak\u2019\u2019 demi\u015fti.<\/p>\n<p style=\"text-align: justify;\">ANKARA- \u00d6nce \u2018\u2019K\u00fcrt a\u00e7\u0131l\u0131m\u0131\u2019\u2019 ard\u0131ndan da \u2018\u2019Demokratik a\u00e7\u0131l\u0131m\u2019\u2019 ad\u0131 verilen s\u00fcre\u00e7, ter\u00f6r olaylar\u0131n\u0131n artmas\u0131yla birlikte kesintiye u\u011frad\u0131. H\u00fck\u00fcmet \u2018\u2019Geri ad\u0131m yok\u2019\u2019 dese de, vatanda\u015flar giderek <\/p>\n","protected":false},"author":1,"featured_media":0,"comment_status":"open","ping_status":"closed","sticky":false,"template":"","format":"standard","meta":{"footnotes":""},"categories":[105],"tags":[],"class_list":["post-23890","post","type-post","status-publish","format-standard","hentry","category-gundem","odd"],"_links":{"self":[{"href":"http:\/\/www.korhanyilmaz.com\/index.php?rest_route=\/wp\/v2\/posts\/23890","targetHints":{"allow":["GET"]}}],"collection":[{"href":"http:\/\/www.korhanyilmaz.com\/index.php?rest_route=\/wp\/v2\/posts"}],"about":[{"href":"http:\/\/www.korhanyilmaz.com\/index.php?rest_route=\/wp\/v2\/types\/post"}],"author":[{"embeddable":true,"href":"http:\/\/www.korhanyilmaz.com\/index.php?rest_route=\/wp\/v2\/users\/1"}],"replies":[{"embeddable":true,"href":"http:\/\/www.korhanyilmaz.com\/index.php?rest_route=%2Fwp%2Fv2%2Fcomments&post=23890"}],"version-history":[{"count":0,"href":"http:\/\/www.korhanyilmaz.com\/index.php?rest_route=\/wp\/v2\/posts\/23890\/revisions"}],"wp:attachment":[{"href":"http:\/\/www.korhanyilmaz.com\/index.php?rest_route=%2Fwp%2Fv2%2Fmedia&parent=23890"}],"wp:term":[{"taxonomy":"category","embeddable":true,"href":"http:\/\/www.korhanyilmaz.com\/index.php?rest_route=%2Fwp%2Fv2%2Fcategories&post=23890"},{"taxonomy":"post_tag","embeddable":true,"href":"http:\/\/www.korhanyilmaz.com\/index.php?rest_route=%2Fwp%2Fv2%2Ftags&post=23890"}],"curies":[{"name":"wp","href":"https:\/\/api.w.org\/{rel}","templated":true}]}}