{"id":23885,"date":"2010-06-24T00:23:58","date_gmt":"2010-06-24T00:23:58","guid":{"rendered":"http:\/\/www.korhanyilmaz.com\/?p=23885"},"modified":"2010-06-24T00:23:58","modified_gmt":"2010-06-24T00:23:58","slug":"asil-taseron-siyasi-iktidardir","status":"publish","type":"post","link":"http:\/\/www.korhanyilmaz.com\/?p=23885","title":{"rendered":"&#8220;As\u0131l ta\u015feron siyasi iktidard\u0131r&#8221;"},"content":{"rendered":"<div id=\"attachment_23886\" style=\"width: 360px\" class=\"wp-caption aligncenter\"><a href=\"http:\/\/www.korhanyilmaz.com\/wp-content\/uploads\/2010\/06\/140.jpg\"  class=\"lightview\"><img loading=\"lazy\" decoding=\"async\" aria-describedby=\"caption-attachment-23886\" class=\"size-full wp-image-23886 \" src=\"http:\/\/www.korhanyilmaz.com\/wp-content\/uploads\/2010\/06\/140.jpg\" alt=\"\" width=\"350\" height=\"214\" \/><\/a><p id=\"caption-attachment-23886\" class=\"wp-caption-text\">Yurt Partisi Genel Ba\u015fkan\u0131 ve \u0130\u00e7i\u015fleri eski Bakan\u0131 Sadettin Tantan ( Ar\u015fiv )<\/p><\/div>\n<p style=\"text-align: justify;\">YP Genel Ba\u015fkan\u0131 ve \u0130\u00e7i\u015fleri eski Bakan\u0131 Sadettin Tantan, \u2018\u2019As\u0131l ta\u015feron, siyasi iktidard\u0131r\u2019\u2019 dedi ve idam cezas\u0131n\u0131n yeniden getirilerek, \u00d6calan\u2019\u0131n as\u0131lmas\u0131n\u0131 istedi.<\/p>\n<p style=\"text-align: justify;\">ANKARA-  Yurt Partisi Genel Ba\u015fkan\u0131 ve \u0130\u00e7i\u015fleri eski Bakan\u0131 Sadettin Tantan, \u2018\u2019Ta\u015feron\u201d tart\u0131\u015fmas\u0131na kat\u0131ld\u0131 ve \u2018\u2019As\u0131l ta\u015feron, siyasi iktidard\u0131r\u2019\u2019 dedi. Tantan, idam cezas\u0131n\u0131n yeniden getirilmesini, Abdullah \u00d6calan\u2019\u0131n da as\u0131lmas\u0131n\u0131 istedi.<!--more--><\/p>\n<p style=\"text-align: justify;\">Tantan, GAZETEPORT\u2019a yapt\u0131\u011f\u0131 a\u00e7\u0131klamada, h\u00fck\u00fcmetin ter\u00f6rle m\u00fccadeleyi TSK\u2019ya havale etti\u011fini ve geli\u015fmeleri uzaktan izledi\u011fini savundu. Ba\u015fta jandarma, M\u0130T ve Emniyet Genel M\u00fcd\u00fcrl\u00fc\u011f\u00fc olmak \u00fczere kurumlar\u0131n yeniden yap\u0131land\u0131r\u0131lmas\u0131n\u0131 ve istihbarat\u0131n tek elde toplanmas\u0131n\u0131 isteyen Tantan, \u015fu mesajlar\u0131 verdi:<\/p>\n<p style=\"text-align: justify;\"><strong>S\u0130YASET \u0130FLAS ETT\u0130<\/strong><\/p>\n<p style=\"text-align: justify;\">T\u00fcrkiye\u2019de siyaset iflas etmi\u015ftir. Anadolu evlatlar\u0131 birer birer \u015fehit oluyor, iktidar ve muhalefet ortada yok. Siyasetin tutsakl\u0131\u011f\u0131, halk\u0131 da tutsak ald\u0131. Esas sorun siyasi zafiyettir. Ta\u015feronu aramaya gerek yok. Ta\u015feron siyasi iradedir. \u0130ktidar\u0131n tutsakl\u0131\u011f\u0131ndan dolay\u0131 devletin g\u00fcc\u00fc ayaklar alt\u0131na al\u0131nm\u0131\u015ft\u0131r. T\u00fcrkiye, kaosa do\u011fru s\u00fcr\u00fcklenmektedir.<\/p>\n<p style=\"text-align: justify;\"><strong>TSK KEND\u0130 ALANINA \u00c7EK\u0130LMEL\u0130<\/strong><\/p>\n<p style=\"text-align: justify;\">M\u0130T, TSK, Emniyet, Jandarma, ve G\u00fcmr\u00fck M\u00fcste\u015farl\u0131\u011f\u0131 yeniden yap\u0131land\u0131r\u0131lmal\u0131 ve istihbarat g\u00f6rev tan\u0131mlar\u0131 yeniden yap\u0131lmal\u0131d\u0131r. Ter\u00f6rle m\u00fccadele iktidar\u0131n sorumlulu\u011fundad\u0131r. Oysa, iktidar ter\u00f6ristle m\u00fccadeleyi yetkisiz bir \u015fekilde TSK\u2019ya havale etmi\u015ftir. Geli\u015fmeleri uzaktan izlemektedir. Biz Hizbullah\u2019\u0131 bir anda ortadan kald\u0131rmad\u0131k m\u0131? PKK\u2019y\u0131 da ayn\u0131 \u015fekilde yapabilirsiniz. Ancak bunun i\u00e7in kurumlar\u0131n istihbarat alt yap\u0131s\u0131 ve g\u00f6rev tan\u0131mlar\u0131n\u0131n yenilenmesi gereklidir.<\/p>\n<p style=\"text-align: justify;\"><strong>\u0130DAM GER\u0130 GET\u0130R\u0130LMEL\u0130<\/strong><\/p>\n<p style=\"text-align: justify;\">T\u00fcrkiye bir ku\u015fatma alt\u0131nda. Acilen idam cezas\u0131 geri getirilmeli. Bu art\u0131k zorunlu ve ka\u00e7\u0131n\u0131lmazd\u0131r. Ter\u00f6r su\u00e7lar\u0131nda idam cezas\u0131 mutlaka uygulanmal\u0131d\u0131r. \u0130mral\u0131\u2019daki de idam edilmelidir. Baz\u0131 \u00fclkeler \u00f6nce idam\u0131 kald\u0131rm\u0131\u015f, fakat bakm\u0131\u015f ki baz\u0131 su\u00e7larda idam cezas\u0131 zorunluluk, tekrar uygulanm\u0131\u015ft\u0131r. Bu \u00fclkelerden bir tanesi de Peru\u2019dur.<\/p>\n<p style=\"text-align: justify;\"><strong>PKK ZENG\u0130NLE\u015eT\u0130<\/strong><\/p>\n<p style=\"text-align: justify;\">PKK, ter\u00f6r\u00fcn ba\u015flad\u0131\u011f\u0131 y\u0131ldan bu yana 30 milyar dolarl\u0131k bir mal varl\u0131\u011f\u0131 ile zenginle\u015firken, halk ayn\u0131 h\u0131zla fakirle\u015fti. Devletine, milletine sahip \u00e7\u0131kan insanlar bilin\u00e7li \u015fekilde yoksulla\u015ft\u0131r\u0131yor.  Ge\u00e7mi\u015f h\u00fck\u00fcmetlerden bu g\u00fcne, o b\u00f6lgede te\u015fvik alan insanlar TV\u2019lerde gezerek a\u00e7\u0131l\u0131m\u0131 savunuyor. Ald\u0131\u011f\u0131 parayla bir \u00e7ivi bile \u00e7akmam\u0131\u015f bu insanlar\u0131n nas\u0131l zenginle\u015fti\u011fini ortaya koymak iktidar\u0131n asli g\u00f6revidir. Ter\u00f6rden beslenenlerin kimlikleri yarg\u0131n\u0131n \u00f6n\u00fcne getirmek, mal varl\u0131\u011f\u0131na el koymak iktidar\u0131n as\u0131l g\u00f6revi olmal\u0131d\u0131r.<\/p>\n<p style=\"text-align: justify;\"><strong>\u015eEH\u0130T A\u0130LELER\u0130 G\u00d6REVE<\/strong><\/p>\n<p style=\"text-align: justify;\">\u015eehit aileleri Cumhurba\u015fkan\u0131 ile milletvekilleri hakk\u0131nda su\u00e7 duyurusunda bulunmal\u0131d\u0131r. Nedir K\u00fcrt a\u00e7\u0131l\u0131m\u0131? Kim biliyor bu a\u00e7\u0131l\u0131m\u0131n ne oldu\u011funu? Vatanda\u015f bile bilmiyor, ama Cumhurba\u015fkan\u0131 \u00e7\u0131k\u0131p \u201cG\u00fczel \u015feyler olacak\u201d diyor. \u015eehit ailelerinin, h\u00fck\u00fcmetin geli\u015fmeleri sadece izlemekle yetindi\u011fi i\u00e7in do\u011frudan su\u00e7 duyurusunda bulunmas\u0131 laz\u0131m&#8230;<\/p>\n<p style=\"text-align: justify;\"><span style=\"color: #888888;\">Yusuf Sahici &#8211; Gazeteport<\/span><\/p>\n","protected":false},"excerpt":{"rendered":"<p id=\"caption-attachment-23886\" class=\"wp-caption-text\">Yurt Partisi Genel Ba\u015fkan\u0131 ve \u0130\u00e7i\u015fleri eski Bakan\u0131 Sadettin Tantan ( Ar\u015fiv )<\/p>\n<p style=\"text-align: justify;\">YP Genel Ba\u015fkan\u0131 ve \u0130\u00e7i\u015fleri eski Bakan\u0131 Sadettin Tantan, \u2018\u2019As\u0131l ta\u015feron, siyasi iktidard\u0131r\u2019\u2019 dedi ve idam cezas\u0131n\u0131n yeniden getirilerek, \u00d6calan\u2019\u0131n as\u0131lmas\u0131n\u0131 istedi.<\/p>\n<p style=\"text-align: justify;\">ANKARA- Yurt Partisi Genel Ba\u015fkan\u0131 ve \u0130\u00e7i\u015fleri eski Bakan\u0131 Sadettin Tantan, \u2018\u2019Ta\u015feron\u201d tart\u0131\u015fmas\u0131na kat\u0131ld\u0131 <\/p>\n","protected":false},"author":1,"featured_media":0,"comment_status":"open","ping_status":"closed","sticky":false,"template":"","format":"standard","meta":{"footnotes":""},"categories":[105],"tags":[],"class_list":["post-23885","post","type-post","status-publish","format-standard","hentry","category-gundem","odd"],"_links":{"self":[{"href":"http:\/\/www.korhanyilmaz.com\/index.php?rest_route=\/wp\/v2\/posts\/23885","targetHints":{"allow":["GET"]}}],"collection":[{"href":"http:\/\/www.korhanyilmaz.com\/index.php?rest_route=\/wp\/v2\/posts"}],"about":[{"href":"http:\/\/www.korhanyilmaz.com\/index.php?rest_route=\/wp\/v2\/types\/post"}],"author":[{"embeddable":true,"href":"http:\/\/www.korhanyilmaz.com\/index.php?rest_route=\/wp\/v2\/users\/1"}],"replies":[{"embeddable":true,"href":"http:\/\/www.korhanyilmaz.com\/index.php?rest_route=%2Fwp%2Fv2%2Fcomments&post=23885"}],"version-history":[{"count":0,"href":"http:\/\/www.korhanyilmaz.com\/index.php?rest_route=\/wp\/v2\/posts\/23885\/revisions"}],"wp:attachment":[{"href":"http:\/\/www.korhanyilmaz.com\/index.php?rest_route=%2Fwp%2Fv2%2Fmedia&parent=23885"}],"wp:term":[{"taxonomy":"category","embeddable":true,"href":"http:\/\/www.korhanyilmaz.com\/index.php?rest_route=%2Fwp%2Fv2%2Fcategories&post=23885"},{"taxonomy":"post_tag","embeddable":true,"href":"http:\/\/www.korhanyilmaz.com\/index.php?rest_route=%2Fwp%2Fv2%2Ftags&post=23885"}],"curies":[{"name":"wp","href":"https:\/\/api.w.org\/{rel}","templated":true}]}}