{"id":23874,"date":"2010-06-22T16:19:38","date_gmt":"2010-06-22T16:19:38","guid":{"rendered":"http:\/\/www.korhanyilmaz.com\/?p=23874"},"modified":"2010-06-22T16:19:38","modified_gmt":"2010-06-22T16:19:38","slug":"kilicdarogluna-bdp-destegi","status":"publish","type":"post","link":"http:\/\/www.korhanyilmaz.com\/?p=23874","title":{"rendered":"K\u0131l\u0131\u00e7daro\u011flu&#8217;na BDP deste\u011fi"},"content":{"rendered":"<p style=\"text-align: center;\"><a href=\"http:\/\/www.korhanyilmaz.com\/wp-content\/uploads\/2010\/06\/137.jpg\"  class=\"lightview\"><img loading=\"lazy\" decoding=\"async\" class=\"aligncenter size-full wp-image-23875\" src=\"http:\/\/www.korhanyilmaz.com\/wp-content\/uploads\/2010\/06\/137.jpg\" alt=\"\" width=\"303\" height=\"250\" \/><\/a><\/p>\n<p style=\"text-align: justify;\">BDP E\u015fba\u015fkan\u0131 G\u00fcltan K\u0131\u015fanak, CHP Genel Ba\u015fkan\u0131 Kemal K\u0131l\u0131\u00e7daro\u011flu&#8217;nun Ad\u0131yaman&#8217;da s\u00f6yledi\u011fi &#8220;Kan kanla y\u0131kamakla temizlenmez&#8221; s\u00f6z\u00fcne de\u011fer verdiklerini belirterek &#8220;Bu s\u00f6yleminin arkas\u0131nda dursun, politika \u00fcretsin ve CHP&#8217;nin politikas\u0131 haline getirsin&#8221; diye konu\u015ftu. <!--more--><\/p>\n<p style=\"text-align: justify;\">ANKARA &#8211; BDP E\u015fba\u015fkan\u0131 G\u00fcltan K\u0131\u015fanak, partisinin Meclis grup toplant\u0131s\u0131nda ya\u015fanan son geli\u015fmeleri de\u011ferlendirdi. Herkesi derinden \u00fczen, kayg\u0131land\u0131ran zor g\u00fcnlerden ge\u00e7ildi\u011fini, d\u00f6rt bir yandan ard\u0131 ard\u0131na \u00e7at\u0131\u015fma ve \u00f6l\u00fcm haberleri geldi\u011fini kaydeden K\u0131\u015fanak, &#8220;Topra\u011fa d\u00fc\u015fen her bir canla birlikte, ya\u015fad\u0131\u011f\u0131m\u0131z ac\u0131 ve \u00fcz\u00fcnt\u00fc bir kat daha art\u0131yor. B\u00f6ylesi g\u00fcnlerde, her g\u00fcn yeni can kay\u0131plar\u0131n\u0131n ya\u015fand\u0131\u011f\u0131 d\u00f6nemlerde konu\u015fmak, \u00e7ok kolay bir \u015fey de\u011fil. Bu tablonun vebalini ta\u015f\u0131yanlar ise \u00e7ok daha rahat konu\u015fuyorlar. T\u00fcrkiye h\u0131zla, k\u00f6r bir sava\u015f\u0131n i\u00e7erisine s\u00fcr\u00fckleniyor. E\u011fer hemen harekete ge\u00e7ilmez, bunun \u00f6n\u00fc al\u0131nmazsa t\u0131pk\u0131 90\u2019l\u0131 y\u0131llardaki gibi i\u00e7inden \u00e7\u0131k\u0131lmaz bir hal alabilir&#8221; diye konu\u015ftu.<\/p>\n<p style=\"text-align: justify;\">Son bir y\u0131ldan bu yana \u00e7\u00f6z\u00fcms\u00fczl\u00fck siyasetinin faturas\u0131n\u0131n a\u011f\u0131r olaca\u011f\u0131n\u0131 anlatmaya \u00e7al\u0131\u015ft\u0131klar\u0131n\u0131 ancak seslerini duyan olmad\u0131\u011f\u0131n\u0131 belirten K\u0131\u015fanak, \u2019bar\u0131\u015f, diyalog ve \u00e7\u00f6z\u00fcm\u2019 \u00e7a\u011fr\u0131lar\u0131n\u0131 kar\u015f\u0131l\u0131ks\u0131z b\u0131rakan h\u00fck\u00fcmetin T\u00fcrkiye\u2019yi sava\u015f\u0131n e\u015fi\u011fine getirdi\u011fini \u00f6ne s\u00fcrd\u00fc.<\/p>\n<p style=\"text-align: justify;\"><strong>BA\u015eBAKAN\u2019A TA\u015eERON TEPK\u0130S\u0130<\/strong><\/p>\n<p style=\"text-align: justify;\">H\u00fck\u00fcmetin sorunu askere havale etme yakla\u015f\u0131m\u0131 i\u00e7inde oldu\u011funu kaydeden K\u0131\u015fanak, bug\u00fcn ya\u015fanan \u00f6l\u00fcmlerin sebebinin sava\u015fta, \u00e7at\u0131\u015fmada ve \u015fiddette \u0131srar oldu\u011funu ifade etti. K\u0131\u015fanak, &#8220;Ba\u015fbakan \u2018Ne zaman T\u00fcrkiye ayaklar\u0131 \u00fczerinde dursa, d\u0131\u015f g\u00fc\u00e7ler bunu engellemek i\u00e7in harekete ge\u00e7mektedir\u2019 diyor. D\u0131\u015f g\u00fc\u00e7leri adres g\u00f6stermek tekerleme haline d\u00f6n\u00fc\u015ft\u00fc. Birileri ta\u015feronluk yap\u0131yor diye kendine s\u0131\u011f\u0131nacak liman ar\u0131yor. Y\u0131llardan beri iktidarlar bir \u2018d\u0131\u015f g\u00fc\u00e7ler\u2019 masal\u0131 anlatarak, kendi \u00e7\u00f6z\u00fcms\u00fczl\u00fck siyasetlerine mazeret \u00fcrettiler. Ayn\u0131 yola AKP H\u00fck\u00fcmeti de ba\u015fvuruyor. O d\u0131\u015f g\u00fc\u00e7ler dedi\u011finiz devletlerle askeri anla\u015fmalar yaparak, bu \u00e7at\u0131\u015fmalar\u0131 derinle\u015ftiren bizzat siz de\u011fil misiniz? Heron u\u00e7aklar\u0131n\u0131 \u0130srail\u2019den, istihbarat\u0131 da ABD\u2019den alan siz de\u011fil misiniz? D\u0131\u015f g\u00fc\u00e7ler, sava\u015fman\u0131z i\u00e7in size silah ve istihbarat deste\u011fi vermiyor mu? Genelkurmay Ba\u015fkan\u0131 Heronlar\u0131 kullanabiliyoruz diyor. \u0130srailli personel \u00e7ekilmi\u015f g\u00f6z\u00fck\u00fcyor. Demek ki bu sava\u015f\u0131 y\u00fcr\u00fcten personelin bir k\u0131sm\u0131 \u0130srail personeliymi\u015f. T\u00fcrkiye\u2019nin \u00e7\u0131k\u0131p \u2018kendi yurtta\u015flar\u0131mla sava\u015fmayaca\u011f\u0131m, \u00e7ekin elinizi \u00fczerimizden\u2019 desin. Bunu yapacak iktidara ihtiya\u00e7 var, ta\u015feron edebiyat\u0131 yapan iktidara de\u011fil&#8221; diye konu\u015ftu.<\/p>\n<p style=\"text-align: justify;\"><strong>&#8220;K\u0130M\u0130N K\u00d6K\u00dcN\u00dc KAZIYACAKSINIZ?&#8221;<\/strong><\/p>\n<p style=\"text-align: justify;\">AKP\u2019nin 8 y\u0131ll\u0131k iktidar\u0131 d\u00f6neminde Ba\u015fbakan Erdo\u011fan\u2019\u0131n bahsetti\u011fi silah t\u00fcccarlar\u0131na ne kadar para verdi\u011fini a\u00e7\u0131klamas\u0131n\u0131 isteyen K\u0131\u015fanak &#8220;son g\u00fcnlerde yine &#8220;k\u00f6k\u00fcn\u00fc kaz\u0131maktan&#8221; bahsedildi\u011fini, tehdit, imha, intikam dilini kullananlar\u0131n say\u0131s\u0131n\u0131n her ge\u00e7en g\u00fcn artt\u0131\u011f\u0131n\u0131 kaydetti. K\u0131\u015fanak &#8220;Kimi yok edeceksiniz? Kimin k\u00f6k\u00fcn\u00fc kaz\u0131yacaks\u0131n\u0131z. Yok, etmeye \u00e7al\u0131\u015ft\u0131\u011f\u0131n\u0131z insanlar bu \u00fclkenin yurtta\u015flar\u0131 de\u011fil midir? Eski Genelkurmay Ba\u015fkan\u0131 \u2018B\u00fct\u00fcn TSK\u2019yla Kandil\u2019e gitseniz yine ortadan kald\u0131ramazs\u0131n\u0131z\u2019 dedi. Bug\u00fcn \u00e7\u00f6z\u00fcm politikas\u0131 \u00fcretme zaman\u0131d\u0131r&#8221; diye konu\u015ftu.<\/p>\n<p style=\"text-align: justify;\"><strong>&#8220;A\u00c7ILIM, ADL\u0130YE KOR\u0130DORLARINDA SONA ERD\u0130RD\u0130&#8221;<\/strong><\/p>\n<p style=\"text-align: justify;\">Ba\u015fbakan Erdo\u011fan\u2019\u0131n bir y\u0131l \u00f6nce a\u00e7\u0131l\u0131m konusunda &#8220;Bedeli ne olursa olsun bu ad\u0131mlar\u0131 ataca\u011f\u0131z&#8221; dedi\u011fini ancak bedel \u00f6demek bir yana demokratik \u00e7\u00f6z\u00fcm ve ger\u00e7ek a\u00e7\u0131l\u0131m isteyenlere bedel \u00f6detti\u011fini ifade eden K\u0131\u015fanak, KCK operasyonu ve iddianamesini hat\u0131rlatarak, &#8220;Bu iddianame ba\u015ftan a\u015fa\u011f\u0131 safsatayla, dedikoduyla haz\u0131rlanm\u0131\u015f&#8221; dedi. A\u00e7\u0131l\u0131mla ilgili bir tek olumlu geli\u015fme ya\u015fand\u0131\u011f\u0131n\u0131 onun da Habur\u2019dan gelen \u2018bar\u0131\u015f grubu\u2019nun serbest b\u0131rak\u0131lmas\u0131 oldu\u011funu ancak gruptan 10 ki\u015finin hafta ba\u015f\u0131nda tutukland\u0131\u011f\u0131n\u0131 s\u00f6yleyen K\u0131\u015fanak, &#8220;Orada tutuklanan asl\u0131nda bu \u00fclkenin bar\u0131\u015f umudu, \u00e7\u00f6z\u00fcm umududur. Birileri bu halka bar\u0131\u015f\u0131 unutun, hapse att\u0131k diyor. Anla\u015f\u0131lan o ki, AKP Polis Akademisinde ba\u015flatt\u0131\u011f\u0131 a\u00e7\u0131l\u0131m s\u00fcrecini bar\u0131\u015f gruplar\u0131n\u0131 tutuklayarak adliye koridorlar\u0131nda sona erdirmi\u015ftir. Koordinat\u00f6r Bakan Say\u0131n Atalay, a\u00e7\u0131l\u0131m i\u00e7in \u2018T\u00fcrkiye modelini olu\u015fturaca\u011f\u0131z\u2019 demi\u015fti. Gelinen noktada T\u00fcrkiye modeli olu\u015fmu\u015ftur. Bu modelin ad\u0131, da\u011fdakini \u00f6ld\u00fcrme, ovadakini tutuklama, hapse atma modelidir. B\u00f6yle \u00e7\u00f6z\u00fcm modeli olu\u015fturamazs\u0131n\u0131z&#8221; diye konu\u015ftu.<\/p>\n<p style=\"text-align: justify;\"><strong>BAH\u00c7EL\u0130\u2019YE TEPK\u0130<\/strong><\/p>\n<p style=\"text-align: justify;\">Cumhurba\u015fkan\u0131 Abdullah G\u00fcl\u2019le d\u00fcn \u00c7ankaya K\u00f6\u015fk\u00fc\u2019nde yapt\u0131\u011f\u0131 g\u00f6r\u00fc\u015fmeyi de g\u00fcndeme getiren K\u0131\u015fanak, Cumhurba\u015fkan\u0131\u2019n\u0131n daha aktif bir tutum i\u00e7inde olmas\u0131n\u0131 istediklerini s\u00f6yledi. K\u0131\u015fanak &#8220;Siyasi partilere de \u00e7a\u011fr\u0131da bulunuyoruz, \u00e7\u00f6z\u00fcm\u00fcn yeri parlamentodur. Bu parlamento sorumluluk almal\u0131, kan\u0131 durdurmak i\u00e7in \u00e7aba ve \u00e7al\u0131\u015fma i\u00e7inde olmal\u0131. Biz BDP olarak diyaloga sonuna kadar a\u00e7\u0131k olaca\u011f\u0131z&#8221; dedi. MHP Genel Ba\u015fkan\u0131 Devlet Bah\u00e7eli\u2019nin ter\u00f6rle m\u00fccadele konusunda dile getirdi\u011fi \u00f6nerileri ele\u015ftiren K\u0131\u015fanak, Bah\u00e7eli\u2019nin T\u00fcrkiye\u2019yi 30 y\u0131ld\u0131r karanl\u0131\u011fa mahkum eden politikalar\u0131 \u00e7\u00f6z\u00fcm olarak s\u0131ralad\u0131\u011f\u0131n\u0131 savundu.<\/p>\n<p style=\"text-align: justify;\">K\u0131\u015fanak &#8220;Bir insan\u0131n oturup vicdan muhasebesi yapmas\u0131 laz\u0131m. T\u00fcrkiye 80 y\u0131ll\u0131k cumhuriyet tarihinin yar\u0131s\u0131n\u0131 OHAL, s\u0131k\u0131y\u00f6netim ve darbelerle ge\u00e7irdi. Geldi\u011fimiz nokta ortada. Bu yakla\u015f\u0131mdan ancak yine kan ve g\u00f6zya\u015f\u0131, katliam mant\u0131\u011f\u0131, \u00e7eteler, J\u0130TEM\u2019ler \u00e7\u0131kar, devlet \u00e7\u00fcr\u00fcr, siyaset \u00e7\u00fcr\u00fcr. Siyaset belini do\u011frultamaz hale gelir&#8221; diye konu\u015ftu.<\/p>\n<p style=\"text-align: justify;\"><strong>KILI\u00c7DARO\u011eLU\u2019NA DESTEK<\/strong><\/p>\n<p style=\"text-align: justify;\">K\u0131\u015fanak konu\u015fmas\u0131nda, CHP Genel Ba\u015fkan\u0131 Kemal K\u0131l\u0131\u00e7daro\u011flu\u2019nun Ad\u0131yaman\u2019da s\u00f6yledi\u011fi &#8220;kan kanla y\u0131kanarak temizlenmez&#8221; s\u00f6z\u00fcne destek verdi. Bu s\u00f6z\u00fcn eski DTP Genel Ba\u015fkan\u0131 Ahmet T\u00fcrk taraf\u0131ndan da dile getirildi\u011fini hat\u0131rlatan K\u0131\u015fanak, &#8220;Bu s\u00f6yleme de\u011fer veriyoruz, do\u011fru oldu\u011funa y\u00fcrekten inan\u0131yoruz. Ancak say\u0131n K\u0131l\u0131\u00e7daro\u011flu ana muhalefet partisinin lideri. \u015eimdiye kadar CHP, stat\u00fckoyu korumak ad\u0131na \u00e7\u00f6z\u00fcm politikalar\u0131na engel oldu. Say\u0131n K\u0131l\u0131\u00e7daro\u011flu\u2019na \u00e7a\u011fr\u0131m\u0131z; bu s\u00f6yleminin arkas\u0131nda dursun, politika \u00fcretsin ve CHP\u2019nin politikas\u0131 haline getirsin. Bu s\u00f6z\u00fcn ana muhalefet partisinin politikas\u0131 olmas\u0131 gerekti\u011fini d\u00fc\u015f\u00fcn\u00fcyoruz. Say\u0131n K\u0131l\u0131\u00e7daro\u011flu bir lider gibi davrans\u0131n&#8221; dedi.<\/p>\n<p style=\"text-align: justify;\"><span style=\"color: #888888;\">Radikal (ANKA)<\/span><\/p>\n","protected":false},"excerpt":{"rendered":"<p style=\"text-align: center;\">\n<p style=\"text-align: justify;\">BDP E\u015fba\u015fkan\u0131 G\u00fcltan K\u0131\u015fanak, CHP Genel Ba\u015fkan\u0131 Kemal K\u0131l\u0131\u00e7daro\u011flu&#8217;nun Ad\u0131yaman&#8217;da s\u00f6yledi\u011fi &#8220;Kan kanla y\u0131kamakla temizlenmez&#8221; s\u00f6z\u00fcne de\u011fer verdiklerini belirterek &#8220;Bu s\u00f6yleminin arkas\u0131nda dursun, politika \u00fcretsin ve CHP&#8217;nin politikas\u0131 haline getirsin&#8221; diye konu\u015ftu. <\/p>\n","protected":false},"author":1,"featured_media":0,"comment_status":"open","ping_status":"closed","sticky":false,"template":"","format":"standard","meta":{"footnotes":""},"categories":[105],"tags":[],"class_list":["post-23874","post","type-post","status-publish","format-standard","hentry","category-gundem","odd"],"_links":{"self":[{"href":"http:\/\/www.korhanyilmaz.com\/index.php?rest_route=\/wp\/v2\/posts\/23874","targetHints":{"allow":["GET"]}}],"collection":[{"href":"http:\/\/www.korhanyilmaz.com\/index.php?rest_route=\/wp\/v2\/posts"}],"about":[{"href":"http:\/\/www.korhanyilmaz.com\/index.php?rest_route=\/wp\/v2\/types\/post"}],"author":[{"embeddable":true,"href":"http:\/\/www.korhanyilmaz.com\/index.php?rest_route=\/wp\/v2\/users\/1"}],"replies":[{"embeddable":true,"href":"http:\/\/www.korhanyilmaz.com\/index.php?rest_route=%2Fwp%2Fv2%2Fcomments&post=23874"}],"version-history":[{"count":0,"href":"http:\/\/www.korhanyilmaz.com\/index.php?rest_route=\/wp\/v2\/posts\/23874\/revisions"}],"wp:attachment":[{"href":"http:\/\/www.korhanyilmaz.com\/index.php?rest_route=%2Fwp%2Fv2%2Fmedia&parent=23874"}],"wp:term":[{"taxonomy":"category","embeddable":true,"href":"http:\/\/www.korhanyilmaz.com\/index.php?rest_route=%2Fwp%2Fv2%2Fcategories&post=23874"},{"taxonomy":"post_tag","embeddable":true,"href":"http:\/\/www.korhanyilmaz.com\/index.php?rest_route=%2Fwp%2Fv2%2Ftags&post=23874"}],"curies":[{"name":"wp","href":"https:\/\/api.w.org\/{rel}","templated":true}]}}