{"id":23869,"date":"2010-06-23T15:19:11","date_gmt":"2010-06-23T15:19:11","guid":{"rendered":"http:\/\/www.korhanyilmaz.com\/?p=23869"},"modified":"2010-06-23T15:19:11","modified_gmt":"2010-06-23T15:19:11","slug":"ilhan-selcuka-piyanolu-sazli-veda","status":"publish","type":"post","link":"http:\/\/www.korhanyilmaz.com\/?p=23869","title":{"rendered":"\u0130lhan Sel\u00e7uk&#8217;a piyanolu, sazl\u0131 veda"},"content":{"rendered":"<p style=\"text-align: center;\"><a href=\"http:\/\/www.korhanyilmaz.com\/wp-content\/uploads\/2010\/06\/136.jpeg\"  class=\"lightview\"><img loading=\"lazy\" decoding=\"async\" class=\"aligncenter size-full wp-image-23870\" src=\"http:\/\/www.korhanyilmaz.com\/wp-content\/uploads\/2010\/06\/136.jpeg\" alt=\"\" width=\"333\" height=\"222\" \/><\/a><\/p>\n<p style=\"text-align: justify;\">\u00c7oklu organ yetmezli\u011fi nedeni ile 85 ya\u015f\u0131nda ya\u015fam\u0131n\u0131 yitiren Cumhuriyet Gazetesi \u0130mtiyaz Sahibi ve Ba\u015fyazar\u0131 \u0130lhan Sel\u00e7uk i\u00e7in d\u00fczenlenen cenaze t\u00f6renine kat\u0131lanlar g\u00f6zya\u015flar\u0131na hakim olamazken, zaman zaman h\u00fck\u00fcmet protestolar\u0131 ya\u015fand\u0131.<\/p>\n<p style=\"text-align: justify;\">\u0130STANBUL -Sel\u00e7uk i\u00e7in d\u00fczenlenen t\u00f6rende duygusal anlar ya\u015fand\u0131. Cumhuriyet Gazetesi Yazar\u0131 Selver Tanilli, t\u00f6reninde g\u00f6zya\u015flar\u0131n\u0131 tutamad\u0131. L\u00fctfi K\u0131rdar\u2019da bug\u00fcn 12.00\u2019de d\u00fczenlenen t\u00f6ren sayg\u0131 duru\u015fuyla ba\u015flad\u0131. Sayg\u0131 duru\u015funun ard\u0131ndan sevenleri Sel\u00e7uk\u2019u uzun s\u00fcre ayakta alk\u0131\u015flad\u0131. <!--more--><\/p>\n<p style=\"text-align: justify;\"><strong>FAZIL SAY\u2019DAN P\u0130YANO, ERDAL ERZ\u0130NCAN\u2019DAN SAZ D\u0130NLET\u0130S\u0130<\/strong><\/p>\n<p style=\"text-align: justify;\">Sel\u00e7uk\u2019un hayat\u0131ndan foto\u011fraf karelerinin sinevizyonda g\u00f6sterildi\u011fi t\u00f6rende, m\u00fczisyen Erdal Erzincan saz, piyanist Faz\u0131l Say piyano dinletisi yapt\u0131. Sel\u00e7uk\u2019un cenaze t\u00f6renine sanat ve siyaset d\u00fcnyas\u0131n\u0131n yo\u011fun ilgi g\u00f6sterdi\u011fi g\u00f6zlendi. T\u00f6rene, Genco Erkal, Masum T\u00fcrker, \u0130lyas Salman, S\u00fcheyl Batum. Berhan \u015eim\u015fek, Orhan Erin\u00e7, Meri\u00e7 Velidedeo\u011flu, \u00dclfet Ertel, Ruhan Sel\u00e7uk, S\u00fcleyman \u00c7elebi, Mustafa Sar\u0131g\u00fcl, Umut Oran, \u00d6nder Sav ve \u0130stanbul Sanayi Odas\u0131 Ba\u015fkan\u0131 (\u0130SO) Tan\u0131l K\u00fc\u00e7\u00fck ve Ko\u00e7 Holding \u015eeref Ba\u015fkan\u0131 Rahmi Ko\u00e7 kat\u0131ld\u0131.<\/p>\n<p style=\"text-align: justify;\">Sel\u00e7uk i\u00e7in d\u00fczenlenen t\u00f6rene, Balyoz Soru\u015fturmas\u0131ndan beraat eden \u00c7etin Do\u011fan da, e\u015fiyle birlikte kat\u0131ld\u0131. Do\u011fan, gazetecilerin sorular\u0131 \u00fczerine, \u0130lhan Sel\u00e7uk\u2019la ilgili d\u00fc\u015f\u00fcncelerini dile getirdi. Do\u011fan, Sel\u00e7uk\u2019un g\u00f6nl\u00fc ve kafas\u0131n\u0131n ayd\u0131nl\u0131k oldu\u011funu, sa\u011fl\u0131\u011f\u0131nda bunlar\u0131 insanlar\u0131 ayd\u0131nlatmak i\u00e7in kulland\u0131\u011f\u0131n\u0131 s\u00f6yledi. Sel\u00e7uk gibi kendisinin de Ergenekon s\u00fcrecini ya\u015fad\u0131\u011f\u0131n\u0131 dile getiren Do\u011fan, &#8220;O s\u00fcreci ya\u015fad\u0131m. \u0130nsanda derin izler b\u0131rak\u0131yor. \u015eairin dedi\u011fi gibi, &#8220;Ben yanmazsam, sen yanmazsan, nas\u0131l \u00e7\u0131kacak karanl\u0131klar ayd\u0131nl\u0131\u011fa. Yana yana g\u00f6revini yapt\u0131. Ayd\u0131nlanma s\u00fcrecini ulusumuz tamamlayacak. Vatan sa\u011f olsun diyorum&#8221; a\u00e7\u0131klamas\u0131nda bulundu.<\/p>\n<p style=\"text-align: justify;\"><strong>V\u00dcCUDU YAPILAN HAKSIZLIKLARA TAHAMM\u00dcL EDEMED\u0130<\/strong><\/p>\n<p style=\"text-align: justify;\">T\u00f6rende konu\u015fan gazeteci-yazar Alev Co\u015fkun, Sel\u00e7uk\u2019un Ergenekon s\u00fcrecinde g\u00f6zalt\u0131na al\u0131nmas\u0131n\u0131 sert bir dille ele\u015ftirerek, \u015funlar\u0131 s\u00f6yledi: &#8220;2008\u2019in karanl\u0131k Mart gecesi, sabaha kar\u015f\u0131 evini bast\u0131lar. \u0130lhan Abiyi ald\u0131lar. Seni nezarete koydular. Oysa devlet sana koruma vermi\u015fti. Nereye gidip, geldi\u011fin belliydi ama sana bunu reva g\u00f6rd\u00fcler. Seni ter\u00f6r \u00f6rg\u00fct\u00fcn\u00fcn ba\u015f\u0131 olmakla su\u00e7lad\u0131lar. Ziverbey K\u00f6\u015fk\u00fc\u2019nden de dayan\u0131kl\u0131yd\u0131n bu olanlara ama yorulmu\u015f v\u00fccudun bu son hakaretlere dayanamad\u0131. Sana kar\u015f\u0131 yap\u0131lan bu haks\u0131z muameleye v\u00fccudun tahamm\u00fcl edemedi. Aram\u0131zdan ayr\u0131lman\u0131n as\u0131l nedeni budur. Bu y\u00fczden sende bas\u0131n \u015fehidisin. Vasiyetini yerine getirece\u011fiz. Cumhuriyet Gazetesi \u00e7izgisinden \u00f6d\u00fcn vermeden yoluna devam edece\u011fiz.&#8221;<\/p>\n<p style=\"text-align: justify;\"><strong>SAV\u2019DAN SEL\u00c7UK\u2019A AR\u0130STO BENZETMES\u0130<\/strong><\/p>\n<p style=\"text-align: justify;\">CHP Genel Ba\u015fkan Yard\u0131mc\u0131s\u0131 \u00d6nder Sav, &#8220;S\u00fcrekli devrimcili\u011fe dayanan, \u00e7a\u011fda\u015fla\u015fman\u0131n savunucusunu yitirdik. O e\u015fsiz, s\u00fcrekli e\u015fsiz birisiydi. Mustafa Kemal Atat\u00fcrk, \u2018Devrim g\u00fcne\u015f kadar parlak, g\u00fcne\u015f kadar s\u0131cak, g\u00fcne\u015f kadar bize uzakt\u0131r. Ben g\u00fcne\u015fe bakar, sonra ilerlemek \u00fczere yola koyulurum\u2019 diyordu. \u0130lhan Sel\u00e7uk b\u00f6yle bir devrimciydi. Bahriye \u00dc\u00e7ok, U\u011fur Mumcu gibi bir devrimciydi. Tarihi Sivas kongresinin yap\u0131ld\u0131\u011f\u0131 Sivas sokaklar\u0131nda kahrolsun laiklik, ya\u015fas\u0131n \u015feriat dedikleri canlar da bu devrim g\u00fcne\u015fine y\u00fcr\u00fcd\u00fcler. Devrimcili\u011fin y\u00fck\u00fc a\u011f\u0131rd\u0131r, bedeli vard\u0131r. \u0130lhan Sel\u00e7uk bedel \u00f6deyen devrimcilerden birisidir. T\u0131pk\u0131 as\u0131rlar \u00f6nce bedel \u00f6deyen Aristo gibi. Aristo\u2019yu mahkum eden yarg\u0131\u00e7lar\u0131, hi\u00e7 bir toplum ve insanl\u0131k d\u00fcnyas\u0131 umursam\u0131yor; ama Aristo\u2019yu an\u0131yor. Bedel \u00f6detenleri k\u0131nayacaklar\u0131 bir s\u00fcreci de ya\u015fayaca\u011f\u0131z. Nice ayd\u0131nlar\u0131m\u0131z, d\u00fc\u015f\u00fcnd\u00fcklerinden dolay\u0131 derde u\u011framayacaklar\u0131, \u00e7a\u011fda\u015f demokrasi ile bulu\u015ftu\u011fu zaman \u0130lhan Sel\u00e7uk\u2019un ruhu \u015fad olacakt\u0131r&#8221; dedi. Sav, s\u00f6zlerini tamamlamas\u0131n\u0131n ard\u0131ndan uzun s\u00fcre ayakta alk\u0131\u015fland\u0131.<\/p>\n<p style=\"text-align: justify;\"><strong>&#8220;MERHABA \u0130LHAN AB\u0130&#8221;<\/strong><\/p>\n<p style=\"text-align: justify;\">Cumhuriyet Gazetesi yazar\u0131 Hikmet \u00c7etinkaya da \u015funlar\u0131 s\u00f6yledi: &#8220;Bizim yolculu\u011fumuz uzun bir yolculuktu. Kimi kez h\u00fcz\u00fcn, kimi kez sevin\u00e7. Merhaba onurlu ve devrimci y\u00fcre\u011fiyle m\u00fccadele eden \u0130lhan Abi. Merhaba s\u00f6zde de\u011fil, \u00f6zde Atat\u00fcrk\u00e7\u00fcler, solcular, sosyalistler. Ayd\u0131nlanma devrimine inanan, Sivas\u2019ta diri diri yak\u0131lan ayd\u0131nlar\u0131n \u00e7ocuklar\u0131, e\u015fleri analar\u0131 merhaba. Merhaba Mustafa Balbay, merhaba, Tuncay \u00d6zkan, Do\u011fu Perin\u00e7ek merhaba. Bug\u00fcnk\u00fc yaz\u0131mda var. \u0130lhan Sel\u00e7uk\u2019un, Susurluk\u2019taki devlet i\u00e7indeki &#8220;\u00f6rg\u00fctl\u00fc silahl\u0131 g\u00fc\u00e7&#8221; ortaya \u00e7\u0131kt\u0131\u011f\u0131 g\u00fcn yazd\u0131\u011f\u0131 yaz\u0131lar&#8230; G\u00fcneydo\u011fuda faili me\u00e7hullerde yazd\u0131\u011f\u0131 yaz\u0131lar. Din, dil, mezhep ayr\u0131m\u0131 g\u00f6zetmeden laik cumhuriyet \u00e7at\u0131s\u0131nda ya\u015fayan \u0130lhan Sel\u00e7uk merhaba. Bizim uzun yolculu\u011fumuz bitmedi. Bu uzun yolculu\u011fumuz devam edecek. Demokrasi, temel hak ve \u00f6zg\u00fcrl\u00fckleri sonuna kadar savunaca\u011f\u0131z. Emek\u00e7ilerin yan\u0131nda olan kimli\u011fimizden \u00e7ekinmeyece\u011fiz. Devrimciyiz, sosyalistiz. \u00d6zde Atat\u00fcrk\u00e7\u00fcy\u00fcz. Tarikat\u00e7\u0131lar\u0131n \u015femsiyesi alt\u0131nda Atat\u00fcrk\u00e7\u00fcl\u00fck yapanlardan hi\u00e7 de\u011filiz. Yunus Nadi, Nadir Nadi\u2019nin \u00e7izdi\u011fi yolda, \u00f6d\u00fcn vermeden devam edece\u011fiz. Senin devrimci ruhun bizim ya\u015fam bi\u00e7imimiz olacakt\u0131r.&#8221;<\/p>\n<p style=\"text-align: justify;\"><strong>EV\u0130NE GELEN POL\u0130SLERE \u00c7AY<\/strong><\/p>\n<p style=\"text-align: justify;\">S\u00fcleyman \u00c7elebi ise &#8220;\u00f6l\u00fcm kalle\u015ftir ve geri d\u00f6n\u00fclmezdir&#8221; s\u00f6zleriyle konu\u015fmas\u0131na ba\u015flad\u0131. \u00c7elebi, &#8220;\u0130lhan Sel\u00e7uk, yol haritam\u0131z\u0131 belirlemi\u015f, bu konuda \u00f6d\u00fcn vermemi\u015f, dik durmay\u0131 becermi\u015f \u00f6nemli bir \u00f6nderimiz. Ya\u015fad\u0131\u011f\u0131 talihsiz g\u00fcn, evine gelen polislere \u00e7ay \u0131smarlama h\u00fcmanistli\u011fini de \u00fcstlenen birisi. O penceresini sE\u00fcrekli, emekten, demokrasiden, insan haklar\u0131ndan, laiklikten, Cumhuriyetten yana bize a\u00e7m\u0131\u015ft\u0131r. Demokrasi d\u0131\u015f\u0131 yakla\u015f\u0131mlara kar\u015f\u0131 m\u00fccadele vermi\u015ftir. Ziverbey\u2019de bunu sonun kadar savunmu\u015f ve \u00f6d\u00fcn vermemi\u015ftir. 12 Eyl\u00fcl hukukuna kar\u015f\u0131 \u00f6d\u00fcn vermemi\u015ftir. Sel\u00e7uk\u2019a yap\u0131lan demokrasi d\u0131\u015f\u0131 hareket, bu \u00fclkenin ay\u0131b\u0131d\u0131r, utan, utan, utan. Biz Cumhuriyet okurlar\u0131 olarak, o pencerede \u00f6ks\u00fcz kald\u0131k ama asla Cumhuriyet kalmayacakt\u0131r&#8221; diye konu\u015ftu.<\/p>\n<p style=\"text-align: justify;\">Orhan Erin\u00e7 ise \u0130lhan Sel\u00e7uk ile ilgili d\u00fc\u015f\u00fcncelerini, \u015fu \u015fekilde dile getirdi: &#8220;\u0130lhan a\u011fabeyi, gazeteci olarak de\u011ferlendirirken, gazetecilik s\u00fcrecindeki ya\u015fam\u0131n\u0131 \u00f6rnek almak gerekti\u011fini d\u00fc\u015f\u00fcn\u00fcyorum. Gazetecili\u011fi \u00f6zel \u00e7\u0131karlara alet etmemeyi, gazetecili\u011fi bir ya\u015fam bi\u00e7imi olarak yap\u0131laca\u011f\u0131n\u0131n somut bir \u00f6rne\u011fidir. Cumhuriyet Gazetesi\u2019nin bug\u00fcne ula\u015fmas\u0131nda Sel\u00e7uk\u2019un \u00f6nemli katk\u0131lar\u0131 vard\u0131r. Son d\u00f6nemde \u0130lhan Abi\u2019nin \u00e7izdi\u011fi yolda y\u00fcr\u00fcme konusunda hem Cumhuriyet \u00e7al\u0131\u015fanlar\u0131, hem Cumhuriyet okurlar\u0131n\u0131n ellerinde bir mihenk ta\u015f\u0131 vard\u0131r. O mihenk ta\u015f\u0131 da \u0130lhan Sel\u00e7uk\u2019un belirledi\u011fi yay\u0131n ilkeleridir. Kendisini TGC olarak sayg\u0131 ile selaml\u0131yorum. Kendisini unutma olana\u011f\u0131m\u0131z olmad\u0131\u011f\u0131n\u0131 da bir kez daha vurguluyorum.&#8221;<\/p>\n<p style=\"text-align: justify;\"><strong>\u00c7OCUKLAR \u0130LHAN A\u011eABEY&#8217;\u0130N PENCERES\u0130NDEN BAKACAK<\/strong><\/p>\n<p style=\"text-align: justify;\">DSP Genel Ba\u015fkan\u0131 Masum T\u00fcrker de \u0130lhan Sel\u00e7uk ile ilgili olarak, \u201cSon d\u00f6nemlerde kendisine yap\u0131lanlar asl\u0131nda herkesin ders almas\u0131 gereken bir s\u00fcre\u00e7 ya\u015fatt\u0131 bize. Kendisine Tanr\u0131&#8217;dan rahmet diliyorum. Hepimizin ba\u015f\u0131 sa\u011f olsun\u201d dedi.<\/p>\n<p style=\"text-align: justify;\">Sinema sanat\u00e7\u0131s\u0131 Tar\u0131k Akan da \u201c\u00dclkemin \u00e7ok \u00f6nemli \u00e7ok de\u011ferli ayd\u0131nlar\u0131n\u0131 b\u00f6yle teker teker kaybetmek ve \u00fcst\u00fcne bas\u0131larak karanl\u0131k d\u00fc\u015f\u00fcnceler bu g\u00fczel insanlar\u0131 yok ediyor \u00fclkemde ve \u00fclkemin gelece\u011fini iyice karart\u0131yor. Ama ben \u015funa \u00e7ok inan\u0131yorum ki T\u00fcrkiye&#8217;de laik demokratik \u00e7a\u011fda\u015f insanlar\u0131n \u00e7ocuklar\u0131 da \u0130lhan a\u011fabeyin penceresinde bakacakt\u0131r. Onu her zaman ya\u015fataca\u011f\u0131z. I\u015f\u0131klar i\u00e7inde yats\u0131n\u201d diye konu\u015ftu.<\/p>\n<p style=\"text-align: justify;\"><strong>O PENCEREDE B\u0130R BAYRAK D\u0130RE\u011e\u0130 G\u0130B\u0130 D\u0130MD\u0130KT\u0130<\/strong><\/p>\n<p style=\"text-align: justify;\">K\u00fcrs\u00fcye \u00e7\u0131karak bir konu\u015fma yapan Rutkay Aziz \u201cO&#8217;nun \u00f6l\u00fcms\u00fczl\u00fc\u011f\u00fcne yak\u0131\u015fan birer insan olarak bu hayat\u0131 ve T\u00fcrkiye&#8217;yi hak edece\u011fiz. Bu Ergenekon s\u00fcreci i\u00e7inde sabah\u0131n erken saatlerinde hoyrat\u00e7a adalete hukuka s\u0131\u011fmayan vicdans\u0131z bir bi\u00e7imde al\u0131nmakla \u00fczg\u00fcnd\u00fc. Onu bir bi\u00e7imde vurdular ama o pencerede bir bayrak dire\u011fi gibi dimdikti\u201d dedi. Rutkay Aziz, \u0130lhan Sel\u00e7uk&#8217;un Japon G\u00fcl\u00fc yaz\u0131s\u0131ndan bir b\u00f6l\u00fcm de okudu.<\/p>\n<p style=\"text-align: justify;\"><strong>VATANDA\u015eTAN PROTESTO<\/strong><\/p>\n<p style=\"text-align: justify;\">Erdal Erzincan&#8217;\u0131n saz dinletisinin ard\u0131ndan bir ki\u015fi salonda aya\u011fa kalkarak, \u201cKahrolsun Recep Tayyip Erdo\u011fan fa\u015fizmi\u201d diye ba\u011f\u0131rd\u0131. Ba\u011f\u0131rd\u0131ktan sonra yerine oturan vatanda\u015f, salondan bir s\u00fcre alk\u0131\u015f da ald\u0131.<\/p>\n<p style=\"text-align: justify;\"><strong>YAZINCA \u0130\u015eTE BU OLUYOR<\/strong><\/p>\n<p style=\"text-align: justify;\">Yazar Do\u011fan H\u0131zlan \u201cGer\u00e7ekten O&#8217;nu seviyorsak O&#8217;nun yazd\u0131klar\u0131na inan\u0131yorsak o zaman O&#8217;nun yazd\u0131klar\u0131n\u0131 s\u00fcrd\u00fcrmeliyiz. D\u00fc\u015f\u00fcncelerimizde ve ya\u015fant\u0131m\u0131zda onu \u00f6rnek almal\u0131y\u0131z&#8221; dedi. Yazar Emre Kongar, \u201cO benim arkamdan konu\u015facakt\u0131. Beni aldat\u0131yordu. &#8216;Hem konu\u015furum hem yazar\u0131m&#8217; diyordu. O Mart sabah\u0131 sonun ba\u015flang\u0131c\u0131 oldu onun i\u00e7in\u201d diye konu\u015ftu. Emre Kongar, \u0130lhan Sel\u00e7uk&#8217;un zaman zaman kendine espri yapt\u0131\u011f\u0131n\u0131 ve \u201cYaz\u0131yorsun da ne oluyor?\u201d dedi\u011fini kendisinin de \u0130lhan Sel\u00e7uk&#8217;a \u201cSiz yaz\u0131nda ne oluyorsa i\u015fte o oluyor\u201d dedi\u011fini hat\u0131rlatt\u0131. Kongar Sel\u00e7uk&#8217;un \u00f6l\u00fcm\u00fcn\u00fc hat\u0131rlatarak, \u201cYaz\u0131nca i\u015fte bu oluyor. \u0130\u015fte bu oluyor\u201d dedi.<\/p>\n<p style=\"text-align: justify;\"><strong>MUSTAFA BALBAY&#8217;DAN MESAJ<\/strong><\/p>\n<p style=\"text-align: justify;\">Cumhuriyet Gazetesi Yazar\u0131 Mustafa Balbay&#8217;\u0131n tutuklu bulundu\u011fu Silivri Cezaevi&#8217;nden g\u00f6nderdi\u011fi mesaj da okundu. Mustafa Balbay mesaj\u0131nda, \u201cD\u0131\u015far\u0131ya \u00e7\u0131kt\u0131\u011f\u0131m\u0131z zaman &#8216;\u0130lhan A\u011fabey&#8217;i g\u00f6recek miyim?&#8217; diye d\u00fc\u015f\u00fcn\u00fcyordum. Elbet bir g\u00fcn bulu\u015faca\u011f\u0131z. Bu b\u00f6yle yar\u0131m kalmayacak\u201d dedi.<\/p>\n<p style=\"text-align: justify;\"><strong>CUMHUR\u0130YET&#8217;TE T\u00d6REN<\/strong><\/p>\n<p style=\"text-align: justify;\">Buradaki t\u00f6renden sonra \u0130lhan Sel\u00e7uk&#8217;un cenazesi araca konuldu. Cenaze bin ki\u015filik kortej e\u015fli\u011finden Halaskargazi Caddesi&#8217;nden \u015ei\u015fli&#8217;deki Cumhuriyet Gazetesi&#8217;ne do\u011fru yola \u00e7\u0131kar\u0131ld\u0131. Cenaze arac\u0131n\u0131n \u00f6n\u00fcne b\u00fcy\u00fck bir T\u00fcrk bayra\u011f\u0131 a\u00e7\u0131ld\u0131. Bir ki\u015fi de Atat\u00fcrk posteri ta\u015f\u0131d\u0131. Korteje kat\u0131lanlar \u201cHepimiz Mustafa Kemal&#8217;in askerleriyiz\u201d, \u201cH\u00fck\u00fcmet istifa\u201d, \u201cG\u00fcn gelecek devran d\u00f6necek, AKP hesap verecek\u201d, \u201cCumhuriyet de\u011fil AKP y\u0131k\u0131lacak\u201d ve \u201c\u015eehitler \u00f6lmez vatan b\u00f6l\u00fcnmez\u201d diye slogan att\u0131lar. Y\u00fcr\u00fcy\u00fc\u015f s\u0131ras\u0131nda \u00e7evredekilerden baz\u0131lar\u0131 ge\u00e7en korteje alk\u0131\u015f tuttu. Bir grup da okur da gazete \u00f6n\u00fcnde cenazeyi bekledi. Kortej Cumhuriyet Gazetesi&#8217;ne geldikten sonra burada da bir veda t\u00f6reni d\u00fczenlendi. Ya\u011fmur y\u00fcz\u00fcnden k\u0131sa tutulan konu\u015fmalardan sonra \u0130lhan Sel\u00e7uk topra\u011fa verilece\u011fi Nev\u015fehir&#8217;in Hac\u0131bekta\u015f il\u00e7esine g\u00f6t\u00fcr\u00fclmek \u00fczere cenaze arac\u0131na konuldu.<\/p>\n<p style=\"text-align: justify;\"><span style=\"color: #888888;\">Radikal (dha, anka)<\/span><\/p>\n","protected":false},"excerpt":{"rendered":"<p style=\"text-align: center;\">\n<p style=\"text-align: justify;\">\u00c7oklu organ yetmezli\u011fi nedeni ile 85 ya\u015f\u0131nda ya\u015fam\u0131n\u0131 yitiren Cumhuriyet Gazetesi \u0130mtiyaz Sahibi ve Ba\u015fyazar\u0131 \u0130lhan Sel\u00e7uk i\u00e7in d\u00fczenlenen cenaze t\u00f6renine kat\u0131lanlar g\u00f6zya\u015flar\u0131na hakim olamazken, zaman zaman h\u00fck\u00fcmet protestolar\u0131 ya\u015fand\u0131.<\/p>\n<p style=\"text-align: justify;\">\u0130STANBUL -Sel\u00e7uk i\u00e7in d\u00fczenlenen t\u00f6rende duygusal anlar ya\u015fand\u0131. Cumhuriyet Gazetesi Yazar\u0131 Selver Tanilli, t\u00f6reninde g\u00f6zya\u015flar\u0131n\u0131 tutamad\u0131. L\u00fctfi K\u0131rdar\u2019da <\/p>\n","protected":false},"author":1,"featured_media":0,"comment_status":"open","ping_status":"closed","sticky":false,"template":"","format":"standard","meta":{"footnotes":""},"categories":[105],"tags":[],"class_list":["post-23869","post","type-post","status-publish","format-standard","hentry","category-gundem","odd"],"_links":{"self":[{"href":"http:\/\/www.korhanyilmaz.com\/index.php?rest_route=\/wp\/v2\/posts\/23869","targetHints":{"allow":["GET"]}}],"collection":[{"href":"http:\/\/www.korhanyilmaz.com\/index.php?rest_route=\/wp\/v2\/posts"}],"about":[{"href":"http:\/\/www.korhanyilmaz.com\/index.php?rest_route=\/wp\/v2\/types\/post"}],"author":[{"embeddable":true,"href":"http:\/\/www.korhanyilmaz.com\/index.php?rest_route=\/wp\/v2\/users\/1"}],"replies":[{"embeddable":true,"href":"http:\/\/www.korhanyilmaz.com\/index.php?rest_route=%2Fwp%2Fv2%2Fcomments&post=23869"}],"version-history":[{"count":0,"href":"http:\/\/www.korhanyilmaz.com\/index.php?rest_route=\/wp\/v2\/posts\/23869\/revisions"}],"wp:attachment":[{"href":"http:\/\/www.korhanyilmaz.com\/index.php?rest_route=%2Fwp%2Fv2%2Fmedia&parent=23869"}],"wp:term":[{"taxonomy":"category","embeddable":true,"href":"http:\/\/www.korhanyilmaz.com\/index.php?rest_route=%2Fwp%2Fv2%2Fcategories&post=23869"},{"taxonomy":"post_tag","embeddable":true,"href":"http:\/\/www.korhanyilmaz.com\/index.php?rest_route=%2Fwp%2Fv2%2Ftags&post=23869"}],"curies":[{"name":"wp","href":"https:\/\/api.w.org\/{rel}","templated":true}]}}