{"id":23863,"date":"2010-06-23T14:28:06","date_gmt":"2010-06-23T14:28:06","guid":{"rendered":"http:\/\/www.korhanyilmaz.com\/?p=23863"},"modified":"2010-06-23T14:28:06","modified_gmt":"2010-06-23T14:28:06","slug":"17-yasindaki-buseye-gozyaslariyla-veda","status":"publish","type":"post","link":"http:\/\/www.korhanyilmaz.com\/?p=23863","title":{"rendered":"17 ya\u015f\u0131ndaki Buse&#8217;ye g\u00f6zya\u015flar\u0131yla veda"},"content":{"rendered":"<p style=\"text-align: center;\"><a href=\"http:\/\/www.korhanyilmaz.com\/wp-content\/uploads\/2010\/06\/135.jpeg\"  class=\"lightview\"><img loading=\"lazy\" decoding=\"async\" class=\"aligncenter size-full wp-image-23864\" src=\"http:\/\/www.korhanyilmaz.com\/wp-content\/uploads\/2010\/06\/135.jpeg\" alt=\"\" width=\"356\" height=\"238\" \/><\/a><\/p>\n<p style=\"text-align: justify;\">Halkal\u0131&#8217;daki ter\u00f6r sald\u0131r\u0131s\u0131nda ya\u015fam\u0131n\u0131 yitiren 17 ya\u015f\u0131ndaki Buse Sar\u0131ya\u011f, Ankara&#8217;da binlerce ki\u015finin kat\u0131ld\u0131\u011f\u0131 t\u00f6renle topra\u011fa verildi.<\/p>\n<p style=\"text-align: justify;\">\u0130STANBUL Halkal\u0131\u2019da d\u00fcn sabah saatlerinde askeri personel ta\u015f\u0131yan otob\u00fcs\u00fcn ge\u00e7ti\u011fi s\u0131rada yol kenar\u0131na yerle\u015ftirilen uzaktan kumandal\u0131 bomban\u0131n patlat\u0131lmas\u0131 sonucu \u015fehit olan 4 asker ile birlikte ya\u015fam\u0131n\u0131 yitiren Uzman \u00c7avu\u015f \u00dcnal Sar\u0131ya\u011f\u2019\u0131n 17 ya\u015f\u0131ndaki k\u0131z\u0131 Buse, Ankara\u2019n\u0131n Elmada\u011f \u0130l\u00e7esi\u2019nde topra\u011fa verildi. Buse\u2019nin asker babas\u0131 \u00dcnal Sar\u0131ya\u011f 20 y\u0131l da\u011flarda m\u00fccadele edip, k\u0131z\u0131n\u0131 hainlerden korudu\u011funu belirtirken, \u201cBat\u0131\u2019n\u0131n bat\u0131s\u0131na geldim, k\u0131z\u0131m bana siper oldu. Erkeklerse, delikanl\u0131larsa \u015fimdi kar\u015f\u0131ma \u00e7\u0131ks\u0131nlar\u201d dedi.<!--more--><\/p>\n<p style=\"text-align: justify;\">Buse Sar\u0131ya\u011f\u2019\u0131n Adl\u0131 T\u0131p Morgu\u2019ndan al\u0131nan T\u00fcrk bayra\u011f\u0131na sar\u0131l\u0131 tabutunun \u00fczerine duvak konulurken, \u00f6nce do\u011fdu\u011fu \u00dc\u00e7evler Mahallesi\u2019ndeki baba evine, ard\u0131ndan Elmada\u011f Merkez \u0130stasyon Camisi \u00f6n\u00fcne g\u00f6t\u00fcr\u00fcld\u00fc. Cenaze t\u00f6renine Genelkurmay Ba\u015fkan\u0131 Orgeneral \u0130lker Ba\u015fbu\u011f ve kuvvet komutanlar\u0131 ile CHP Genel Ba\u015fkan\u0131 Kemal K\u0131l\u0131\u00e7daro\u011flu, Devlet Bakan\u0131 ve Ba\u015fbakan Yard\u0131mc\u0131s\u0131 Cemil \u00c7i\u00e7ek, MHP Genel Ba\u015fkan\u0131 Devlet Bah\u00e7eli, \u00e7ok say\u0131da subay ve astsubay ile yakla\u015f\u0131k 10 bin vatanda\u015f kat\u0131ld\u0131. Elmada\u011f\u2019da bulunan binalara as\u0131lan bayraklarla birlikte cenazeye kat\u0131lan vatanda\u015flar da dev T\u00fcrk bayraklar\u0131 a\u00e7t\u0131 ve \u2018Buse&#8217;ye uzanan eller k\u0131l\u0131s\u0131n\u2019 sloganlar\u0131 att\u0131. Genelkurmay Ba\u015fkan\u0131 \u0130lker Ba\u015fbu\u011f&#8217;un camiye giri\u015finde Buse\u2019nin babas\u0131 \u00dcnal, annesi Belgin ve 6 ya\u015f\u0131ndaki karde\u015fi Sude&#8217;ye ba\u015fsa\u011fl\u0131\u011f\u0131 diledi.<\/p>\n<p style=\"text-align: justify;\"><strong>HALASI ULV\u0130YE A\u011eITLAR YAKTI<\/strong><\/p>\n<p style=\"text-align: justify;\">Buse\u2019nin Elmada\u011f\u2019da ya\u015fayan halas\u0131 Ulviye Sar\u0131ya\u011f, g\u00f6zya\u015flar\u0131 i\u00e7inde \u015funlar\u0131 s\u00f6yledi:<\/p>\n<p style=\"text-align: justify;\">\u201c\u00c7ocu\u011fum olmad\u0131\u011f\u0131 i\u00e7in, elime do\u011fan Buse\u2019yi kendi \u00e7ocu\u011fum yerine koydum. Okumay\u0131 \u00e7ok isteyen ve seven Buse, b\u00fcy\u00fck yerlere gelmek istiyordu. 20 y\u0131ld\u0131r Do\u011fu ve G\u00fcneydo\u011fu\u2019da g\u00f6rev yapan karde\u015fim \u00dcnal bir y\u0131l sonra da emekli olmay\u0131 d\u00fc\u015f\u00fcn\u00fcyordu\u201d dedi.<\/p>\n<p style=\"text-align: justify;\">Buse\u2019nin di\u011fer halas\u0131 Nurcan ise fenalal\u0131k ge\u00e7irdi. Haberi televizyondan \u00f6\u011frendi\u011fini belirten Buse\u2019nin kuzeni Beg\u00fcm ise \u201ciki karde\u015f gibi b\u00fcy\u00fcd\u00fck, s\u00fcrekli internetten g\u00f6r\u00fc\u015f\u00fcyorduk. Kendisi Cumhurba\u015fkan\u0131 ya da Ba\u015fbakan olmak istiyordu\u201d diye konu\u015ftu.<\/p>\n<div id=\"attachment_23865\" style=\"width: 296px\" class=\"wp-caption alignleft\"><a href=\"http:\/\/www.korhanyilmaz.com\/wp-content\/uploads\/2010\/06\/134.jpeg\"  class=\"lightview\"><img loading=\"lazy\" decoding=\"async\" aria-describedby=\"caption-attachment-23865\" class=\"size-full wp-image-23865 \" style=\"margin-left: 10px; margin-right: 10px;\" src=\"http:\/\/www.korhanyilmaz.com\/wp-content\/uploads\/2010\/06\/134.jpeg\" alt=\"\" width=\"286\" height=\"190\" \/><\/a><p id=\"caption-attachment-23865\" class=\"wp-caption-text\">Ter\u00f6re kurban giden Buse\u2019nin 6 ya\u015f\u0131ndaki k\u0131zkarde\u015fi Sude ablas\u0131n\u0131 r\u00fcyas\u0131nda g\u00f6rd\u00fc\u011f\u00fcn\u00fc belirterek, \u201cD\u00fcn \u0130stanbul\u2019dan Ankara\u2019ya u\u00e7akla geldi\u011fimizde g\u00f6zlerimi kapatt\u0131\u011f\u0131mda r\u00fcyamda ablam\u0131 g\u00f6rd\u00fcm. Ablam bana dedi ki \u2018arkamdan sak\u0131n a\u011flamay\u0131n, ben sizin kalbinizdeyim, hepinizi g\u00f6r\u00fcyorum\u2019 dedi. Sude\u2019nin r\u00fcyas\u0131n\u0131 anlatmas\u0131, vatanda\u015flar\u0131 duyguland\u0131rd\u0131. <\/p><\/div>\n<p style=\"text-align: justify;\"><strong>K\u00dc\u00c7\u00dcK KIZKARDE\u015e: ABLAMI R\u00dcYAMDA G\u00d6RD\u00dcM <\/strong><\/p>\n<p style=\"text-align: justify;\">Ter\u00f6re kurban giden Buse\u2019nin 6 ya\u015f\u0131ndaki k\u0131zkarde\u015fi Sude ablas\u0131n\u0131 r\u00fcyas\u0131nda g\u00f6rd\u00fc\u011f\u00fcn\u00fc belirterek, \u201cD\u00fcn \u0130stanbul\u2019dan Ankara\u2019ya u\u00e7akla geldi\u011fimizde g\u00f6zlerimi kapatt\u0131\u011f\u0131mda r\u00fcyamda ablam\u0131 g\u00f6rd\u00fcm. Ablam bana dedi ki \u2018arkamdan sak\u0131n a\u011flamay\u0131n, ben sizin kalbinizdeyim, hepinizi g\u00f6r\u00fcyorum\u2019 dedi. Sude\u2019nin r\u00fcyas\u0131n\u0131 anlatmas\u0131, vatanda\u015flar\u0131 duyguland\u0131rd\u0131.<\/p>\n<p style=\"text-align: justify;\"><strong>KIZIM BANA S\u0130PER OLDU<\/strong><\/p>\n<p style=\"text-align: justify;\">K\u0131z\u0131n\u0131n cenazesinde basun mensuplar\u0131na ricada bulunan baba \u00dcnal Sar\u0131ya\u011f, \u201cA\u011flayanlar\u0131 \u00e7ekip de hainleri sevindirmeyelim. 20 y\u0131l da\u011flarda onlara kar\u015f\u0131 m\u00fccadele ettim, k\u0131z\u0131m\u0131 onlara kar\u015f\u0131 korudum, onlara vermedim, Bat\u0131\u2019n\u0131n bat\u0131s\u0131na geldim, k\u0131z\u0131m bana siper oldu. Erkeklerse, delikanl\u0131larsa \u015fimdi kar\u015f\u0131ma \u00e7\u0131ks\u0131nlar\u201c dedi. Dede Mustafa Elber ise, bunu yapanlar\u0131n kalle\u015f ve hain olduklar\u0131n\u0131 s\u00f6yledi.<\/p>\n<p style=\"text-align: justify;\"><strong>GERG\u0130NL\u0130K YA\u015eANDI <\/strong><\/p>\n<p style=\"text-align: justify;\">Bu arada cenaze namaz\u0131 nedeniyle polis cami \u00e7evresini bariyerlerle kapatt\u0131. Ayr\u0131ca b\u00fct\u00fcn giri\u015f ve \u00e7\u0131k\u0131\u015f yollar\u0131 trafi\u011fe kapat\u0131ld\u0131. Cenaze namaz\u0131na kat\u0131lmak isteyen bir grup vatanda\u015fa polis izin vermeyince gerginlik ya\u015fand\u0131. Vatanda\u015flar polis bariyerlerini y\u0131karak cenazenin bulundu\u011fu alana ge\u00e7ti. Bu arada il\u00e7e genelinde y\u00fcksek g\u00fcvenlik \u00f6nlemleri al\u0131nmas\u0131 dikkat \u00e7ekerken, baz\u0131 binalar\u0131n tepelerine keskin ni\u015fanc\u0131lar yerle\u015ftirildi, frekans kar\u0131\u015ft\u0131r\u0131c\u0131 jammerlerin de devrede oldu\u011fu g\u00f6r\u00fcld\u00fc.<\/p>\n<p style=\"text-align: justify;\">Cenaze arac\u0131 ge\u00e7erken, subay ve astsubaylar\u0131n tabuta karanfiller atmas\u0131 dikkat \u00e7ekti. Buse\u2019nin cenazesi, \u0130stasyon Camii\u2019nde \u00f6\u011fle vakti k\u0131l\u0131nan cenaze namaz\u0131ndan sonra \u00dc\u00e7evler Mezarl\u0131\u011f\u0131\u2019nda topra\u011fa verildi.<\/p>\n<p style=\"text-align: justify;\">\u015eEH\u0130T UZMAN \u00c7AVU\u015e U\u011eUR EK\u0130Z&#8230;<\/p>\n<p style=\"text-align: justify;\">\u015eehit uzman \u00e7avu\u015f U\u011fur Ekiz&#8217;in cenazesi Maslak&#8217;taki \u0130stanbul Jandarma Komutanl\u0131\u011f\u0131&#8217;nda d\u00fczenlenen t\u00f6renin ard\u0131ndan u\u00e7akla Hatay Havaalan\u0131&#8217;na getirildi.<\/p>\n<p style=\"text-align: justify;\">Ekiz&#8217;in babas\u0131 Fikri Ekiz, kalp rahats\u0131zl\u0131\u011f\u0131 nedeniyle yatt\u0131\u011f\u0131 Adana&#8217;daki hastaneden, doktorlar\u0131n onay\u0131n\u0131n al\u0131nmas\u0131n\u0131n ard\u0131ndan \u00e7\u0131karak cenaze t\u00f6renine kat\u0131lmak amac\u0131yla Hatay&#8217;\u0131n Erzin il\u00e7esine geldi.<\/p>\n<p style=\"text-align: justify;\">Doktorlar\u0131n sakinle\u015ftirici i\u011fne yapt\u0131\u011f\u0131n\u0131 ifade eden Ekiz, &#8220;Metanetli olmak zorunday\u0131z. Ba\u015fka ocaklara ate\u015f d\u00fc\u015fmesin. Ba\u015fka analar, babalar a\u011flamas\u0131n. O\u011flum benim ameliyat\u0131m i\u00e7in Erzin&#8217;e gelecekti ama k\u0131smet olmad\u0131. Kendisinin \u015fehit haberi geldi. Vatan sa\u011f olsun&#8221; diye konu\u015ftu.<\/p>\n<p style=\"text-align: justify;\">\u015eehit uzman \u00e7avu\u015f U\u011fur Ekiz&#8217;in cenazesi, ikindi namaz\u0131 sonras\u0131nda Erzin Devlet Hastanesi morgundan al\u0131narak, Mahmutlu Mahallesi&#8217;ndeki mezarl\u0131kta yap\u0131lacak t\u00f6ren ve cenaze namaz\u0131n\u0131n ard\u0131ndan topra\u011fa verilecek.<\/p>\n<p style=\"text-align: justify;\">Ekiz&#8217;in cenaze t\u00f6renine Adalet Bakan\u0131 Sadullah Ergin&#8217;in kat\u0131lmas\u0131 bekleniyor.<\/p>\n<p style=\"text-align: justify;\"><strong>\u015eEH\u0130T JANDARMA KIDEML\u0130 \u00c7AVU\u015e \u00c7A\u011eLAR B\u00d6L\u00dcK&#8230; <\/strong><\/p>\n<p style=\"text-align: justify;\">\u015eehit Jandarma Uzman \u00c7avu\u015f \u00c7a\u011flar B\u00f6l\u00fck&#8217;\u00fcn cenazesi, \u0130zmir&#8217;in Tire il\u00e7esinde topra\u011fa verildi. B\u00f6l\u00fck i\u00e7in Tire \u0130mam Hatip Camisi&#8217;nde askeri t\u00f6ren d\u00fczenlendi.<\/p>\n<p style=\"text-align: justify;\">T\u00f6rene, Milli Savunma Bakan\u0131 Vecdi G\u00f6n\u00fcl, \u0130zmir Valisi Cahit K\u0131ra\u00e7, Manisa Valisi Celalettin G\u00fcven\u00e7, Ege Ordusu ve Garnizon Komutan\u0131 Orgeneral Hayri K\u0131vr\u0131ko\u011flu, \u015fehidin akrabas\u0131 da olan AK Parti Manisa Milletvekili Mehmet \u00c7er\u00e7i, CHP \u0130zmir Milletvekili Mehmet Ali Susam, \u015fehit B\u00f6l\u00fck&#8217;\u00fcn babas\u0131 Salih, annesi Kezban, e\u015fi Elif, 2 ya\u015f\u0131ndaki k\u0131z\u0131 Eyl\u00fcl ve karde\u015fi Sinan B\u00f6l\u00fck ile \u00e7ok say\u0131da vatanda\u015f kat\u0131ld\u0131.<\/p>\n<p style=\"text-align: justify;\">T\u00f6ren alan\u0131nda, Cumhurba\u015fkan\u0131 Abdullah G\u00fcl, Ba\u015fbakan Recep Tayyip Erdo\u011fan, Genelkurmay Ba\u015fkan\u0131 Orgeneral \u0130lker Ba\u015fbu\u011f&#8217;un g\u00f6nderdi\u011fi taziye \u00e7i\u00e7ekleri dikkat \u00e7ekti.<\/p>\n<p style=\"text-align: justify;\">Yo\u011fun g\u00fcvenlik \u00f6nlemlerinin al\u0131nd\u0131\u011f\u0131 cenaze t\u00f6reninde, Milli Savunma Bakan\u0131 G\u00f6n\u00fcl ile tokala\u015fmak isteyen AK Parti Manisa Milletvekili Mehmet \u00c7er\u00e7i, meydana gelen protesto olaylar\u0131 nedeniyle bakan\u0131n korumalar\u0131 taraf\u0131ndan &#8220;protestocu&#8221; vatanda\u015f san\u0131larak engellendi. \u00c7er\u00e7i, kendini tan\u0131tt\u0131ktan sonra Bakan G\u00f6n\u00fcl&#8217;e ula\u015farak tokala\u015fabildi.<\/p>\n<p style=\"text-align: justify;\">\u00d6\u011fle namaz\u0131n\u0131n ard\u0131ndan d\u00fczenlenen t\u00f6rene kat\u0131lan Bakan G\u00f6n\u00fcl ve beraberindekiler, \u015fehit B\u00f6l\u00fck&#8217;\u00fcn babas\u0131 Salih, annesi Kezban, e\u015fi Elif ve yak\u0131nlar\u0131na ba\u015fsa\u011fl\u0131\u011f\u0131 dile\u011finde bulundu. Cenaze namaz\u0131 s\u0131ras\u0131nda Bakan G\u00f6n\u00fcl&#8217;\u00fcn g\u00f6zya\u015flar\u0131na engel olamad\u0131\u011f\u0131 g\u00f6r\u00fcld\u00fc.<\/p>\n<p style=\"text-align: justify;\">T\u00f6rene, yo\u011fun sa\u011fana\u011fa ra\u011fmen \u00e7ok say\u0131da Tireli vatanda\u015f, ellerindeki T\u00fcrk bayraklar\u0131yla kat\u0131ld\u0131. Sa\u011fl\u0131k ekipleri, herhangi bir olumsuz duruma kar\u015f\u0131 haz\u0131r bekletildi.<\/p>\n<p style=\"text-align: justify;\">\u015eehit Uzman \u00c7avu\u015f B\u00f6l\u00fck&#8217;\u00fcn e\u015fi Elif, babas\u0131 Salih, annesi ve karde\u015fi Sinan B\u00f6l\u00fck, \u015fehidin T\u00fcrk bayra\u011f\u0131na sar\u0131l\u0131 tabutuna sar\u0131larak \u00f6pt\u00fc. B\u00f6l\u00fck&#8217;\u00fcn k\u0131z\u0131 Eyl\u00fcl ise babas\u0131n\u0131n foto\u011fraf\u0131n\u0131 \u00f6perek, foto\u011frafa el sallad\u0131.<\/p>\n<p style=\"text-align: justify;\">K\u0131l\u0131nan cenaze namaz\u0131n\u0131n ard\u0131ndan, \u015fehit Uzman \u00c7avu\u015f B\u00f6l\u00fck&#8217;\u00fcn naa\u015f\u0131, askerler taraf\u0131nda al\u0131narak, askeri araca konuldu.<\/p>\n<p style=\"text-align: justify;\">Arac\u0131n ge\u00e7i\u015fi esnas\u0131nda, \u00c7a\u011flar B\u00f6l\u00fck&#8217;\u00fcn akrabalar\u0131, g\u00f6zya\u015flar\u0131na engel olamad\u0131. Vatanda\u015flar ise alk\u0131\u015flarla &#8220;\u015eehitler \u00f6lmez vatan b\u00f6l\u00fcnmez&#8221; slogan\u0131yla h\u00fck\u00fcmet aleyhtar\u0131 sloganlar att\u0131. Bakan G\u00f6n\u00fcl, kortejin t\u00fcm\u00fcne kat\u0131lmayarak, bir s\u00fcre sonra cenazeden ayr\u0131ld\u0131.<\/p>\n<p style=\"text-align: justify;\">B\u00f6l\u00fck&#8217;\u00fcn naa\u015f\u0131, Tire il\u00e7esine ba\u011fl\u0131 Doyuranl\u0131 K\u00f6y\u00fc Mezarl\u0131\u011f\u0131&#8217;nda defnedildi. Tire&#8217;deki ev ve i\u015f yerlerine T\u00fcrk bayraklar\u0131 as\u0131ld\u0131\u011f\u0131 g\u00f6r\u00fcld\u00fc.<\/p>\n<p style=\"text-align: justify;\"><strong>\u015eEH\u0130T ASTSUBAY KIDEML\u0130 \u00dcST\u00c7AVU\u015e BEK\u0130R \u00c7EL\u0130K&#8230; <\/strong><\/p>\n<p style=\"text-align: justify;\">\u015eehit Astsubay K\u0131demli \u00dcst\u00e7avu\u015f Bekir \u00c7elik&#8217;in cenazesi Maslak&#8217;taki \u0130stanbul Jandarma Komutanl\u0131\u011f\u0131&#8217;nda d\u00fczenlenen t\u00f6renin ard\u0131ndan u\u00e7akla Hatay&#8217;a getirildi.<\/p>\n<p style=\"text-align: justify;\">\u015eehidin e\u015fi Emine \u00c7elik, &#8220;Tabutunu g\u00f6rene kadar inanm\u0131yordum Bekir, gitti e\u015fim. Bana &#8216;\u015fehit e\u015fisin, a\u011flama&#8217; dediler. A\u011flamayaca\u011f\u0131m. Sen benim her \u015feyimdin. Ben seni evden b\u00f6yle mi u\u011furlam\u0131\u015ft\u0131m&#8221; diye a\u011f\u0131t yakt\u0131. Bu s\u0131rada fenala\u015fan \u015fehidin yak\u0131nlar\u0131na sa\u011fl\u0131k g\u00f6revlileri taraf\u0131ndan m\u00fcdahale edildi.<\/p>\n<p style=\"text-align: justify;\">Kaptan Pa\u015fa Camisi&#8217;nin avlusunun dar olmas\u0131 nedeniyle cenaze namaz\u0131 Hatay M\u00fcft\u00fcs\u00fc Mustafa Sinano\u011flu taraf\u0131ndan \u015eehit Pamir Caddesi \u00fczerinde k\u0131ld\u0131r\u0131ld\u0131. Namaz s\u00fcresince yol trafi\u011fe kapat\u0131ld\u0131. Namaz\u0131n\u0131n ard\u0131ndan cenaze, \u0130skenderun Asri Mezarl\u0131k&#8217;taki \u015fehitlikte topra\u011fa verildi.<\/p>\n<p style=\"text-align: justify;\">T\u00f6ren s\u0131ras\u0131nda, vatanda\u015flar ter\u00f6r \u00f6rg\u00fct\u00fc aleyhine sloganlar att\u0131.<\/p>\n<p style=\"text-align: justify;\">T\u00f6rene, \u015fehidin ailesi ve yak\u0131nlar\u0131n\u0131n yan\u0131 s\u0131ra Vali Celalettin Lekesiz, AK Parti Hatay milletvekilleri Orhan Karasayar, Mustafa \u00d6zt\u00fcrk ve Fevzi \u015eanverdi, CHP Hatay milletvekilleri G\u00f6khan Durgun, Fuat \u00c7ay ve Abdulaziz Yazar, MHP Hatay milletvekilleri \u0130zzettin Y\u0131lmaz ve Turan \u00c7irkin, 6. Kolordu Komutan\u0131 Korgeneral Nejat Bek, Adana Jandarma B\u00f6lge Komutan\u0131 Tu\u011fgeneral Ali Lapanta, \u0130skenderun Kaymakam\u0131 Cemil Aksak, 39. Mekanize Piyade Tugay Komutan\u0131 Tu\u011fgeneral G\u00fcrsel \u00d6zt\u00fcrk, Deniz \u00dcs Komutan\u0131 Tu\u011famiral Turgay Erda\u011f, \u0130skenderun Belediye Ba\u015fkan\u0131 Yusuf Civelek, di\u011fer yetkililer ve \u00e7ok say\u0131da vatanda\u015f kat\u0131ld\u0131.<\/p>\n<p style=\"text-align: justify;\"><strong>\u015eEH\u0130T JANDARMA ASTSUBAY \u00c7AVU\u015e DURAN BAYRAM&#8230;<\/strong><\/p>\n<p style=\"text-align: justify;\">\u015eehit Jandarma Astsubay \u00c7avu\u015f Duran Bayram&#8217;\u0131n cenazesi Kayseri&#8217;de topra\u011fa verildi.<\/p>\n<p style=\"text-align: justify;\">Hunat Camisi&#8217;nde d\u00fczenlenen cenaze t\u00f6renine, \u015fehit Jandarma Astsubay \u00c7avu\u015f Duran Bayram&#8217;\u0131n yak\u0131nlar\u0131, Enerji ve Tabii Kaynaklar Bakan\u0131 Taner Y\u0131ld\u0131z, Kayseri Valisi Mevl\u00fct Bilici, AK Parti Grup Ba\u015fkanvekili Mustafa Elita\u015f, AK Parti Kayseri milletvekilleri Ya\u015far Karayel ve Ahmet \u00d6ks\u00fczkaya, CHP Kayseri Milletvekili \u015eevki Kulkulo\u011flu, Jandarma Genel Komutanl\u0131\u011f\u0131nda g\u00f6revli Korgeneral Fikret Demirta\u015f, Garnizon Komutan\u0131 T\u00fcmgeneral \u00d6zden Bayram Arg\u00fcz, 12. Hava Ula\u015ft\u0131rma Ana \u00dcs Komutan\u0131 Tu\u011fgeneral Ali Demiral, Jandarma B\u00f6lge Komutan\u0131 Tu\u011fgeral Murat K\u0131rkaya, B\u00fcy\u00fck\u015fehir Belediye Ba\u015fkan\u0131 Mehmet \u00d6zhaseki, Erciyes \u00dcniversitesi Rekt\u00f6r\u00fc Prof. Dr. Fahrettin Kele\u015ftemur, KTO Ba\u015fkan\u0131 Hasan Ali Kilci ile vatanda\u015flar kat\u0131ld\u0131.<\/p>\n<p style=\"text-align: justify;\">\u015eehit babas\u0131 H\u00fcseyin Bayram, gazetecilerin sorusu \u00fczerine, &#8220;Ne mutlu bana \u015fehit babas\u0131 oldum. O\u011flum benim cenazeme gelecekti, ben onun cenaze namaz\u0131na geldim. Takdir b\u00f6yleymi\u015f. Vatan sa\u011f olsun. Geride 3 o\u011flum daha var. Hepimiz askeriz. Bu vatan bizim, vatan\u0131 kimseye b\u00f6ld\u00fcrmeyiz&#8221; dedi.<\/p>\n<p style=\"text-align: justify;\">\u015eehit Astsubay \u00c7avu\u015f Duran Bayram&#8217;\u0131n 7 y\u0131l \u00f6nce Bing\u00f6l&#8217;de g\u00f6rev yapt\u0131\u011f\u0131 askeri birlikte vatani g\u00f6revini yapan ve daha sonra terhis olan 5 askeri de Kayseri&#8217;ye gelerek cenaze t\u00f6renine kat\u0131ld\u0131. Terhis olan askerlerden Nuri K\u0131rba\u015f, &#8220;Duran Astsubay\u0131m\u0131z \u00e7ok iyi bir komutand\u0131. Bize devaml\u0131 vatan sevgisini anlatt\u0131. Kendisi \u00e7at\u0131\u015fmada yaralan\u0131p gazi olmu\u015ftu. Kendisini asla unutmayaca\u011f\u0131z&#8221; dedi.<\/p>\n<p style=\"text-align: justify;\">M\u00fcft\u00fc \u015eaban \u0130\u015flek&#8217;in k\u0131ld\u0131rd\u0131\u011f\u0131 cenaze namaz\u0131ndan sonra \u015eehit Astsubay \u00c7avu\u015f Duran Bayram&#8217;\u0131n naa\u015f\u0131 top arabas\u0131na konulup Kartal \u015eehitli\u011fi&#8217;ne getirildi. Defin i\u015fleminden sonra \u015eehit Astsubay \u00c7avu\u015f Duran Bayram&#8217;\u0131n tabutuna sar\u0131l\u0131 olan T\u00fcrk bayra\u011f\u0131 babas\u0131 H\u00fcseyin Duran&#8217;a verildi.<\/p>\n<p style=\"text-align: justify;\">Cenaze namaz\u0131na kat\u0131lan vatanda\u015flar, &#8220;Kahrolsun PKK&#8221;, &#8220;\u015eehitler \u00f6lmez vatan b\u00f6l\u00fcnmez&#8221; diye slogan att\u0131.<\/p>\n<p style=\"text-align: justify;\"><span style=\"color: #888888;\">Fevzi KIZILKOYUN &#8211; H\u00fcseyin \u00d6ZBALI \/ Radikal<\/span><\/p>\n","protected":false},"excerpt":{"rendered":"<p style=\"text-align: center;\">\n<p style=\"text-align: justify;\">Halkal\u0131&#8217;daki ter\u00f6r sald\u0131r\u0131s\u0131nda ya\u015fam\u0131n\u0131 yitiren 17 ya\u015f\u0131ndaki Buse Sar\u0131ya\u011f, Ankara&#8217;da binlerce ki\u015finin kat\u0131ld\u0131\u011f\u0131 t\u00f6renle topra\u011fa verildi.<\/p>\n<p style=\"text-align: justify;\">\u0130STANBUL Halkal\u0131\u2019da d\u00fcn sabah saatlerinde askeri personel ta\u015f\u0131yan otob\u00fcs\u00fcn ge\u00e7ti\u011fi s\u0131rada yol kenar\u0131na yerle\u015ftirilen uzaktan kumandal\u0131 bomban\u0131n patlat\u0131lmas\u0131 sonucu \u015fehit olan 4 asker ile birlikte ya\u015fam\u0131n\u0131 yitiren Uzman \u00c7avu\u015f \u00dcnal Sar\u0131ya\u011f\u2019\u0131n 17 <\/p>\n","protected":false},"author":1,"featured_media":0,"comment_status":"open","ping_status":"closed","sticky":false,"template":"","format":"standard","meta":{"footnotes":""},"categories":[105],"tags":[],"class_list":["post-23863","post","type-post","status-publish","format-standard","hentry","category-gundem","odd"],"_links":{"self":[{"href":"http:\/\/www.korhanyilmaz.com\/index.php?rest_route=\/wp\/v2\/posts\/23863","targetHints":{"allow":["GET"]}}],"collection":[{"href":"http:\/\/www.korhanyilmaz.com\/index.php?rest_route=\/wp\/v2\/posts"}],"about":[{"href":"http:\/\/www.korhanyilmaz.com\/index.php?rest_route=\/wp\/v2\/types\/post"}],"author":[{"embeddable":true,"href":"http:\/\/www.korhanyilmaz.com\/index.php?rest_route=\/wp\/v2\/users\/1"}],"replies":[{"embeddable":true,"href":"http:\/\/www.korhanyilmaz.com\/index.php?rest_route=%2Fwp%2Fv2%2Fcomments&post=23863"}],"version-history":[{"count":0,"href":"http:\/\/www.korhanyilmaz.com\/index.php?rest_route=\/wp\/v2\/posts\/23863\/revisions"}],"wp:attachment":[{"href":"http:\/\/www.korhanyilmaz.com\/index.php?rest_route=%2Fwp%2Fv2%2Fmedia&parent=23863"}],"wp:term":[{"taxonomy":"category","embeddable":true,"href":"http:\/\/www.korhanyilmaz.com\/index.php?rest_route=%2Fwp%2Fv2%2Fcategories&post=23863"},{"taxonomy":"post_tag","embeddable":true,"href":"http:\/\/www.korhanyilmaz.com\/index.php?rest_route=%2Fwp%2Fv2%2Ftags&post=23863"}],"curies":[{"name":"wp","href":"https:\/\/api.w.org\/{rel}","templated":true}]}}