{"id":23859,"date":"2010-06-23T15:37:06","date_gmt":"2010-06-23T15:37:06","guid":{"rendered":"http:\/\/www.korhanyilmaz.com\/?p=23859"},"modified":"2010-06-23T15:37:06","modified_gmt":"2010-06-23T15:37:06","slug":"erdogandan-avrupaya-teror-sitemi","status":"publish","type":"post","link":"http:\/\/www.korhanyilmaz.com\/?p=23859","title":{"rendered":"Erdo\u011fan&#8217;dan Avrupa&#8217;ya ter\u00f6r sitemi"},"content":{"rendered":"<p style=\"text-align: center;\"><a href=\"http:\/\/www.korhanyilmaz.com\/wp-content\/uploads\/2010\/06\/139.jpg\"  class=\"lightview\"><img loading=\"lazy\" decoding=\"async\" class=\"aligncenter size-full wp-image-23882\" src=\"http:\/\/www.korhanyilmaz.com\/wp-content\/uploads\/2010\/06\/139.jpg\" alt=\"\" width=\"307\" height=\"236\" \/><\/a><\/p>\n<p style=\"text-align: justify;\">Ba\u015fbakan Erdo\u011fan, baz\u0131 Avrupa \u00fclkelerinin ter\u00f6rle m\u00fccadelede T\u00fcrkiye&#8217;ye destek vermedi\u011fini s\u00f6yledi ve ekledi &#8220;Avrupa&#8217;n\u0131n g\u00fcvenli\u011fi \u015eemdinli&#8217;den ba\u015flar.&#8221;<\/p>\n<p style=\"text-align: justify;\">Ba\u015fbakan Recep Tayyip Erdo\u011fan, ter\u00f6r \u00f6rg\u00fct\u00fcn\u00fcn T\u00fcrkiye&#8217;ye zarar verdi\u011fi kadar, T\u00fcrkiye&#8217;deki masum sivilleri ve g\u00fcvenlik g\u00fc\u00e7lerini hedef ald\u0131\u011f\u0131 kadar, Balkan \u00fclkelerine, Avrupa \u00fclkelerine, burada ya\u015fayan halklara da \u00e7ok ciddi \u015fekilde bir tehdit arz etti\u011fini belirterek, &#8220;Baz\u0131 Avrupa \u00fclkeleri uzun zaman ter\u00f6rle m\u00fccadelede T\u00fcrkiye&#8217;ye gereken deste\u011fi vermediler. Ya\u015fanan bunca ac\u0131ya ra\u011fmen, sivillere ve g\u00fcvenlik g\u00fc\u00e7lerine y\u00f6nelik \u00e7ok kanl\u0131 sald\u0131r\u0131lara ra\u011fmen bug\u00fcn hala ter\u00f6r \u00f6rg\u00fct\u00fcn\u00fcn finansal deste\u011fini kesmeyen, ter\u00f6r \u00f6rg\u00fct\u00fcn\u00fcn faaliyetlerine ve propagandas\u0131na g\u00f6z yuman, su\u00e7lular\u0131 iade etmeyen, su\u00e7la m\u00fccadele etmeyen \u00fclkeler bulunuyor&#8221; dedi. <!--more--><\/p>\n<p style=\"text-align: justify;\">Erdo\u011fan, G\u00fcneydo\u011fu Avrupa \u0130\u015fbirli\u011fi S\u00fcreci (GDA\u00dc) Devlet ve H\u00fck\u00fcmet Ba\u015fkanlar\u0131 Zirvesi&#8217;ne kat\u0131lan heyet ba\u015fkanlar\u0131 onuruna \u00c7\u0131ra\u011fan Saray\u0131 Enderun Salonu&#8217;nda yemek verdi.<\/p>\n<p style=\"text-align: justify;\">Yemekte konu\u015fan Erdo\u011fan, T\u00fcrkiye&#8217;nin, son 26 y\u0131ld\u0131r, Kuzey Irak&#8217;tan T\u00fcrkiye&#8217;ye y\u00f6nelen ter\u00f6r ile kararl\u0131 bir m\u00fccadele y\u00fcr\u00fctt\u00fc\u011f\u00fcn\u00fc belirterek, ter\u00f6r \u00f6rg\u00fct\u00fcn\u00fcn, d\u00f6nem d\u00f6nem eylemlerini yo\u011funla\u015ft\u0131rd\u0131\u011f\u0131n\u0131, son derece kanl\u0131 sald\u0131r\u0131larla T\u00fcrkiye&#8217;yi istikrars\u0131z bir duruma getirmeyi ve toplumsal bar\u0131\u015f\u0131 bozmay\u0131 hedefledi\u011fini s\u00f6yledi.<\/p>\n<p style=\"text-align: justify;\">Ter\u00f6r \u00f6rg\u00fct\u00fcn\u00fcn 26 y\u0131l boyunca hedeflerine ula\u015famad\u0131\u011f\u0131n\u0131 ifade eden Erdo\u011fan, \u015f\u00f6yle konu\u015ftu:<\/p>\n<p style=\"text-align: justify;\">&#8220;Ancak, kazanamayaca\u011f\u0131n\u0131 kesin olarak bildi\u011fi bir s\u00fcreci devam ettiriyor, sivillere, g\u00fcvenlik g\u00fc\u00e7lerine zarar veriyor, kendi saf\u0131ndakileri de g\u00f6z g\u00f6re g\u00f6re \u00f6l\u00fcme, adeta intihara yolluyor. \u015eu son 4 g\u00fcn i\u00e7inde Hakkari ilimizde 11, Elaz\u0131\u011f&#8217;da 1, Diyarbak\u0131r&#8217;da 1 ve en son d\u00fcn \u0130stanbul&#8217;da yap\u0131lan bir bombal\u0131 sald\u0131r\u0131da 4 askerimiz \u015fehit oldu. Bunun yan\u0131nda Osmaniye ilimizde daha 40 g\u00fcnl\u00fck evli olan bir gen\u00e7 sivil bayan ve d\u00fcn de \u0130stanbul&#8217;da 17 ya\u015f\u0131ndaki bir lise \u00f6\u011frencisi k\u0131z \u00e7ocu\u011fumuz bu sald\u0131r\u0131larda hayat\u0131n\u0131 kaybetti, Tunceli&#8217;de 11 ya\u015f\u0131nda bir \u00e7ocuk yaraland\u0131.<\/p>\n<p style=\"text-align: justify;\">\u015eunu bu vesile ile hat\u0131rlatmakta fayda g\u00f6r\u00fcyorum; ter\u00f6r \u00f6rg\u00fct\u00fc T\u00fcrkiye&#8217;ye zarar verdi\u011fi kadar, T\u00fcrkiye&#8217;deki masum sivilleri ve g\u00fcvenlik g\u00fc\u00e7lerini hedef ald\u0131\u011f\u0131 kadar, Balkan \u00fclkelerine, Avrupa \u00fclkelerine, burada ya\u015fayan halklara da \u00e7ok ciddi \u015fekilde bir tehdit arz ediyor. Sadece bir ter\u00f6r \u00f6rg\u00fct\u00fc olarak de\u011fil, ayn\u0131 zamanda bir organize su\u00e7 \u00f6rg\u00fct\u00fc olarak da ter\u00f6r \u00f6rg\u00fct\u00fc, Balkan \u00fclkelerinin ve Avrupa \u00fclkelerinin gen\u00e7lerini hedef al\u0131yor, uyu\u015fturucu ticaretiyle bu \u00fclke gen\u00e7lerini zehirliyor.<\/p>\n<p style=\"text-align: justify;\">Ben bu zirve vesilesiyle bir sitemimi de burada sizlerle payla\u015fmak istiyorum. Maalesef, baz\u0131 Avrupa \u00fclkeleri uzun zaman ter\u00f6rle m\u00fccadelede T\u00fcrkiye&#8217;ye gereken deste\u011fi vermediler. Ya\u015fanan bunca ac\u0131ya ra\u011fmen, sivillere ve g\u00fcvenlik g\u00fc\u00e7lerine y\u00f6nelik \u00e7ok kanl\u0131 sald\u0131r\u0131lara ra\u011fmen bug\u00fcn hala ter\u00f6r \u00f6rg\u00fct\u00fcn\u00fcn finansal deste\u011fini kesmeyen, ter\u00f6r \u00f6rg\u00fct\u00fcn\u00fcn faaliyetlerine ve propagandas\u0131na g\u00f6z yuman, su\u00e7lular\u0131 iade etmeyen, su\u00e7la m\u00fccadele etmeyen \u00fclkeler bulunuyor.&#8221;<\/p>\n<p style=\"text-align: justify;\"><strong>G\u00fcndem ter\u00f6r <\/strong><\/p>\n<p style=\"text-align: justify;\">Erdo\u011fan, ter\u00f6r konusunda Avrupal\u0131 \u00fclkelere \u015funlar\u0131 s\u00f6yledi:<\/p>\n<p style=\"text-align: justify;\">&#8220;Bir \u00e7ok Avrupal\u0131 dostlar\u0131m\u0131z, PKK&#8217;y\u0131 ter\u00f6r \u00f6rg\u00fct\u00fc olarak ilan ettiniz; iyi, g\u00fczel fakat PKK&#8217;y\u0131 ter\u00f6r \u00f6rg\u00fct\u00fc ilan etmek bu i\u015fi bitirmiyor. Yakalad\u0131klar\u0131n\u0131zdan bug\u00fcne kadar bize ka\u00e7 tane teslim ettiniz? Aram\u0131zda su\u00e7lular\u0131n iadesi olan anla\u015fmalar var, bunlar\u0131n hangisine uydunuz? Bize s\u00fcrekli yarg\u0131n\u0131n ba\u011f\u0131ms\u0131zl\u0131\u011f\u0131n\u0131 s\u00f6ylemek suretiyle hep bunu \u00f6telediniz. Belgelerini ve bilgilerini size verdi\u011fimiz halde teslim etmediniz. Bundan dolay\u0131 ger\u00e7ekten sitemkar\u0131z. Halbuki ter\u00f6r konusunda ortak bir m\u00fccadele platformu olu\u015fturmaya mecburuz. Ortak tav\u0131r almak sadece dostlu\u011fun ve m\u00fcttefikli\u011fin de\u011fil, ayn\u0131 zamanda insanl\u0131\u011f\u0131n bir gere\u011fidir. Biz bu \u00fclkelerin bir \u00e7o\u011fuyla NATO&#8217;da beraberiz. NATO&#8217;da beraber oldu\u011fumuz halde maalesef bu \u00fclkeler, bu t\u00fcr ter\u00f6ristleri bize teslim etmemi\u015flerdir, hala da teslim etmiyorlar. Bir \u00e7ok liderle bunlar\u0131 g\u00f6r\u00fc\u015ft\u00fc\u011f\u00fcm\u00fcz halde &#8216;edece\u011fiz&#8217; dedikleri halde &#8216;efendim yarg\u0131n\u0131n ba\u011f\u0131ms\u0131zl\u0131\u011f\u0131&#8217; demek suretiyle hep bizi oyalam\u0131\u015flard\u0131r, hala da oyalamaya devam ediyorlar.&#8221;<\/p>\n<p style=\"text-align: justify;\"><strong>&#8220;\u015eemdinli&#8217;nin g\u00fcvenli\u011fi tesis edilmeden&#8221; <\/strong><\/p>\n<p style=\"text-align: justify;\">Ba\u015fbakan Erdo\u011fan, ge\u00e7en hafta Hakkari&#8217;deki ter\u00f6r olay\u0131nda hayat\u0131n\u0131 kaybeden 11 Mehmet\u00e7i\u011fi u\u011furlamaya 19 AB \u00fclkesinin b\u00fcy\u00fckel\u00e7ileri ve AB Komisyonu Temsilcisinin de kat\u0131ld\u0131\u011f\u0131n\u0131 an\u0131msatarak, kendilerine duyarl\u0131l\u0131klar\u0131ndan dolay\u0131 te\u015fekk\u00fcr etti.<\/p>\n<p style=\"text-align: justify;\">Erdo\u011fan, &#8220;\u00dcmit ederiz ki kendilerinin bu duyarl\u0131l\u0131\u011f\u0131, \u00fclkelerinin ter\u00f6rle m\u00fccadelede T\u00fcrkiye ile daha kapsaml\u0131 bir i\u015f birli\u011fi s\u00fcrecine girmelerinin de ba\u015flang\u0131c\u0131n\u0131 te\u015fkil eder&#8221; dedi.<\/p>\n<p style=\"text-align: justify;\">&#8220;Avrupa&#8217;n\u0131n, \u00f6zellikle de Balkanlar&#8217;\u0131n g\u00fcvenli\u011fi Hakkari&#8217;den ba\u015flar, \u015eemdinli&#8217;den ba\u015flar. \u015eemdinli&#8217;nin g\u00fcvenli\u011fi tesis edilmeden, biliniz ki Balkan \u00fclkelerinin, Avrupa \u00fclkelerinin de g\u00fcvenli\u011fi tam olarak tesis edilemez&#8221; diyen Erdo\u011fan, \u015f\u00f6yle devam etti:<\/p>\n<p style=\"text-align: justify;\">&#8220;Yeni 11 Eyl\u00fcllerin, yeni Madrid, Londra olaylar\u0131n\u0131n ya\u015fanmamas\u0131, Avrupa&#8217;n\u0131n di\u011fer kentlerinde y\u00fcre\u011fimizi yakacak ter\u00f6r olaylar\u0131n\u0131n bug\u00fcnden \u00f6nlenmesi amac\u0131yla T\u00fcrkiye&#8217;nin ter\u00f6rle m\u00fccadelesine g\u00fc\u00e7l\u00fc bir destek verilmesi gerekiyor. Az \u00f6nce de\u011ferli dostum say\u0131n Tadi\u00e7 &#8216;biz her \u015feyimizle bu m\u00fccadelenizde yan\u0131n\u0131zday\u0131z, yan\u0131n\u0131zda olaca\u011f\u0131z&#8217; dedi. Bunu hep birlikte yapmak durumunday\u0131z. Bir ter\u00f6risti mi yakalad\u0131k, bunu rahatl\u0131kla hangi \u00fclkenin ter\u00f6risti ise ona teslim etmemiz laz\u0131m. Gere\u011fini o \u00fclke yapmak durumundad\u0131r. Bu ortak dayan\u0131\u015fmay\u0131 g\u00f6stermek durumunday\u0131z. Bunu yapt\u0131\u011f\u0131m\u0131z zaman ter\u00f6r bizler kar\u015f\u0131s\u0131nda ma\u011flup olacakt\u0131r.<\/p>\n<p style=\"text-align: justify;\">Buradan tekrar ediyorum. &#8216;Benim ter\u00f6r \u00f6rg\u00fct\u00fcm k\u00f6t\u00fc, seninki iyi&#8217; anlay\u0131\u015f\u0131 \u00e7arp\u0131k bir anlay\u0131\u015ft\u0131r. Bu anlay\u0131\u015f\u0131n \u00e7arp\u0131k oldu\u011fu da ac\u0131 tecr\u00fcbelerle ya\u015fanm\u0131\u015ft\u0131r, g\u00f6r\u00fclm\u00fc\u015ft\u00fcr. Zira, bug\u00fcn beni yakan ate\u015f, bir g\u00fcn gelir, ba\u015fka ocaklar\u0131, ba\u015fka \u015fehirleri, ba\u015fka \u00fclkeleri de yakmaya ba\u015flar ve o zaman da \u00e7ok ge\u00e7 olur. Bu noktada art\u0131k samimi bir destek bekledi\u011fimizi, deste\u011fin \u00f6tesinde ter\u00f6r \u00f6rg\u00fct\u00fcn\u00fcn T\u00fcrkiye d\u0131\u015f\u0131ndaki faaliyetleri noktas\u0131nda hukukun i\u015fletilmesini sab\u0131rs\u0131zl\u0131kla bekledi\u011fimizi ifade etmek istiyorum.&#8221;<\/p>\n<p style=\"text-align: justify;\"><span style=\"color: #888888;\">CNN T\u00dcRK<\/span><\/p>\n","protected":false},"excerpt":{"rendered":"<p style=\"text-align: center;\">\n<p style=\"text-align: justify;\">Ba\u015fbakan Erdo\u011fan, baz\u0131 Avrupa \u00fclkelerinin ter\u00f6rle m\u00fccadelede T\u00fcrkiye&#8217;ye destek vermedi\u011fini s\u00f6yledi ve ekledi &#8220;Avrupa&#8217;n\u0131n g\u00fcvenli\u011fi \u015eemdinli&#8217;den ba\u015flar.&#8221;<\/p>\n<p style=\"text-align: justify;\">Ba\u015fbakan Recep Tayyip Erdo\u011fan, ter\u00f6r \u00f6rg\u00fct\u00fcn\u00fcn T\u00fcrkiye&#8217;ye zarar verdi\u011fi kadar, T\u00fcrkiye&#8217;deki masum sivilleri ve g\u00fcvenlik g\u00fc\u00e7lerini hedef ald\u0131\u011f\u0131 kadar, Balkan \u00fclkelerine, Avrupa \u00fclkelerine, burada ya\u015fayan halklara da \u00e7ok ciddi \u015fekilde bir <\/p>\n","protected":false},"author":1,"featured_media":0,"comment_status":"open","ping_status":"closed","sticky":false,"template":"","format":"standard","meta":{"footnotes":""},"categories":[105],"tags":[],"class_list":["post-23859","post","type-post","status-publish","format-standard","hentry","category-gundem","odd"],"_links":{"self":[{"href":"http:\/\/www.korhanyilmaz.com\/index.php?rest_route=\/wp\/v2\/posts\/23859","targetHints":{"allow":["GET"]}}],"collection":[{"href":"http:\/\/www.korhanyilmaz.com\/index.php?rest_route=\/wp\/v2\/posts"}],"about":[{"href":"http:\/\/www.korhanyilmaz.com\/index.php?rest_route=\/wp\/v2\/types\/post"}],"author":[{"embeddable":true,"href":"http:\/\/www.korhanyilmaz.com\/index.php?rest_route=\/wp\/v2\/users\/1"}],"replies":[{"embeddable":true,"href":"http:\/\/www.korhanyilmaz.com\/index.php?rest_route=%2Fwp%2Fv2%2Fcomments&post=23859"}],"version-history":[{"count":0,"href":"http:\/\/www.korhanyilmaz.com\/index.php?rest_route=\/wp\/v2\/posts\/23859\/revisions"}],"wp:attachment":[{"href":"http:\/\/www.korhanyilmaz.com\/index.php?rest_route=%2Fwp%2Fv2%2Fmedia&parent=23859"}],"wp:term":[{"taxonomy":"category","embeddable":true,"href":"http:\/\/www.korhanyilmaz.com\/index.php?rest_route=%2Fwp%2Fv2%2Fcategories&post=23859"},{"taxonomy":"post_tag","embeddable":true,"href":"http:\/\/www.korhanyilmaz.com\/index.php?rest_route=%2Fwp%2Fv2%2Ftags&post=23859"}],"curies":[{"name":"wp","href":"https:\/\/api.w.org\/{rel}","templated":true}]}}