{"id":23853,"date":"2010-06-23T14:03:28","date_gmt":"2010-06-23T14:03:28","guid":{"rendered":"http:\/\/www.korhanyilmaz.com\/?p=23853"},"modified":"2010-06-23T14:03:28","modified_gmt":"2010-06-23T14:03:28","slug":"oktay-vuraldan-basbakana-salvo","status":"publish","type":"post","link":"http:\/\/www.korhanyilmaz.com\/?p=23853","title":{"rendered":"Oktay Vural&#8217;dan Ba\u015fbakan&#8217;a salvo"},"content":{"rendered":"<p style=\"text-align: center;\"><a href=\"http:\/\/www.korhanyilmaz.com\/wp-content\/uploads\/2010\/06\/132.jpg\"  class=\"lightview\"><img loading=\"lazy\" decoding=\"async\" class=\"aligncenter size-full wp-image-23854\" title=\"132\" src=\"http:\/\/www.korhanyilmaz.com\/wp-content\/uploads\/2010\/06\/132.jpg\" alt=\"\" width=\"360\" height=\"191\" \/><\/a><\/p>\n<p style=\"text-align: justify;\">MHP Grup Ba\u015fkanvekili Oktay Vural, Ola\u011fan\u00fcst\u00fc Hal (OHAL) uygulamas\u0131n\u0131 AK Parti h\u00fck\u00fcmetinin kald\u0131rd\u0131\u011f\u0131na ili\u015fkin bir tek Bakanlar Kurulu karar\u0131 g\u00f6stermesi durumunda Ba\u015fbakan Recep Tayyip Erdo\u011fan&#8217;dan \u00f6z\u00fcr dilemeye haz\u0131r oldu\u011funu ifade ederek, &#8221;OHAL&#8217;i biz kald\u0131rd\u0131k, kendisine OHAL&#8217;siz ve ter\u00f6r\u00fcn s\u0131f\u0131rland\u0131\u011f\u0131 bir T\u00fcrkiye b\u0131rakt\u0131k&#8221; dedi.<!--more--><\/p>\n<p style=\"text-align: justify;\">MHP Grup Ba\u015fkanvekili Oktay Vural, Meclis&#8217;te d\u00fczenledi\u011fi bas\u0131n toplant\u0131s\u0131nda Ba\u015fbakan Erdo\u011fan&#8217;\u0131n d\u00fcn grup toplant\u0131s\u0131nda yapt\u0131\u011f\u0131 konu\u015fmaya cevap verdi.<\/p>\n<p style=\"text-align: justify;\">AK Parti grup toplant\u0131s\u0131nda &#8221;<strong>yalan r\u00fczgarlar\u0131n\u0131n<\/strong>&#8221; esti\u011fini \u00f6ne s\u00fcren Vural, &#8221;ter\u00f6r \u00fczerinden siyaset yapmay\u0131n&#8221; diyen Erdo\u011fan&#8217;\u0131n &#8221;MHP&#8217;yi \u0130mral\u0131 ile ayn\u0131 \u00e7izgide g\u00f6stererek&#8221; ter\u00f6r \u00fczerinden siyaset yapt\u0131\u011f\u0131n\u0131 s\u00f6yledi.<\/p>\n<p style=\"text-align: justify;\">Ba\u015fbakan Erdo\u011fan&#8217;\u0131n &#8221;Genelkurmay Ba\u015fkan\u0131m\u0131za da s\u00f6yledim, muhalefet liderleri de buray\u0131 (Gediktepe) g\u00f6rmeli&#8230;&#8221; s\u00f6zlerini ele\u015ftiren Vural, &#8221;Sen, Genelkurmay Ba\u015fkan\u0131 ile siyaset mi konu\u015fuyorsun? Bizim y\u00fcre\u011fimiz, can\u0131m\u0131z orada at\u0131yor ama senin ki Kandil&#8217;de Erbil&#8217;de at\u0131yor&#8221; diye konu\u015ftu.<\/p>\n<p style=\"text-align: justify;\">H\u00fck\u00fcmetin 8 y\u0131ld\u0131r T\u00fcrkiye&#8217;yi y\u00f6netti\u011fini an\u0131msatan Vural, &#8221;<strong>Ya\u015fananlar\u0131n hesab\u0131n\u0131 vereceksin. Hi\u00e7bir yere ka\u00e7amayacaks\u0131n. Zeytinya\u011f\u0131 gibi \u00fcste \u00e7\u0131kmana izin vermeyece\u011fiz&#8217;<\/strong>&#8216; dedi.<\/p>\n<p style=\"text-align: justify;\"><strong>OHAL&#8217;\u0130N KALDIRILMASI <\/strong><\/p>\n<p style=\"text-align: justify;\">MHP Grup Ba\u015fkanvekili Vural, Ba\u015fbakan Erdo\u011fan&#8217;\u0131n &#8221;19 Temmuz 1987&#8217;de uygulamaya konulan OHAL&#8217;i 30 Kas\u0131m 2002&#8217;de biz kald\u0131rd\u0131k&#8221; a\u00e7\u0131klamas\u0131n\u0131 da ele\u015ftirerek, &#8221;Hodri meydan. Ba\u015fbakan OHAL&#8217;i kendilerinin kald\u0131rd\u0131\u011f\u0131 bir tane Bakanlar Kurulu karar\u0131 g\u00f6stersin kendisinden \u00f6z\u00fcr dilemeye haz\u0131r\u0131m&#8221; ifadelerini kulland\u0131.<\/p>\n<p style=\"text-align: justify;\">OHAL&#8217;in kald\u0131r\u0131lmas\u0131na ili\u015fkin tarihler a\u00e7\u0131klayan Vural, 23 Ekim 1999&#8217;da Siirt, 28 Haziran 2000&#8217;de Van, 19 Haziran 2002&#8217;de Hakkari ve Tunceli&#8217;den uygulaman\u0131n kald\u0131r\u0131ld\u0131\u011f\u0131n\u0131 s\u00f6yledi. Vural, di\u011fer iller i\u00e7inde 30 Temmuz 2002 tarihli Bakanlar Kurulu karar\u0131yla OHAL&#8217;in son kez 4 ay uzat\u0131ld\u0131\u011f\u0131 belirterek, &#8221;OHAL&#8217;i biz kald\u0131rd\u0131k. OHAL&#8217;siz ve ter\u00f6r\u00fcn s\u0131f\u0131rland\u0131\u011f\u0131 bir T\u00fcrkiye b\u0131rakt\u0131k&#8221; diye konu\u015ftu.<\/p>\n<p style=\"text-align: justify;\">Ba\u015fbakan Erdo\u011fan&#8217;\u0131n &#8221;OHAL&#8217;i biz kald\u0131rd\u0131k&#8221; s\u00f6zlerinin ger\u00e7e\u011fi yans\u0131tmad\u0131\u011f\u0131n\u0131 anlatan Vural, &#8221;T\u00fcrkiye&#8217;nin bir k\u0131sm\u0131n\u0131n PKK&#8217;n\u0131n ola\u011fan\u00fcst\u00fc haline b\u0131rak\u0131ld\u0131\u011f\u0131n\u0131&#8221; iddia etti. Ba\u015fbakan&#8217;\u0131n 2000 ve sonraki y\u0131llarda ya\u015fanan ter\u00f6r olaylar\u0131 verilen \u015fehitlerle ilgili a\u00e7\u0131klad\u0131\u011f\u0131 say\u0131lar\u0131n da ger\u00e7e\u011fi yans\u0131tmad\u0131\u011f\u0131n\u0131 ileri s\u00fcren Vural, &#8221;Bir Ba\u015fbakan rakamlarla milleti kand\u0131r\u0131yorsa yan\u0131na k\u0131rm\u0131z\u0131 nokta koyun&#8221; dedi.<\/p>\n<p style=\"text-align: justify;\"><strong>TER\u00d6R\u0130ST BA\u015eININ \u0130DAMI <\/strong><\/p>\n<p style=\"text-align: justify;\">Vural, Ba\u015fbakan Erdo\u011fan&#8217;\u0131n, ter\u00f6rist ba\u015f\u0131 Abdullah \u00d6calan&#8217;\u0131 teslim edenlere idam edilmeyece\u011fini ili\u015fkin yaz\u0131l\u0131 g\u00fcvence verildi\u011fi y\u00f6n\u00fcndeki s\u00f6zlerine de cevap verdi.<\/p>\n<p style=\"text-align: justify;\">Ter\u00f6rist ba\u015f\u0131 \u00d6calan&#8217;\u0131n T\u00fcrkiye&#8217;ye getirildi\u011fi tarihte MHP&#8217;nin Meclis&#8217;te bile olmad\u0131\u011f\u0131n\u0131 s\u00f6yleyen Vural, &#8221;Hodri meydan. \u0130spatlamayan namerttir. E\u011fer b\u00f6yle bir belge varsa derhal a\u00e7\u0131klans\u0131n&#8221; diye konu\u015ftu. Bu konuyu Ba\u015fbakan Erdo\u011fan ile televizyonlarda tart\u0131\u015fmaya haz\u0131r olduklar\u0131n\u0131 ifade eden Vural, &#8221;2002&#8217;de idam cezas\u0131n\u0131n kald\u0131r\u0131lmas\u0131na MHP kar\u015f\u0131yd\u0131. O d\u00f6nem idam\u0131n kald\u0131r\u0131lmas\u0131na Recep Tayyip Erdo\u011fan ve arkada\u015flar\u0131 destek verdi&#8221; iddias\u0131nda bulundu.<\/p>\n<p style=\"text-align: justify;\">\u0130lk \u00f6nce idam cezas\u0131n\u0131n kald\u0131r\u0131lmas\u0131n\u0131n &#8221;sava\u015f, yak\u0131n sava\u015f tehlikesi ve ter\u00f6r&#8221; su\u00e7lar\u0131n\u0131 kapsamad\u0131\u011f\u0131n\u0131 \u00f6ne s\u00fcren Vural, Daha sonra AK Parti&#8217;nin idam cezas\u0131n\u0131 ko\u015fulsuz kald\u0131rd\u0131\u011f\u0131n\u0131 s\u00f6yledi.<\/p>\n<p style=\"text-align: justify;\">Ba\u015fbakan Erdo\u011fan&#8217;\u0131n, \u015fehit ailelerinin televizyonlarda g\u00f6sterilmesi konusunda medyay\u0131 ele\u015ftirmesine de de\u011finen Vural, &#8221;<strong>\u015fehit cenazelerinde nas\u0131l davranaca\u011f\u0131m\u0131z\u0131, nas\u0131l namaz k\u0131laca\u011f\u0131m\u0131z\u0131 sana m\u0131 soraca\u011f\u0131z? \u015eehit kimmi\u015f git Diyanet&#8217;e sor da \u00f6\u011fren<\/strong>&#8221; diye konu\u015ftu.<\/p>\n<p style=\"text-align: justify;\">Vural, Ba\u015fbakan Erdo\u011fan&#8217;\u0131n s\u00f6zlerinin &#8221;<strong>p\u00fcsk\u00fcll\u00fc yalan<\/strong>&#8221; oldu\u011funu iddia ederek, ka\u011f\u0131tlardan  yap\u0131lm\u0131\u015f p\u00fcsk\u00fcl\u00fc g\u00f6sterdi.<\/p>\n<p style=\"text-align: justify;\"><span style=\"color: #888888;\">Gazeteport<\/span><\/p>\n<p style=\"text-align: center;\"><a href=\"http:\/\/www.korhanyilmaz.com\/wp-content\/uploads\/2010\/06\/138.jpeg\"  class=\"lightview\"><img loading=\"lazy\" decoding=\"async\" class=\"aligncenter size-full wp-image-23879\" src=\"http:\/\/www.korhanyilmaz.com\/wp-content\/uploads\/2010\/06\/138.jpeg\" alt=\"\" width=\"408\" height=\"272\" \/><\/a><\/p>\n","protected":false},"excerpt":{"rendered":"<p style=\"text-align: center;\">\n<p style=\"text-align: justify;\">MHP Grup Ba\u015fkanvekili Oktay Vural, Ola\u011fan\u00fcst\u00fc Hal (OHAL) uygulamas\u0131n\u0131 AK Parti h\u00fck\u00fcmetinin kald\u0131rd\u0131\u011f\u0131na ili\u015fkin bir tek Bakanlar Kurulu karar\u0131 g\u00f6stermesi durumunda Ba\u015fbakan Recep Tayyip Erdo\u011fan&#8217;dan \u00f6z\u00fcr dilemeye haz\u0131r oldu\u011funu ifade ederek, &#8221;OHAL&#8217;i biz kald\u0131rd\u0131k, kendisine OHAL&#8217;siz ve ter\u00f6r\u00fcn s\u0131f\u0131rland\u0131\u011f\u0131 bir T\u00fcrkiye b\u0131rakt\u0131k&#8221; dedi.<\/p>\n","protected":false},"author":1,"featured_media":0,"comment_status":"open","ping_status":"closed","sticky":false,"template":"","format":"standard","meta":{"footnotes":""},"categories":[105],"tags":[],"class_list":["post-23853","post","type-post","status-publish","format-standard","hentry","category-gundem","odd"],"_links":{"self":[{"href":"http:\/\/www.korhanyilmaz.com\/index.php?rest_route=\/wp\/v2\/posts\/23853","targetHints":{"allow":["GET"]}}],"collection":[{"href":"http:\/\/www.korhanyilmaz.com\/index.php?rest_route=\/wp\/v2\/posts"}],"about":[{"href":"http:\/\/www.korhanyilmaz.com\/index.php?rest_route=\/wp\/v2\/types\/post"}],"author":[{"embeddable":true,"href":"http:\/\/www.korhanyilmaz.com\/index.php?rest_route=\/wp\/v2\/users\/1"}],"replies":[{"embeddable":true,"href":"http:\/\/www.korhanyilmaz.com\/index.php?rest_route=%2Fwp%2Fv2%2Fcomments&post=23853"}],"version-history":[{"count":0,"href":"http:\/\/www.korhanyilmaz.com\/index.php?rest_route=\/wp\/v2\/posts\/23853\/revisions"}],"wp:attachment":[{"href":"http:\/\/www.korhanyilmaz.com\/index.php?rest_route=%2Fwp%2Fv2%2Fmedia&parent=23853"}],"wp:term":[{"taxonomy":"category","embeddable":true,"href":"http:\/\/www.korhanyilmaz.com\/index.php?rest_route=%2Fwp%2Fv2%2Fcategories&post=23853"},{"taxonomy":"post_tag","embeddable":true,"href":"http:\/\/www.korhanyilmaz.com\/index.php?rest_route=%2Fwp%2Fv2%2Ftags&post=23853"}],"curies":[{"name":"wp","href":"https:\/\/api.w.org\/{rel}","templated":true}]}}