{"id":23847,"date":"2010-06-22T16:42:53","date_gmt":"2010-06-22T16:42:53","guid":{"rendered":"http:\/\/www.korhanyilmaz.com\/?p=23847"},"modified":"2010-06-22T16:42:53","modified_gmt":"2010-06-22T16:42:53","slug":"acilimdan-bu-noktaya-nasil-geldik","status":"publish","type":"post","link":"http:\/\/www.korhanyilmaz.com\/?p=23847","title":{"rendered":"A\u00e7\u0131l\u0131mdan Bu Noktaya Nas\u0131l Geldik"},"content":{"rendered":"<p style=\"text-align: justify;\"><a href=\"http:\/\/www.korhanyilmaz.com\/wp-content\/uploads\/2010\/06\/131.jpg\"  class=\"lightview\"><img loading=\"lazy\" decoding=\"async\" class=\"aligncenter size-full wp-image-23848\" src=\"http:\/\/www.korhanyilmaz.com\/wp-content\/uploads\/2010\/06\/131.jpg\" alt=\"\" width=\"250\" height=\"175\" \/><\/a><\/p>\n<p style=\"text-align: justify;\">PKK\u2019n\u0131n \u201c<strong>orta yo\u011funluklu sava\u015f<\/strong>\u201d ilan etmesinden bu yana artan sald\u0131r\u0131lar\u0131, iki ayda elli g\u00fcvenlik g\u00fcc\u00fcm\u00fcz\u00fcn kayb\u0131na yol a\u00e7t\u0131.<\/p>\n<p style=\"text-align: justify;\">T\u00fcrkiye kaybetti\u011fi insanlar\u0131n\u0131n ac\u0131s\u0131n\u0131 ya\u015famaya devam ederken, bir yandan da egemen d\u00fczen ciddi bir \u00e7\u00f6z\u00fclme halindedir. S\u0131n\u0131r mevzisinde, kum torbalar\u0131n\u0131n arkas\u0131nda \u00e7\u00f6melen devlet erk\u00e2n\u0131 m\u0131 yoksa neo-osmanl\u0131 \u015fovenizminin yerini istihbarat dilencili\u011fine b\u0131rakmas\u0131 m\u0131; acaba hangisi, d\u00fczen siyasetindeki \u00e7\u00f6k\u00fcnt\u00fcy\u00fc daha iyi resmetmektedir? Soru budur. <!--more--><\/p>\n<p style=\"text-align: justify;\">T\u00fcrkiye\u2019de egemen siyaseti bi\u00e7imlendiren akt\u00f6rlerin alm\u0131\u015f olduklar\u0131 pozisyonu irdelemek ve PKK\u2019n\u0131n \u015fiddet eylemlerini y\u00fckseltmesindeki mant\u0131\u011f\u0131 kavramak, burjuva siyasetindeki t\u00fckenmi\u015fli\u011fi g\u00f6rmekle birle\u015fiyor.<\/p>\n<p style=\"text-align: justify;\"><strong> TA\u015eERON \u0130DD\u0130ALARI: SU\u00c7LULUK PS\u0130KOLOJ\u0130S\u0130 <\/strong><\/p>\n<p style=\"text-align: justify;\">H\u00fck\u00fcmetin PKK sald\u0131r\u0131lar\u0131na kar\u015f\u0131 geli\u015ftirdi\u011fi siyasi s\u00f6ylemi iki noktada \u00f6zetlemek m\u00fcmk\u00fcn; birincisi, PKK\u2019n\u0131n \u0130srail\u2019in ta\u015feronu oldu\u011funu ima etmek ve ikincisi de, TSK\u2019n\u0131n PKK kar\u015f\u0131s\u0131nda ihmalk\u00e2r davrand\u0131\u011f\u0131n\u0131 dillendirmektir. Tayyip Erdo\u011fan\u2019\u0131n \u201c<strong>Ter\u00f6r \u00f6rg\u00fct\u00fc, birilerinin ta\u015feronlu\u011funu yap\u0131yor<\/strong>\u201d \u015feklinde konu\u015fmas\u0131; Meclis Ba\u015fkan\u0131 Mehmet Ali \u015eahin\u2019in \u201c<strong>Milletimiz Genelkurmay\u2019dan tatmin edici bir a\u00e7\u0131klama bekliyor<\/strong>\u201d s\u00f6z\u00fc ve bunun h\u00fck\u00fcmet taraftar\u0131 bas\u0131n taraf\u0131ndan b\u00fcy\u00fct\u00fclmesi, bu tespitimizi g\u00fc\u00e7lendiriyor.<\/p>\n<p style=\"text-align: justify;\">Erdo\u011fan\u2019\u0131n \u201c<strong>Medya ter\u00f6r \u00f6rg\u00fct\u00fcne yanda\u015fl\u0131k yap\u0131yor<\/strong>\u201d s\u00f6zlerini ise \u201c<strong>su\u00e7luluk psikolojisi<\/strong>\u201d \u00e7er\u00e7evesinde ele almak durumunday\u0131z; h\u00fck\u00fcmet, medyay\u0131 \u201c<strong>ter\u00f6r yanda\u015f\u0131<\/strong>\u201d, PKK\u2019y\u0131 da \u0130srail ta\u015feronu ilan ederek, a\u00e7\u0131l\u0131m siyasetinin y\u0131k\u0131c\u0131 sonu\u00e7lar\u0131n\u0131 \u00f6rtbas etme tela\u015f\u0131na d\u00fc\u015fm\u00fc\u015ft\u00fcr. H\u00fck\u00fcmet hari\u00e7 herkesin su\u00e7lu ilan edildi\u011fi bu noktada, Nasrettin Hoca\u2019n\u0131n \u201cPeki, h\u0131rs\u0131z\u0131n hi\u00e7 mi su\u00e7u yok,\u201d s\u00f6z\u00fcn\u00fc an\u0131ms\u0131yoruz.<\/p>\n<p style=\"text-align: justify;\">Odatv\u2019deki yaz\u0131lar\u0131m\u0131zda, PKK\u2019n\u0131n \u015fiddeti yo\u011funla\u015ft\u0131rmas\u0131n\u0131 AKP-KDP uzla\u015fmas\u0131na ba\u011flam\u0131\u015ft\u0131k; buna g\u00f6re, K\u00fcrt sorununda kendisini kabul ettirmek isteyen PKK, T\u00fcrkiye\u2019nin Barzani \u00f6nderli\u011findeki siyasi yap\u0131y\u0131 siyasi ve ekonomik bak\u0131mdan i\u00e7ermesine muhalefet etmektedir. PKK\u2019n\u0131n ate\u015fkesi bitirdi\u011fi y\u00f6n\u00fcndeki a\u00e7\u0131klama ile KCK\u2019ya y\u00f6nelik iddianamenin tamamlanmas\u0131n\u0131n, D\u0131\u015fi\u015fleri Bakan\u0131 d\u00fczeyinde \u201c<strong>Kak Mesut<\/strong>\u201d \u015feklinde hitap etti\u011fimiz Mesut Barzani\u2019nin T\u00fcrkiye ziyaretine denk gelmesi, s\u00f6ylediklerimizi teyit etmektedir.<\/p>\n<p style=\"text-align: justify;\">Erdo\u011fan\u2019\u0131n \u201c<strong>ta\u015feron<\/strong>\u201d s\u00f6z\u00fcne geri d\u00f6nebiliriz; bir \u00fclkede ba\u015fbakanl\u0131k koltu\u011funda oturan birisinin, kuruldu\u011fu g\u00fcnden bu yana \u00e7ok s\u0131k\u0131 ili\u015fkiler geli\u015ftirdi\u011fimiz bir devlet hakk\u0131nda bu s\u00f6zleri s\u00f6ylemesini, devletin \u00e7\u00f6z\u00fclmesi ba\u015fl\u0131\u011f\u0131 alt\u0131nda incelemeliyiz. Genelkurmay\u2019\u0131n \u201c<strong>Ta\u015feronluk iddialar\u0131 ger\u00e7ek d\u0131\u015f\u0131d\u0131r<\/strong>\u201d a\u00e7\u0131klamas\u0131na ra\u011fmen Erdo\u011fan\u2019\u0131n s\u00f6ylemine devam etmesi, ancak, \u015fiddetin y\u00fckselmesindeki siyasi sorumlulu\u011funu ba\u015fkalar\u0131n\u0131n s\u0131rt\u0131na y\u00fckleme g\u00fcd\u00fcs\u00fcyle a\u00e7\u0131klanabilir.<\/p>\n<p style=\"text-align: justify;\">Ne olursa olsun, Erdo\u011fan\u2019\u0131n a\u011fz\u0131ndan \u00e7\u0131kanlar\u0131n ciddiyetinden habersiz oldu\u011funu g\u00f6r\u00fcyoruz. E\u011fer Erdo\u011fan su\u00e7lamalar\u0131nda samimiyse yapaca\u011f\u0131 i\u015f bellidir; \u0130srail b\u00fcy\u00fckel\u00e7isini \u201c<strong>persona non grata<\/strong>\u201d ilan etmek ve \u0130srail\u2019le yap\u0131lm\u0131\u015f b\u00fct\u00fcn gizli anla\u015fmalar\u0131 a\u00e7\u0131klayarak iptal etmek, ilk elden akla gelenler aras\u0131ndad\u0131r. Bunlar yoksa, ikiy\u00fczl\u00fcl\u00fck ve iftira var, demektir.<\/p>\n<p style=\"text-align: justify;\"><strong>A\u00c7ILIM VERSUS S\u0130L\u0130VR\u0130 KAMP\u00dcS\u00dc <\/strong><\/p>\n<p style=\"text-align: justify;\">S\u0131n\u0131r mevzisinde yapt\u0131\u011f\u0131 konu\u015fmada Erdo\u011fan\u2019\u0131n, \u201c<strong>Askerimizin morali \u00e7ok y\u00fcksek<\/strong>\u201d \u015feklindeki s\u00f6zlerini de ele almak gerekiyor.<\/p>\n<p style=\"text-align: justify;\">PKK\u2019ya silah b\u0131rakt\u0131rmak i\u00e7in ba\u015flat\u0131lan a\u00e7\u0131l\u0131m siyaseti, PKK\u2019da \u015fiddeti y\u00fckselterek tasfiye girdab\u0131ndan kurtulma refleksi uyand\u0131rm\u0131\u015ft\u0131r ve bunu art\u0131k \u00e7\u0131plak g\u00f6zle de te\u015fhis edebiliyoruz. Bunun yan\u0131 s\u0131ra, AKP iktidar\u0131 d\u00f6neminde, K\u00fcrtler\u2019in g\u00f6z\u00fcn\u00fc boyamak i\u00e7in, PKK\u2019yla da\u011flarda sava\u015fm\u0131\u015f ve buradaki ba\u015far\u0131lar\u0131 sayesinde madalyalar alm\u0131\u015f ordu mensuplar\u0131n\u0131n Silivri\u2019de ikamet ettirilmesi, \u015fimdi PKK\u2019yla kim sava\u015facak, sorusunu da g\u00fcndeme getirmektedir. PKK\u2019yla sava\u015fan her subay\u0131n \u201c<strong>a\u00e7\u0131l\u0131m hediyesi<\/strong>\u201d olarak tutuklanmas\u0131 ihtimalinin, bizzat ordu \u00fczerinde yaratt\u0131\u011f\u0131 tahribat\u0131 k\u00fc\u00e7\u00fcmsememek gerekiyor.<\/p>\n<p style=\"text-align: justify;\">Nitekim AKP\u2019nin cumhuriyet kurumlar\u0131n\u0131 \u201c<strong>fitne yuvas\u0131<\/strong>\u201d olarak g\u00f6rmesi ve onlar\u0131 dar\u2019\u00fcl harp ilan etmesi, en ba\u015fta orduyu etkilemi\u015ftir. \u201c<strong>Her g\u00fcn bir darbe plan\u0131 yapan, tarikatlara iftira atmak i\u00e7in fesatlar kar\u0131\u015ft\u0131ran, PKK\u2019n\u0131n sald\u0131r\u0131lar\u0131na bilerek g\u00f6z yuman<\/strong>\u201d bir ordu; h\u00fck\u00fcmet taraftarlar\u0131n\u0131n \u00e7izdi\u011fi TSK tablosu budur. B\u00f6yle bir ordunun moralli oldu\u011funu s\u00f6ylemek m\u00fcmk\u00fcn de\u011fildir.<\/p>\n<p style=\"text-align: justify;\"><strong>B\u00dcY\u00dcK SERMAYEN\u0130N ZAF\u0130YET\u0130 <\/strong><\/p>\n<p style=\"text-align: justify;\">B\u00fcy\u00fck patronlar kul\u00fcb\u00fc T\u00dcS\u0130AD ba\u015fkan\u0131 \u00dcmit Boyner\u2019in PKK sald\u0131r\u0131lar\u0131 \u00fczerine yapt\u0131\u011f\u0131 yorum, \u00f6zellikle AKP h\u00fck\u00fcmetine ve Fethullah G\u00fclen cemaatine y\u00f6nelik k\u0131s\u0131mlar\u0131, olduk\u00e7a sert kabul edilmektedir. Boyner, bu a\u00e7\u0131klamas\u0131nda \u201c<strong>i\u00e7 ve d\u0131\u015f dengede h\u00fck\u00fcmetin ayar problemlerinden<\/strong>\u201d ve \u201cPensilvanya\u2019dan ter\u00f6rle m\u00fccadele yorumu bekleyenlerden\u201d dem vurmakta ve ele\u015ftirmektedir. A\u00e7\u0131klamaya Pensilvanya\u2019n\u0131n eklenmesi, T\u00dcS\u0130AD\u2019\u0131n a\u00e7\u0131l\u0131m siyasetinden duydu\u011fu memnuniyetsizli\u011fi dile getiriyor. Abant toplant\u0131lar\u0131yla a\u00e7\u0131l\u0131m\u0131n ruhani \u00f6nderli\u011fini ele ge\u00e7iren cemaat, en son K\u00fcrt\u00e7e televizyon kurma karar\u0131 alm\u0131\u015ft\u0131.<\/p>\n<p style=\"text-align: justify;\">T\u00dcS\u0130AD hakk\u0131nda s\u00f6ylenebilecek olan tek nokta, onun AKP\u2019yi ve G\u00fclen cemaatini ele\u015ftirme ehliyetine sahip olmad\u0131\u011f\u0131 ger\u00e7e\u011fidir. En ba\u015f\u0131ndan itibaren \u201c<strong>K\u00fcrt a\u00e7\u0131l\u0131m\u0131<\/strong>\u201dn\u0131 destekleyen, ba\u015far\u0131 dileklerini ileten ve h\u00fck\u00fcmeti bu konuda cesaretlendiren T\u00dcS\u0130AD\u2019\u0131n bug\u00fcn AKP aleyhine a\u00e7\u0131klamalar yapmas\u0131 inand\u0131r\u0131c\u0131 de\u011fildir. \u00dcstelik daha bir hafta \u00f6nce Barzani\u2019yi a\u011f\u0131rlayan ve Irak s\u0131n\u0131r\u0131nda serbest ticaret b\u00f6lgeleri kurarak, \u201c<strong>entegrasyonu ilerletme, s\u0131n\u0131rlar\u0131 geli\u015ftirme,<\/strong>\u201d \u00e7a\u011fr\u0131lar\u0131 yapan bir kurumun; bug\u00fcn o s\u0131n\u0131r\u0131 ge\u00e7en PKK\u2019l\u0131lara \u00f6fkelenerek h\u00fck\u00fcmeti azarlamas\u0131, en hafif tabirle, birbirini \u00e7elmektedir.<\/p>\n<p style=\"text-align: justify;\"><strong>GENELKURMAY\u2019IN EKS\u0130KL\u0130KLER\u0130 <\/strong><\/p>\n<p style=\"text-align: justify;\">H\u00fck\u00fcmet-cemaat-b\u00fcy\u00fck sermaye eksenindeki miyoplu\u011fu b\u00fcy\u00fck bir a\u00e7\u0131kl\u0131kla tespit ettikten sonra, y\u00fcksek komutanl\u0131\u011f\u0131n doktrin eksikliklerine de de\u011finmek durumunday\u0131z.<\/p>\n<p style=\"text-align: justify;\">Hat\u0131rlamak zorunday\u0131z; Kara Kuvvetleri Komutan\u0131 oldu\u011fu s\u0131rada Orgeneral \u0130lker Ba\u015fbu\u011f, Kuzey Irak\u2019taki geli\u015fmelerin K\u00fcrtlere siyasi, hukuki, askeri ve psikolojik g\u00fc\u00e7 kazand\u0131rd\u0131\u011f\u0131n\u0131 belirttikten sonra, \u201c<strong>bu durumun vatanda\u015flar\u0131m\u0131z\u0131n bir k\u0131sm\u0131 \u00fczerinde aidiyet modeli yaratabilece\u011fine de dikkat edilmelidir<\/strong>\u201d diyerek uyarm\u0131\u015ft\u0131.<\/p>\n<p style=\"text-align: justify;\">Bug\u00fcn ise; Mesut Barzani\u2019nin \u201c<strong>K\u00fcrdistan Ba\u015fkan\u0131<\/strong>\u201d s\u0131fat\u0131yla a\u011f\u0131rlanmas\u0131, T\u00fcrkiye n\u00fcfusunun bir b\u00f6l\u00fcm\u00fcn\u00fcn aidiyet duygular\u0131n\u0131 zedeleyecektir, tespitinden uzakla\u015fan bir Genelkurmay bulunmaktad\u0131r. Bu durumu \u00fcz\u00fcc\u00fc bulmak durumunday\u0131z.<\/p>\n<p style=\"text-align: justify;\"><strong>AKP\u2019N\u0130N SONU <\/strong><\/p>\n<p style=\"text-align: justify;\">Bitirirken, \u00f6n\u00fcm\u00fczdeki siyasi s\u00fcrecin, AKP a\u00e7\u0131s\u0131ndan olduk\u00e7a s\u0131k\u0131nt\u0131l\u0131 geli\u015fece\u011fine de i\u015faret edelim. Washington\u2019a giden AKP\u2019li milletvekillerinin, tabir-i caizse, \u201c<strong>burunlar\u0131n\u0131n s\u00fcrt\u00fclmesi<\/strong>\u201d; \u0130srail\u2019li bir bakan\u0131n Tayyip Erdo\u011fan\u2019\u0131 \u201c<strong>d\u00fc\u015fman<\/strong>\u201d ilan etmesi; r\u00fczg\u00e2r\u0131n tersine d\u00f6nd\u00fc\u011f\u00fc anlam\u0131na geliyor. Di\u011fer taraftan \u00c7etin Do\u011fan ve \u0130lhan Cihaner\u2019in arkada\u015flar\u0131yla birlikte tahliye edilmeleri; Mehmet Haberal\u2019\u0131n dokuz h\u00e2kimi mahk\u00fbm ettirmesi, AKP\u2019nin yaym\u0131\u015f oldu\u011fu korkunun yava\u015f yava\u015f da\u011f\u0131ld\u0131\u011f\u0131n\u0131 g\u00f6steriyor.<\/p>\n<p style=\"text-align: justify;\">Bir h\u00fck\u00fcmet partisi Amerika\u2019n\u0131n \u201c<strong>deste\u011fini<\/strong>\u201d, K\u00fcrtler\u2019in de \u201c<strong>r\u0131zas\u0131n\u0131<\/strong>\u201d alam\u0131yorsa; o partinin iktidarda kalma olanaklar\u0131 h\u0131zla t\u00fckeniyor demektir.<\/p>\n<p style=\"text-align: justify;\"><a href=\"http:\/\/www.odatv.com\/n.php?n=pkk-terorunu-akpnin-hangi-politikasi-yogunlastirdi-2206101200\" target=\"_blank\"><span style=\"color: #888888;\">Kaynak : Sait \u00c7ak\u0131r &#8211; Odatv.com<\/span><\/a><\/p>\n","protected":false},"excerpt":{"rendered":"<p style=\"text-align: justify;\">\n<p style=\"text-align: justify;\">PKK\u2019n\u0131n \u201corta yo\u011funluklu sava\u015f\u201d ilan etmesinden bu yana artan sald\u0131r\u0131lar\u0131, iki ayda elli g\u00fcvenlik g\u00fcc\u00fcm\u00fcz\u00fcn kayb\u0131na yol a\u00e7t\u0131.<\/p>\n<p style=\"text-align: justify;\">T\u00fcrkiye kaybetti\u011fi insanlar\u0131n\u0131n ac\u0131s\u0131n\u0131 ya\u015famaya devam ederken, bir yandan da egemen d\u00fczen ciddi bir \u00e7\u00f6z\u00fclme halindedir. S\u0131n\u0131r mevzisinde, kum torbalar\u0131n\u0131n arkas\u0131nda \u00e7\u00f6melen devlet erk\u00e2n\u0131 m\u0131 yoksa neo-osmanl\u0131 \u015fovenizminin yerini istihbarat <\/p>\n","protected":false},"author":1,"featured_media":0,"comment_status":"open","ping_status":"closed","sticky":false,"template":"","format":"standard","meta":{"footnotes":""},"categories":[16],"tags":[],"class_list":["post-23847","post","type-post","status-publish","format-standard","hentry","category-kose-yazilari","odd"],"_links":{"self":[{"href":"http:\/\/www.korhanyilmaz.com\/index.php?rest_route=\/wp\/v2\/posts\/23847","targetHints":{"allow":["GET"]}}],"collection":[{"href":"http:\/\/www.korhanyilmaz.com\/index.php?rest_route=\/wp\/v2\/posts"}],"about":[{"href":"http:\/\/www.korhanyilmaz.com\/index.php?rest_route=\/wp\/v2\/types\/post"}],"author":[{"embeddable":true,"href":"http:\/\/www.korhanyilmaz.com\/index.php?rest_route=\/wp\/v2\/users\/1"}],"replies":[{"embeddable":true,"href":"http:\/\/www.korhanyilmaz.com\/index.php?rest_route=%2Fwp%2Fv2%2Fcomments&post=23847"}],"version-history":[{"count":0,"href":"http:\/\/www.korhanyilmaz.com\/index.php?rest_route=\/wp\/v2\/posts\/23847\/revisions"}],"wp:attachment":[{"href":"http:\/\/www.korhanyilmaz.com\/index.php?rest_route=%2Fwp%2Fv2%2Fmedia&parent=23847"}],"wp:term":[{"taxonomy":"category","embeddable":true,"href":"http:\/\/www.korhanyilmaz.com\/index.php?rest_route=%2Fwp%2Fv2%2Fcategories&post=23847"},{"taxonomy":"post_tag","embeddable":true,"href":"http:\/\/www.korhanyilmaz.com\/index.php?rest_route=%2Fwp%2Fv2%2Ftags&post=23847"}],"curies":[{"name":"wp","href":"https:\/\/api.w.org\/{rel}","templated":true}]}}