{"id":23828,"date":"2010-06-22T12:52:59","date_gmt":"2010-06-22T12:52:59","guid":{"rendered":"http:\/\/www.korhanyilmaz.com\/?p=23828"},"modified":"2010-06-22T12:52:59","modified_gmt":"2010-06-22T12:52:59","slug":"hasim-kilica-suc-duyurusu","status":"publish","type":"post","link":"http:\/\/www.korhanyilmaz.com\/?p=23828","title":{"rendered":"Ha\u015fim K\u0131l\u0131\u00e7&#8217;a su\u00e7 duyurusu"},"content":{"rendered":"<p style=\"text-align: center;\"><a href=\"http:\/\/www.korhanyilmaz.com\/wp-content\/uploads\/2010\/06\/126.jpg\"  class=\"lightview\"><img loading=\"lazy\" decoding=\"async\" class=\"aligncenter size-full wp-image-23829\" src=\"http:\/\/www.korhanyilmaz.com\/wp-content\/uploads\/2010\/06\/126.jpg\" alt=\"\" width=\"315\" height=\"214\" \/><\/a><\/p>\n<p style=\"text-align: justify;\">Adalet Platformu Ba\u015fkan\u0131 Adem \u00c7evik, Anayasa Mahkemesi Ba\u015fkan\u0131 Ha\u015fim K\u0131l\u0131\u00e7 ile \u00fcyeleri Fulya Kantarc\u0131o\u011flu, Serdar \u00d6zg\u00fcld\u00fcr ve Osman Paks\u00fct hakk\u0131nda &#8220;g\u00f6revi k\u00f6t\u00fcye kullanma, su\u00e7 i\u015flemeye te\u015fvik, su\u00e7a i\u015ftirak, anayasal d\u00fczeni y\u0131kma&#8221; iddias\u0131yla su\u00e7 duyurusunda bulundu. <!--more--><\/p>\n<p style=\"text-align: justify;\">Su\u00e7 duyurusunda bulunduktan sonra Anayasa Mahkemesinin \u00f6n\u00fcnde bas\u0131n a\u00e7\u0131klamas\u0131 yapan \u00c7evik, mahkeme \u00fcyelerinin son g\u00fcnlerde bas\u0131na yans\u0131yan haberlerde &#8220;ihsas-\u0131 rey&#8221; anlam\u0131na gelecek ifadelerde bulundu\u011funu \u00f6n\u00fc s\u00fcrd\u00fc.<\/p>\n<p style=\"text-align: justify;\">Eski Adalet Bakan\u0131 Seyfi Oktay ile anayasa de\u011fi\u015fikli\u011fi hakk\u0131ndaki kanunun iptaline ili\u015fkin davayla ilgili g\u00f6r\u00fc\u015fen mahkeme \u00fcyesi Fulya Kantarc\u0131o\u011flu&#8217;nun \u00fcyelikten istifa etmesi gerekti\u011fini belirten \u00c7evik, Anayasa Mahkemesi Ba\u015fkan\u0131 K\u0131l\u0131\u00e7 ile di\u011fer \u00fcyeler Serdar \u00d6zg\u00fcld\u00fcr ve Osman Paks\u00fct&#8217;\u00fcn de anayasa de\u011fi\u015fikli\u011fine ili\u015fkin yapt\u0131klar\u0131 a\u00e7\u0131klamalar nedeniyle g\u00f6revlerinden ayr\u0131lmalar\u0131 gerekti\u011fini iddia etti.<\/p>\n<p style=\"text-align: justify;\">\u00c7evik, Anayasa Mahkemesi Ba\u015fkan\u0131 ile \u00fcyeleri Kantarc\u0131o\u011flu, \u00d6zg\u00fcld\u00fcr ve Paks\u00fct hakk\u0131nda &#8220;g\u00f6revi k\u00f6t\u00fcye kullanma, su\u00e7 i\u015flemeye te\u015fvik, su\u00e7a i\u015ftirak, anayasal d\u00fczeni y\u0131kma&#8221; iddias\u0131yla su\u00e7 duyurusunda bulundu\u011funu hat\u0131rlatarak, s\u00f6z konusu \u00fcyelerin tarafs\u0131zl\u0131klar\u0131n\u0131 yitirdi\u011fini kaydetti.<\/p>\n<p style=\"text-align: justify;\"><span style=\"color: #888888;\">CNN T\u00dcRK<\/span><\/p>\n","protected":false},"excerpt":{"rendered":"<p style=\"text-align: center;\">\n<p style=\"text-align: justify;\">Adalet Platformu Ba\u015fkan\u0131 Adem \u00c7evik, Anayasa Mahkemesi Ba\u015fkan\u0131 Ha\u015fim K\u0131l\u0131\u00e7 ile \u00fcyeleri Fulya Kantarc\u0131o\u011flu, Serdar \u00d6zg\u00fcld\u00fcr ve Osman Paks\u00fct hakk\u0131nda &#8220;g\u00f6revi k\u00f6t\u00fcye kullanma, su\u00e7 i\u015flemeye te\u015fvik, su\u00e7a i\u015ftirak, anayasal d\u00fczeni y\u0131kma&#8221; iddias\u0131yla su\u00e7 duyurusunda bulundu. <\/p>\n","protected":false},"author":1,"featured_media":0,"comment_status":"open","ping_status":"closed","sticky":false,"template":"","format":"standard","meta":{"footnotes":""},"categories":[105],"tags":[],"class_list":["post-23828","post","type-post","status-publish","format-standard","hentry","category-gundem","odd"],"_links":{"self":[{"href":"http:\/\/www.korhanyilmaz.com\/index.php?rest_route=\/wp\/v2\/posts\/23828","targetHints":{"allow":["GET"]}}],"collection":[{"href":"http:\/\/www.korhanyilmaz.com\/index.php?rest_route=\/wp\/v2\/posts"}],"about":[{"href":"http:\/\/www.korhanyilmaz.com\/index.php?rest_route=\/wp\/v2\/types\/post"}],"author":[{"embeddable":true,"href":"http:\/\/www.korhanyilmaz.com\/index.php?rest_route=\/wp\/v2\/users\/1"}],"replies":[{"embeddable":true,"href":"http:\/\/www.korhanyilmaz.com\/index.php?rest_route=%2Fwp%2Fv2%2Fcomments&post=23828"}],"version-history":[{"count":0,"href":"http:\/\/www.korhanyilmaz.com\/index.php?rest_route=\/wp\/v2\/posts\/23828\/revisions"}],"wp:attachment":[{"href":"http:\/\/www.korhanyilmaz.com\/index.php?rest_route=%2Fwp%2Fv2%2Fmedia&parent=23828"}],"wp:term":[{"taxonomy":"category","embeddable":true,"href":"http:\/\/www.korhanyilmaz.com\/index.php?rest_route=%2Fwp%2Fv2%2Fcategories&post=23828"},{"taxonomy":"post_tag","embeddable":true,"href":"http:\/\/www.korhanyilmaz.com\/index.php?rest_route=%2Fwp%2Fv2%2Ftags&post=23828"}],"curies":[{"name":"wp","href":"https:\/\/api.w.org\/{rel}","templated":true}]}}