{"id":23824,"date":"2010-06-22T17:25:51","date_gmt":"2010-06-22T17:25:51","guid":{"rendered":"http:\/\/www.korhanyilmaz.com\/?p=23824"},"modified":"2010-06-22T17:25:51","modified_gmt":"2010-06-22T17:25:51","slug":"mustafa-sarigul-yeni-parti-kurmuyor","status":"publish","type":"post","link":"http:\/\/www.korhanyilmaz.com\/?p=23824","title":{"rendered":"Mustafa Sar\u0131g\u00fcl yeni parti kurmuyor!.."},"content":{"rendered":"<p><a href=\"http:\/\/www.korhanyilmaz.com\/wp-content\/uploads\/2010\/06\/125.jpg\"  class=\"lightview\"><img loading=\"lazy\" decoding=\"async\" class=\"aligncenter size-full wp-image-23825\" src=\"http:\/\/www.korhanyilmaz.com\/wp-content\/uploads\/2010\/06\/125.jpg\" alt=\"\" width=\"292\" height=\"221\" \/><\/a><\/p>\n<p style=\"text-align: justify;\">T\u00fcrkiye De\u011fi\u015fim Hareketi (TDH) lideri Mustafa Sar\u0131g\u00fcl, CHP&#8217;deki de\u011fi\u015fim r\u00fczgar\u0131na f\u0131rsat vermek istediklerini belirterek, &#8220;\u015eu ortamda partimizi kurmay\u0131 do\u011fru bulmuyoruz&#8221; dedi.<\/p>\n<p style=\"text-align: justify;\">Sar\u0131g\u00fcl, L\u00fctfi K\u0131rdar Kongre ve Sergi Merkezi&#8217;nde yapt\u0131\u011f\u0131 bas\u0131n toplant\u0131s\u0131nda, K\u0131l\u0131\u00e7daro\u011flu&#8217;nun genel ba\u015fkanl\u0131\u011f\u0131ndaki CHP&#8217;nin bir umut estirdi\u011fini g\u00f6rd\u00fcklerini kaydederek, yurtta\u015flar\u0131n CHP&#8217;ye bir f\u0131rsat tan\u0131mak istedi\u011fini savundu. <!--more--><\/p>\n<p style=\"text-align: justify;\">&#8220;T\u00fcrkiye&#8217;nin her noktas\u0131nda siyasi parti olarak \u00f6rg\u00fctlendi\u011fimiz \u015fu ortamda, bug\u00fcn\u00fcn \u015fartlar\u0131nda partimizi kurmay\u0131 do\u011fru bulmuyoruz&#8221; diyen TDH lideri Sar\u0131g\u00fcl, Kemal K\u0131l\u0131\u00e7daro\u011flu&#8217;nun genel ba\u015fkanl\u0131\u011f\u0131ndaki CHP&#8217;ye destek vereceklerini s\u00f6yledi.<\/p>\n<p style=\"text-align: justify;\">Sar\u0131g\u00fcl, &#8220;Biz her zaman oldu\u011fu gibi yine yurtta\u015flar\u0131m\u0131z\u0131n sesini dinliyoruz ve toplumdaki bu r\u00fczgara f\u0131rsat vermek gerekti\u011fini t\u00fcm TDH&#8217;lar olarak d\u00fc\u015f\u00fcn\u00fcyoruz. Bu ko\u015fullarda halk\u0131m\u0131z\u0131n vicdan\u0131na, yurtta\u015flar\u0131m\u0131z\u0131n sesine, TDH&#8217;daki g\u00f6n\u00fcll\u00fclerimizin b\u00fcy\u00fck bir kesiminin sesine kulak veriyoruz&#8221; dedi.<\/p>\n<p style=\"text-align: justify;\">&#8220;Bug\u00fcn benden beklediklerinizi de\u011fil, T\u00fcrkiye&#8217;nin beklediklerini s\u00f6ylemek \u00fczere kar\u015f\u0131n\u0131zday\u0131m&#8221; diyen Sar\u0131g\u00fcl, her g\u00fcn \u015fehit haberleri geldi\u011fini, T\u00fcrkiye&#8217;nin \u00e7ok \u00f6nemli bir s\u00fcre\u00e7ten ge\u00e7ti\u011fini dile getirdi.<\/p>\n<p style=\"text-align: justify;\">Bu s\u00fcre\u00e7te \u00fczerlerine d\u00fc\u015fen g\u00f6revi yerine getirdiklerine inand\u0131\u011f\u0131n\u0131 belirten Sar\u0131g\u00fcl, &#8220;T\u00fcrkiye&#8217;yi y\u00f6netmek ciddi bir i\u015ftir. T\u00fcrkiye bir deneme tahtas\u0131 de\u011fildir. T\u00fcrkiye, her g\u00fcn gen\u00e7lerinin \u00f6lmesine daha fazla seyirci kalamaz. De\u011fi\u015fim art\u0131k zorunludur. T\u00fcrkiye De\u011fi\u015fim Hareketi bu inan\u00e7la, uzun bir s\u00fcredir m\u00fccadele etmektedir. \u015eimdi daha \u00f6nemli, tarihi bir sorumlulukla kar\u015f\u0131 kar\u015f\u0131yay\u0131z. \u015eimdi \u00fclkemizin \u00f6n\u00fcn\u00fc a\u00e7mak i\u00e7in yeni bir ad\u0131m atmak zorunday\u0131z. Bu y\u00fczden diyorum ki \u00fclkemize duydu\u011fumuz sorumluluk gere\u011fi, T\u00fcrkiye&#8217;nin bug\u00fcn i\u00e7inde bulundu\u011fu ko\u015fullar\u0131 dikkate alarak, akan kan\u0131 durdurmak, \u00fclkemiz siyasetine yard\u0131mc\u0131 olmak ve siyasetteki de\u011fi\u015fim r\u00fczgarlar\u0131na f\u0131rsat vermek i\u00e7in g\u00fcn \u00f6zveri ve fedakarl\u0131k g\u00fcn\u00fcd\u00fcr&#8221; dedi.<\/p>\n<p style=\"text-align: justify;\"><strong>&#8220;CHP&#8217;ye f\u0131rsat tan\u0131mak&#8221; <\/strong><\/p>\n<p style=\"text-align: justify;\">Herkesin \u00fclkenin gen\u00e7lerini, gelece\u011fini d\u00fc\u015f\u00fcnmek ve buna g\u00f6re davranmak durumunda oldu\u011funu belirten Sar\u0131g\u00fcl, Kemal K\u0131l\u0131\u00e7daro\u011flu&#8217;nun Genel Ba\u015fkanl\u0131\u011f\u0131ndaki Cumhuriyet Halk Partisi&#8217;nin, umutlu r\u00fczgarlar yaratt\u0131\u011f\u0131n\u0131 g\u00f6rd\u00fc\u011f\u00fcn\u00fc s\u00f6yledi.<\/p>\n<p style=\"text-align: justify;\">&#8220;Yurtta\u015flar\u0131m\u0131z CHP&#8217;deki de\u011fi\u015fime bir f\u0131rsat tan\u0131mak istiyor, \u015fans tan\u0131mak istiyor&#8221; diyen Sar\u0131g\u00fcl, s\u00f6zlerini \u015f\u00f6yle s\u00fcrd\u00fcrd\u00fc:<\/p>\n<p style=\"text-align: justify;\">&#8220;Biz de her zaman oldu\u011fu gibi, yine yurtta\u015flar\u0131m\u0131z\u0131n sesini dinliyoruz ve toplumdaki bu r\u00fczgara f\u0131rsat vermek gerekti\u011fini d\u00fc\u015f\u00fcn\u00fcyoruz. Bu ko\u015fullarda, halk\u0131m\u0131z\u0131n vicdan\u0131n\u0131n sesine kulak veriyor ve T\u00fcrkiye De\u011fi\u015fim Partisini kurmuyoruz. Bununla birlikte, d\u00fc\u015f\u00fcncelerimizin ve ideallerimizin yurtta\u015flar\u0131m\u0131z\u0131n g\u00f6nl\u00fcnde ya\u015famaya devam edece\u011fine inan\u0131yoruz.<\/p>\n<p style=\"text-align: justify;\">T\u00fcrkiye De\u011fi\u015fim Hareketi, T\u00fcrkiye&#8217;nin \u00f6n\u00fcn\u00fc a\u00e7m\u0131\u015ft\u0131r. \u00dclkemize yeni bir siyaset anlay\u0131\u015f\u0131 kazand\u0131rm\u0131\u015ft\u0131r. Bu anlay\u0131\u015f \u00fclkemiz siyasetinde her zaman var olacakt\u0131r. T\u00fcrkiye De\u011fi\u015fim Hareketi, partile\u015fmeden de \u00fclkemize ve yurtta\u015flar\u0131m\u0131za hizmet etmeye devam edecektir.&#8221;<\/p>\n<p style=\"text-align: justify;\">Toplumun beklentileri ve T\u00fcrkiye&#8217;nin gelece\u011fini d\u00fc\u015f\u00fcnerek karar ald\u0131klar\u0131n\u0131 belirterek, harekete g\u00f6n\u00fcl verenlere te\u015fekk\u00fcr eden Sar\u0131g\u00fcl, &#8220;Onlar\u0131n da bu fedakarl\u0131\u011f\u0131m\u0131z\u0131 anlayacaklar\u0131na inan\u0131yorum&#8221; dedi.<\/p>\n<p style=\"text-align: justify;\"><strong>&#8220;Erken se\u00e7im duyumumuz 12 Eyl\u00fcl 2010&#8221; <\/strong><\/p>\n<p style=\"text-align: justify;\">Bir gazetecinin &#8220;Ald\u0131\u011f\u0131n\u0131z bu karar CHP&#8217;ye yeniden d\u00f6n\u00fc\u015f karar\u0131 m\u0131?&#8221; sorusuna Sar\u0131g\u00fcl, bunun &#8220;CHP&#8217;ye kat\u0131lmak&#8221; gibi anla\u015f\u0131lmas\u0131ndan daha \u00e7ok, hareketlerinin fedakarl\u0131\u011f\u0131n\u0131n konu\u015fulmas\u0131n\u0131 temenni ettiklerini s\u00f6yledi.<\/p>\n<p style=\"text-align: justify;\">Bu karar\u0131 al\u0131rken, CHP Genel Ba\u015fkan\u0131 Kemal K\u0131l\u0131\u00e7daro\u011flu ile g\u00f6r\u00fc\u015f\u00fcp g\u00f6r\u00fc\u015fmedi\u011fine ili\u015fkin soru \u00fczerine Sar\u0131g\u00fcl, &#8220;Say\u0131n K\u0131l\u0131\u00e7daro\u011flu ile hi\u00e7bir \u015fekilde g\u00f6r\u00fc\u015fmemiz olmad\u0131. Sadece kendisini genel ba\u015fkan se\u00e7ildikten sonra tebrik etmek i\u00e7in arad\u0131m. O da bir s\u00fcre sonra te\u015fekk\u00fcr etmek i\u00e7in arad\u0131. Bu kararda hi\u00e7bir \u015fekilde koltuk, makam, mevki talebimiz s\u00f6z konusu de\u011fildir. Bizim talebimiz T\u00fcrkiye Cumhuriyeti&#8217;nin talepleridir&#8221; dedi.<\/p>\n<p style=\"text-align: justify;\">Sar\u0131g\u00fcl, &#8220;Bu karar, hareketi ileri d\u00f6n\u00fck olarak erteleme karar\u0131 m\u0131d\u0131r, yoksa tamamen bitirme karar\u0131 m\u0131d\u0131r?&#8221; sorusunu da \u015f\u00f6yle yan\u0131tlad\u0131:<\/p>\n<p style=\"text-align: justify;\">&#8220;Bu karar\u0131m\u0131z fikirlerimizin yok olmas\u0131 anlam\u0131na kesinlikle gelmiyor. T\u00fcrkiye De\u011fi\u015fim Hareketi d\u00fc\u015f\u00fcnceleriyle \u00fclke siyasetine her zaman, her alanda katk\u0131 sa\u011flayacakt\u0131r. 12 Eyl\u00fcl 2010&#8217;da erken se\u00e7imlerin yap\u0131laca\u011f\u0131na dair \u00f6nemli duyumlar\u0131m\u0131z vard\u0131r. Biz bu se\u00e7imlerde T\u00fcrkiye&#8217;nin \u00f6n\u00fcn\u00fc a\u00e7mak i\u00e7in bu karar\u0131 ald\u0131k.&#8221;<\/p>\n<p style=\"text-align: justify;\"><strong>K\u0131l\u0131\u00e7daro\u011flu&#8217;nun cevab\u0131 <\/strong><\/p>\n<p style=\"text-align: justify;\">CHP Genel Ba\u015fkan\u0131 Kemal K\u0131l\u0131\u00e7daro\u011flu, T\u00fcrkiye De\u011fi\u015fim Hareketi lideri Mustafa Sar\u0131g\u00fcl&#8217;\u00fcn CHP &#8216;yi destekleyece\u011fi y\u00f6n\u00fcnde yapt\u0131\u011f\u0131 a\u00e7\u0131kman\u0131n ard\u0131ndan gazetecilerin sorular\u0131n\u0131 yan\u0131tlad\u0131.<\/p>\n<p style=\"text-align: justify;\">K\u0131l\u0131\u00e7daro\u011flu, &#8220;CHP, T\u00fcrkiye&#8217;yi i\u00e7inde bulundu\u011fu \u00e7\u0131kmazdan kurtaracak ve iktidar se\u00e7ene\u011fi en g\u00fc\u00e7l\u00fc olan parti \u015fu anda. Say\u0131n Sar\u0131g\u00fcl&#8217;\u00fcn bu ger\u00e7e\u011fi g\u00f6rmesi ve CHP&#8217;yi desteklemesini mutlulukla kar\u015f\u0131l\u0131yoruz&#8221; dedi.<\/p>\n<p style=\"text-align: justify;\">Bunun ge\u00e7mi\u015fteki gibi bir manevra olup olmad\u0131\u011f\u0131 y\u00f6n\u00fcndeki soruya K\u0131l\u0131\u00e7daro\u011flu, &#8220;Ge\u00e7mi\u015f ge\u00e7mi\u015fte kald\u0131. Biz gelece\u011fe bak\u0131yoruz. G\u00fczel T\u00fcrkiye&#8217;ye bak\u0131yoruz. Halka umut vermek istiyoruz.  Halk\u0131n gelece\u011fe daha g\u00fcvenle bakmas\u0131n\u0131 istiyoruz. Ge\u00e7mi\u015fteki tart\u0131\u015fmalar\u0131 bug\u00fcn g\u00fcndeme getirmenin \u00e7ok yarar getirece\u011fini sanm\u0131yorum&#8221; diye cevap verdi.<\/p>\n<p style=\"text-align: justify;\"><strong>&#8220;Hele olsun bakal\u0131m&#8221; <\/strong><\/p>\n<p style=\"text-align: justify;\">Sar\u0131g\u00fcl&#8217;\u00fcn CHP&#8217;ye d\u00f6nmesi gibi bir durumun s\u00f6z konusu olup olmad\u0131\u011f\u0131 y\u00f6n\u00fcndeki soruya ise K\u0131l\u0131\u00e7daro\u011flu, &#8220;Daha \u015fu an \u00f6yle bir talep s\u00f6z konusu de\u011fil. Bizim yorum yapmam\u0131z do\u011fru olmaz bu a\u015famada. Hele olsun bakal\u0131m&#8221; \u015feklinde yan\u0131tlad\u0131.<\/p>\n<p style=\"text-align: justify;\"><span style=\"color: #888888;\">CNN T\u00dcRK<\/span><\/p>\n","protected":false},"excerpt":{"rendered":"<\/p>\n<p style=\"text-align: justify;\">T\u00fcrkiye De\u011fi\u015fim Hareketi (TDH) lideri Mustafa Sar\u0131g\u00fcl, CHP&#8217;deki de\u011fi\u015fim r\u00fczgar\u0131na f\u0131rsat vermek istediklerini belirterek, &#8220;\u015eu ortamda partimizi kurmay\u0131 do\u011fru bulmuyoruz&#8221; dedi.<\/p>\n<p style=\"text-align: justify;\">Sar\u0131g\u00fcl, L\u00fctfi K\u0131rdar Kongre ve Sergi Merkezi&#8217;nde yapt\u0131\u011f\u0131 bas\u0131n toplant\u0131s\u0131nda, K\u0131l\u0131\u00e7daro\u011flu&#8217;nun genel ba\u015fkanl\u0131\u011f\u0131ndaki CHP&#8217;nin bir umut estirdi\u011fini g\u00f6rd\u00fcklerini kaydederek, yurtta\u015flar\u0131n CHP&#8217;ye bir f\u0131rsat tan\u0131mak istedi\u011fini savundu. <\/p>\n","protected":false},"author":1,"featured_media":0,"comment_status":"open","ping_status":"closed","sticky":false,"template":"","format":"standard","meta":{"footnotes":""},"categories":[105],"tags":[],"class_list":["post-23824","post","type-post","status-publish","format-standard","hentry","category-gundem","odd"],"_links":{"self":[{"href":"http:\/\/www.korhanyilmaz.com\/index.php?rest_route=\/wp\/v2\/posts\/23824","targetHints":{"allow":["GET"]}}],"collection":[{"href":"http:\/\/www.korhanyilmaz.com\/index.php?rest_route=\/wp\/v2\/posts"}],"about":[{"href":"http:\/\/www.korhanyilmaz.com\/index.php?rest_route=\/wp\/v2\/types\/post"}],"author":[{"embeddable":true,"href":"http:\/\/www.korhanyilmaz.com\/index.php?rest_route=\/wp\/v2\/users\/1"}],"replies":[{"embeddable":true,"href":"http:\/\/www.korhanyilmaz.com\/index.php?rest_route=%2Fwp%2Fv2%2Fcomments&post=23824"}],"version-history":[{"count":0,"href":"http:\/\/www.korhanyilmaz.com\/index.php?rest_route=\/wp\/v2\/posts\/23824\/revisions"}],"wp:attachment":[{"href":"http:\/\/www.korhanyilmaz.com\/index.php?rest_route=%2Fwp%2Fv2%2Fmedia&parent=23824"}],"wp:term":[{"taxonomy":"category","embeddable":true,"href":"http:\/\/www.korhanyilmaz.com\/index.php?rest_route=%2Fwp%2Fv2%2Fcategories&post=23824"},{"taxonomy":"post_tag","embeddable":true,"href":"http:\/\/www.korhanyilmaz.com\/index.php?rest_route=%2Fwp%2Fv2%2Ftags&post=23824"}],"curies":[{"name":"wp","href":"https:\/\/api.w.org\/{rel}","templated":true}]}}