{"id":23820,"date":"2010-06-22T13:01:47","date_gmt":"2010-06-22T13:01:47","guid":{"rendered":"http:\/\/www.korhanyilmaz.com\/?p=23820"},"modified":"2010-06-22T13:01:47","modified_gmt":"2010-06-22T13:01:47","slug":"devlet-bahceli-tahammulumuz-kalmadi","status":"publish","type":"post","link":"http:\/\/www.korhanyilmaz.com\/?p=23820","title":{"rendered":"Devlet Bah\u00e7eli: &#8220;Tahamm\u00fcl\u00fcm\u00fcz kalmad\u0131&#8221;"},"content":{"rendered":"<p><a href=\"http:\/\/www.korhanyilmaz.com\/wp-content\/uploads\/2010\/06\/124.jpg\"  class=\"lightview\"><img loading=\"lazy\" decoding=\"async\" class=\"aligncenter size-full wp-image-23821\" src=\"http:\/\/www.korhanyilmaz.com\/wp-content\/uploads\/2010\/06\/124.jpg\" alt=\"\" width=\"292\" height=\"236\" \/><\/a><\/p>\n<p style=\"text-align: justify;\">MHP Genel Ba\u015fkan\u0131 Devlet Bah\u00e7eli, ter\u00f6r sald\u0131r\u0131lar\u0131yla ilgili olarak &#8220;Dayanacak takatimiz, bekleyecek zaman\u0131m\u0131z ve katlanacak tahamm\u00fcl\u00fcm\u00fcz kalmam\u0131\u015ft\u0131r&#8221; dedi ve &#8220;B\u00f6l\u00fcc\u00fcl\u00fc\u011f\u00fc azd\u0131ran\u0131n AKP h\u00fck\u00fcmeti oldu\u011funun art\u0131k bilindi\u011fini&#8221; s\u00f6yledi.<\/p>\n<p style=\"text-align: justify;\">Bah\u00e7eli, partisinin grup toplant\u0131s\u0131nda yapt\u0131\u011f\u0131 konu\u015fmada, son g\u00fcnlerde meydana gelen ter\u00f6r sald\u0131r\u0131lar\u0131n\u0131 an\u0131msatarak, \u015fehitlere Allah&#8217;tan rahmet, yaral\u0131lara acil \u015fifalar, ailelere, millete ve silah arkada\u015flar\u0131na sab\u0131r ve ba\u015fsa\u011fl\u0131\u011f\u0131 diledi. <!--more--><\/p>\n<p style=\"text-align: justify;\">Bah\u00e7eli, &#8220;Dayanacak takatimiz, bekleyecek zaman\u0131m\u0131z ve katlanacak tahamm\u00fcl\u00fcm\u00fcz kalmam\u0131\u015ft\u0131r. Bo\u015f s\u00f6zlerle ve sonu\u00e7suz beyanatlarla, hamasi tesellilerle avunacak kimse de bulunmamaktad\u0131r&#8221; diye konu\u015ftu.<\/p>\n<p style=\"text-align: justify;\">&#8220;B\u00f6l\u00fcc\u00fcl\u00fc\u011f\u00fc azd\u0131ran\u0131n AKP h\u00fck\u00fcmeti oldu\u011funun art\u0131k bilindi\u011fi&#8221; g\u00f6r\u00fc\u015f\u00fcn\u00fc savunan Bah\u00e7eli, &#8220;Bu siyaset k\u00f6rl\u00fc\u011f\u00fc, yanl\u0131\u015f te\u015fhisler, y\u0131k\u0131c\u0131 tedbirler, s\u00f6zde a\u00e7\u0131l\u0131m denen ihanet projeleri devam etti\u011fi s\u00fcrece hain sald\u0131r\u0131lar\u0131n ve aziz evlatlar\u0131m\u0131z\u0131n kay\u0131plar\u0131n\u0131n sona ermesi ve milletimizin ter\u00f6r ve b\u00f6l\u00fcc\u00fcl\u00fck belas\u0131ndan kurtulmas\u0131 m\u00fcmk\u00fcn g\u00f6r\u00fclmemektedir&#8221; dedi.<\/p>\n<p style=\"text-align: justify;\">Bug\u00fcnk\u00fc \u015fartlar alt\u0131nda, T\u00fcrkiye&#8217;nin, ancak sava\u015f ortam\u0131nda verilebilecek kadar a\u011f\u0131r kay\u0131plarla sars\u0131ld\u0131\u011f\u0131n\u0131 anlatan Bah\u00e7eli, &#8220;H\u00fck\u00fcmetin b\u00f6l\u00fcc\u00fc ter\u00f6rle m\u00fczakeresi kanl\u0131 ter\u00f6r\u00fcn eylemlerini art\u0131rd\u0131\u011f\u0131n\u0131 ve ter\u00f6riste y\u00f6nelik tavizkar yakla\u015f\u0131mlar\u0131n canileri inlerinden \u00e7\u0131kartmakta te\u015fvik edici oldu\u011funu&#8221; s\u00f6yledi.<\/p>\n<p style=\"text-align: justify;\">Devlet Bah\u00e7eli, \u015f\u00f6yle konu\u015ftu:<\/p>\n<p style=\"text-align: justify;\">&#8220;\u0130yi \u015feyler olacak&#8217; denilerek ba\u015flat\u0131lan y\u0131k\u0131m projelerinin bir y\u0131l\u0131 a\u015fan seyri ile &#8216;umut verici geli\u015fmeler&#8217; olarak tan\u0131mlanan Habur ter\u00f6rist t\u00f6renlerinin ard\u0131ndan ya\u015fananlar maalesef kan, g\u00f6zya\u015f\u0131, eylem, ihanet olarak geri d\u00f6nm\u00fc\u015ft\u00fcr.<\/p>\n<p style=\"text-align: justify;\">D\u00fcn askerlerimizi \u015fehit edenler, Ba\u015fbakan Erdo\u011fan&#8217;\u0131n t\u00f6renle kucaklad\u0131\u011f\u0131 ter\u00f6ristlerin a\u00e7\u0131l\u0131m arkada\u015flar\u0131d\u0131r.<\/p>\n<p style=\"text-align: justify;\">Geldi\u011fimiz noktada hi\u00e7bir teredd\u00fct yoktur ki, Ba\u015fbakan&#8217;\u0131n b\u00fct\u00fcn y\u0131k\u0131m projeleri iflas etmi\u015f ve bu sapman\u0131n bedeli a\u011f\u0131r olmu\u015f, can kay\u0131plar\u0131 olarak Anadolu&#8217;muzun kutsal yuvalar\u0131na, aile ocaklar\u0131na geri d\u00f6nm\u00fc\u015ft\u00fcr. B\u00fct\u00fcn bu olanlardan sonra bug\u00fcn milletimiz ya\u015fad\u0131klar\u0131ndan ders \u00e7\u0131kartmaya, kar\u015f\u0131s\u0131na kanl\u0131 tablo olarak \u00e7\u0131kan tehdidin ger\u00e7ek sorumlular\u0131n\u0131, a\u00e7\u0131l\u0131m\u0131n akt\u00f6rlerini g\u00f6rmeye ba\u015flam\u0131\u015ft\u0131r. Bu bizim i\u00e7in bunca kay\u0131ptan sonra bir nebze olsun tesellimizdir.<\/p>\n<p style=\"text-align: justify;\">Bir ba\u015fka tesellimiz ise ifadelerinde bir samimiyet varsa Ba\u015fbakan Erdo\u011fan&#8217;\u0131n sonunda pi\u015fmanl\u0131k emareleri g\u00f6stermeye ba\u015flam\u0131\u015f olmas\u0131 ve onca i\u015fbirli\u011fi aray\u0131\u015f\u0131ndan sonra PKK&#8217;n\u0131n birilerinin ta\u015feronu oldu\u011funu itiraf etmi\u015f bulunmas\u0131d\u0131r. Bu beyanat bizim i\u00e7in \u00e7ok \u00f6nemli, ileriye bakabilmemiz a\u00e7\u0131s\u0131ndan ise \u00fcmit vericidir.<\/p>\n<p style=\"text-align: justify;\">Zira PKK&#8217;n\u0131n arkas\u0131ndaki g\u00fc\u00e7lerin bu \u00fclkenin Ba\u015fbakan\u0131 taraf\u0131ndan biliniyor olmas\u0131, ter\u00f6r\u00fcn \u00e7\u00f6z\u00fcm\u00fcnde \u00e7ok \u00f6nemli bir a\u015fama, Ba\u015fbakan Erdo\u011fan&#8217;\u0131n zul\u00fcm arkada\u015flar\u0131na kadar varacak kirli zincirin ortaya \u00e7\u0131kmas\u0131 demektir.&#8221;<\/p>\n<p style=\"text-align: justify;\"><strong>&#8220;Arkas\u0131nda kimler var?&#8221; <\/strong><\/p>\n<p style=\"text-align: justify;\">T\u00fcrkiye&#8217;nin, \u015fimdi dikkatini Ba\u015fbakan Erdo\u011fan&#8217;\u0131n &#8220;ter\u00f6r\u00fcn arkas\u0131nda oldu\u011funu a\u00e7\u0131klayaca\u011f\u0131 isimlere \u00e7evirdi\u011fini&#8221; ifade eden Bah\u00e7eli, &#8220;Ya bunlar\u0131 T\u00fcrk milletiyle payla\u015facakt\u0131r ya da kendi sorumlulu\u011funu ba\u015fkalar\u0131na atan ve bahane bulan ikiy\u00fczl\u00fc siyaset\u00e7i olarak tarihe ge\u00e7ecektir&#8221; dedi.<\/p>\n<p style=\"text-align: justify;\">MHP Genel Ba\u015fkan\u0131 Lideri Bah\u00e7eli, &#8220;\u015eayet ter\u00f6r\u00fcn arkas\u0131nda olduklar\u0131 bilinmesine ra\u011fmen bu g\u00fc\u00e7lere ve devletlere suskun kal\u0131nm\u0131\u015fsa \u015fehitlerin vebalinin sorumlulu\u011fu kimde olacakt\u0131r? E\u011fer, PKK ter\u00f6r \u00f6rg\u00fct\u00fc birileri taraf\u0131ndan kontrol ediliyor ve bunu da Ba\u015fbakan Erdo\u011fan biliyorsa d\u00f6k\u00fclen \u015fehit kanlar\u0131n\u0131n sorumlulu\u011fundan nas\u0131l kurtulacakt\u0131r? Ba\u015fbakan Erdo\u011fan, bu  a\u00e7\u0131klamas\u0131n\u0131n arkas\u0131nda durur ve sahip \u00e7\u0131karsa \u00fclkemizi par\u00e7alamaya \u00e7al\u0131\u015fan mihraklara kar\u015f\u0131 bilerek tepkisiz ve korkak davranm\u0131\u015fsa, bu tutumu vatana ihanet anlam\u0131na gelmeyecek midir?&#8221; sorular\u0131n\u0131 y\u00f6neltti.<\/p>\n<p style=\"text-align: justify;\">Bah\u00e7eli, s\u00f6zlerini \u015f\u00f6yle s\u00fcrd\u00fcrd\u00fc:<\/p>\n<p style=\"text-align: justify;\">&#8220;AKP k\u00fcresel siyasi ta\u015ferondur, PKK k\u00fcresel silahl\u0131 ta\u015ferondur. Her iki ta\u015feron, ayn\u0131 merkezden ama ayr\u0131 ayr\u0131 kanallardan \u00fclkemizi y\u0131kmak i\u00e7in k\u00fcresel pazarl\u0131k usul\u00fc ile y\u0131k\u0131m ihalesini alm\u0131\u015flar ve i\u015fe \u00e7oktan koyulmu\u015flard\u0131r. Aralar\u0131nda y\u0131k\u0131ma eri\u015fmek i\u00e7in k\u0131yas\u0131ya bir rekabetin oldu\u011fu ancak son geli\u015fmelerle ter\u00f6r \u00f6rg\u00fct\u00fcn\u00fcn \u00f6n ald\u0131\u011f\u0131 anla\u015f\u0131lmaktad\u0131r.<\/p>\n<p style=\"text-align: justify;\">Bu a\u015famada tam bir acziyet ve \u015fa\u015fk\u0131nl\u0131k ya\u015fayan Ba\u015fbakan&#8217;a tavsiyemiz, ikircikli ve yanard\u00f6ner tavr\u0131ndan vazge\u00e7erek, ter\u00f6rle ve b\u00f6l\u00fcc\u00fcl\u00fckle m\u00fccadelede nerede duraca\u011f\u0131na ve kimin yan\u0131nda yer alaca\u011f\u0131na a\u00e7\u0131kl\u0131k getirmesidir. Bir yanda ard\u0131ndan \u015fiirler e\u015fli\u011finde g\u00f6zya\u015f\u0131 d\u00f6kt\u00fc\u011f\u00fc ve t\u00f6renle kar\u015f\u0131lad\u0131\u011f\u0131 ter\u00f6ristlerle kucakla\u015fmaya devam m\u0131 edecektir? Yoksa &#8216;kelle&#8217; diye hitap etti\u011fi \u015fehitlerimizin huzurunda g\u00f6sterdi\u011fi sahte nedameti s\u00fcrd\u00fcr\u00fcp milletin merhametine mi s\u0131\u011f\u0131nacakt\u0131r? Bir yanda ter\u00f6r\u00fc lanetlemeyeni ter\u00f6rist olarak ilan etmeye devam m\u0131 edecektir?<\/p>\n<p style=\"text-align: justify;\">\u00d6te yanda, hemen yan\u0131 ba\u015f\u0131nda h\u00fck\u00fcmetin Amerikal\u0131 \u00fcyesinin, elinden kan damlayan hainleri &#8216;kand\u0131r\u0131lm\u0131\u015f \u00e7ocuklar&#8217; diyerek \u015fehitlerle bir tutmas\u0131n\u0131 sineye mi \u00e7ekecektir? Bir yanda b\u00f6l\u00fcc\u00fcl\u00fc\u011f\u00fc me\u015frula\u015ft\u0131rmak i\u00e7in \u0130mral\u0131 canisiyle pazarl\u0131klara devam m\u0131 edecektir? Yoksa bunlar\u0131 unutup ter\u00f6r \u00f6rg\u00fct\u00fc y\u0131llarca kan d\u00f6kt\u00fc, huzuru bozdu, geli\u015fmenin ve demokrasinin \u00f6n\u00fcnde en b\u00fcy\u00fck engel oldu demeyi mi s\u00fcrd\u00fcrecektir? Bir yanda kan\u0131 yerde kalmayacak diyerek \u015fehitler huzurunda hamasi nutuklar atmaya m\u0131 devam edecektir? Yoksa ter\u00f6r\u00fcn destek\u00e7isi, \u015fehidimizin katili, a\u015firet reisine k\u0131rm\u0131z\u0131 hal\u0131lar\u0131n\u0131 sermeyi mi s\u00fcrd\u00fcrecektir?&#8221;<\/p>\n<p style=\"text-align: justify;\"><strong>&#8220;Hainlerin d\u00fc\u015fman\u0131y\u0131z&#8221; <\/strong><\/p>\n<p style=\"text-align: justify;\">&#8220;Ba\u015fbakan&#8217;\u0131n d\u00fcn geri kalm\u0131\u015fl\u0131\u011f\u0131 ter\u00f6r\u00fcn nedeni olarak g\u00f6r\u00fcrken, bug\u00fcn ter\u00f6r\u00fcn zenginle\u015fme ve kalk\u0131nma nedeniyle \u00e7\u0131kt\u0131\u011f\u0131n\u0131 s\u00f6yleyecek kadar buhrana s\u00fcr\u00fcklendi\u011fini&#8221; ileri s\u00fcren Bah\u00e7eli, &#8220;Bu hastal\u0131kl\u0131 ruh haline g\u00f6re, ter\u00f6r\u00fcn azmas\u0131n\u0131n nedeni el ele tutu\u015ftu\u011fu b\u00f6l\u00fcc\u00fcler de\u011fil, s\u00f6zde ayn\u0131 cephede oldu\u011fumuzu s\u00f6yleme al\u00e7akl\u0131\u011f\u0131n\u0131 ve c\u00fcretini g\u00f6sterdi\u011fi Milliyet\u00e7i Hareket Partililer&#8217;dir&#8221; dedi.<\/p>\n<p style=\"text-align: justify;\">Bah\u00e7eli, &#8220;Ne tehditlerden korkar\u0131z, ne iftiralardan y\u0131lar\u0131z. Ne hainlerle kucakla\u015f\u0131r, ne bozguncularla i\u015fbirli\u011fi yapar\u0131z. Bunun i\u00e7in AKP&#8217;ye kar\u015f\u0131y\u0131z. Bunun i\u00e7in hainlerin d\u00fc\u015fman\u0131y\u0131z&#8221; diye konu\u015ftu. Bah\u00e7eli, \u015funlar\u0131 s\u00f6yledi:<\/p>\n<p style=\"text-align: justify;\">&#8220;Ba\u015fbakan\u0131n b\u00f6l\u00fcnme modeli demokrasi olacak, ancak bizim direni\u015fimiz b\u00f6l\u00fcc\u00fcl\u00fck say\u0131lacak. Bunu asla kabul etmeyiz. H\u00fck\u00fcmetin y\u0131k\u0131m\u0131 a\u00e7\u0131l\u0131m olacak, bizim duru\u015fumuz ay\u0131p say\u0131lacak. Bunu elimizin tersiyle iteriz. Ter\u00f6ristin d\u00f6kt\u00fc\u011f\u00fc kan unutulacak, biz ise kandan beslenmi\u015f olaca\u011f\u0131z. Bu \u00e7\u00fcr\u00fcm\u00fc\u015fl\u00fc\u011f\u00fc lanetleriz. Ter\u00f6rist t\u00f6renle kar\u015f\u0131lanacak, oysa bizim \u015fehide sahip \u00e7\u0131kmam\u0131z ele\u015ftirilecek. K\u00fcstah zihniyete hak etti\u011fi cevab\u0131 veririz. D\u00fczenlerin, tertiplerin, komplolar\u0131n i\u00e7inde olmay\u0131z. Oldu\u011fumuz gibi g\u00f6r\u00fcn\u00fcr, g\u00f6r\u00fcnd\u00fc\u011f\u00fcm\u00fcz gibi de oluruz. Biz Milliyet\u00e7i Hareketiz. D\u00fcn ne isek bug\u00fcn de oyuz. D\u00fcn milliyet\u00e7iydik, bug\u00fcn de oyuz. D\u00fcn de ayaktayd\u0131k bug\u00fcn de var\u0131z. Hainlere inat, al\u00e7aklara inat, d\u00fc\u015fmanlara inat, var olmaya da devam edece\u011fiz.&#8221;<\/p>\n<p style=\"text-align: justify;\">MHP Genel Ba\u015fkan\u0131 Devlet Bah\u00e7eli, &#8220;Ba\u015fbakan Erdo\u011fan ve kadrolar\u0131 art\u0131k tamamen t\u00fckenmi\u015ftir. H\u00fck\u00fcmet y\u00f6netim kabiliyetini t\u00fcm\u00fcyle yitirmi\u015ftir. Erken genel se\u00e7ime gidilmesi \u015fart olmu\u015ftur. T\u00fcrkiyemizin daha fazla oyalanacak vakti ve bekleyecek mecali kalmam\u0131\u015ft\u0131r. Se\u00e7im sand\u0131\u011f\u0131 \u00fclkemiz i\u00e7in kurtulu\u015f olacakt\u0131r&#8221; dedi.<\/p>\n<p style=\"text-align: justify;\">Bah\u00e7eli, partisinin grup toplant\u0131s\u0131nda yapt\u0131\u011f\u0131 konu\u015fmada, &#8220;T\u00fcrkiye&#8217;nin ter\u00f6r \u00f6rg\u00fct\u00fc \u00fczerinden 26 y\u0131ld\u0131r s\u00fcren d\u00fc\u015fmanca sald\u0131r\u0131 alt\u0131nda oldu\u011funu&#8221; ifade etti.<\/p>\n<p style=\"text-align: justify;\">&#8220;Verilen onca can ve mal kayb\u0131n\u0131n, heba olan ekonomik potansiyelin, israf olan be\u015feri g\u00fcc\u00fcn b\u00fcy\u00fckl\u00fc\u011f\u00fc kar\u015f\u0131s\u0131nda bu m\u00fccadeleyi ba\u015fka t\u00fcrl\u00fc tan\u0131mlaman\u0131n imkan\u0131 kalmam\u0131\u015ft\u0131r&#8221; diyen Bah\u00e7eli, \u015f\u00f6yle konu\u015ftu:<\/p>\n<p style=\"text-align: justify;\">&#8220;M\u00fccadelenin asimetrik oldu\u011funu s\u00f6yleyenler asl\u0131nda ter\u00f6r \u00f6rg\u00fct\u00fcn\u00fcn arkas\u0131ndaki k\u00fcresel deste\u011fi saklamaya \u00e7al\u0131\u015fanlard\u0131r. Bu belan\u0131n art\u0131k T\u00fcrk milletinin gelece\u011finden mutlaka ve kesin olarak defedilmesinin zaman\u0131 \u00e7oktan gelmi\u015f ve ge\u00e7mektedir. Ancak burada bu defetme ve temizleme i\u015fleminin nas\u0131l yap\u0131laca\u011f\u0131 konusunda ayr\u0131l\u0131klar vard\u0131r. Biz, son ter\u00f6rist teslim oluncaya veya ter\u00f6r yuvalar\u0131 temizleninceye kadar m\u00fccadeleden taraf\u0131z ve bu konuda kararl\u0131y\u0131z.<\/p>\n<p style=\"text-align: justify;\">Buna kar\u015f\u0131l\u0131k, AKP&#8217;nin tezi ter\u00f6ristin taleplerini siyasete ve anayasal d\u00fczene indirerek kar\u015f\u0131lamak ve g\u00f6n\u00fclleri ho\u015f tutarak ter\u00f6r\u00fc s\u00f6zde \u00f6nlemek ama \u00f6zde d\u00f6n\u00fc\u015ft\u00fcrmektir.<\/p>\n<p style=\"text-align: justify;\">Bu konuda en b\u00fcy\u00fck yan\u0131lg\u0131lar\u0131 e\u011fer bir kas\u0131t i\u00e7inde de\u011fillerse ter\u00f6r\u00fc bir kimlik sorunu olarak g\u00f6rerek, konuyu, milleti par\u00e7alayarak \u00e7\u00f6zeceklerini zannetmi\u015f olmalar\u0131d\u0131r. Oysa bu yakla\u015f\u0131m, kanl\u0131 ter\u00f6r \u00f6rg\u00fct\u00fcn\u00fcn y\u0131llardan beri ula\u015fmay\u0131 hedefledi\u011fi ama bir yolla g\u00f6sterilen diren\u00e7 sayesinde ula\u015famad\u0131\u011f\u0131 nihai hedeftir. Zira ter\u00f6r \u00f6rg\u00fct\u00fc b\u00fct\u00fcn gayret ve eylemlerine ra\u011fmen y\u0131llarca siyasal taban tutturamam\u0131\u015f, emellerini ger\u00e7ekle\u015ftirme yolunda f\u0131rsat bulamam\u0131\u015ft\u0131r.&#8221;<\/p>\n<p style=\"text-align: justify;\">&#8220;AKP zihniyetinin tamamen d\u0131\u015f dayatmalardan beslenen ve b\u00f6lgesel oyunlardan kaynaklanan teslimiyet\u00e7i siyasetinin, tam  \u00fcmitleri t\u00fckenme noktas\u0131ndayken PKK ter\u00f6r \u00f6rg\u00fct\u00fcne yeni bir kap\u0131 aralad\u0131\u011f\u0131n\u0131&#8221; \u00f6ne s\u00fcren Bah\u00e7eli, &#8220;Bu ise b\u00f6l\u00fcc\u00fcl\u00fc\u011f\u00fcn siyasalla\u015fmas\u0131 yolunda yeni ve daha \u00f6nemli bir vas\u0131ta olan AKP kadrolar\u0131n\u0131 kullanma imkan\u0131 vermi\u015ftir&#8221; dedi.<\/p>\n<p style=\"text-align: justify;\">&#8220;B\u00fct\u00fcn bu s\u00fcrecin sorumlusu ve m\u00fcsebbibi AKP h\u00fck\u00fcmetidir. Yanl\u0131\u015f\u0131, hatay\u0131 ve ihaneti ba\u015fka adreste aramaya mahal yoktur&#8221; diye konu\u015fan Bah\u00e7eli, \u015f\u00f6yle devam etti:<\/p>\n<p style=\"text-align: justify;\">&#8220;Bug\u00fcn Mehmet\u00e7i\u011fi katledenlerin arkada\u015flar\u0131, d\u00fcn Habur&#8217;da davul-zurnalarla kar\u015f\u0131lan\u0131rken, bu namertli\u011fi &#8216;umut verici geli\u015fmeler&#8217; diyerek izaha \u00e7abalayan bu h\u00fck\u00fcmettir. Ter\u00f6r \u00f6rg\u00fct\u00fc ile pazarl\u0131k yapan, a\u00e7\u0131l\u0131m mezalimini demokratikle\u015fme olarak g\u00f6ren; \u015fehide &#8216;kelle&#8217;, katile &#8216;say\u0131n&#8217; diyen bu h\u00fck\u00fcmettir. Irak&#8217;\u0131n kuzeyinden gelerek vatan\u0131m\u0131za kasteden \u015feref ve haysiyet yoksunlar\u0131n\u0131 destekleyen Pe\u015fmerge reisine &#8216;abi&#8217; diyen bu h\u00fck\u00fcmettir. Da\u011fl\u0131ca&#8217;da, Akt\u00fct\u00fcn&#8217;de bayra\u011f\u0131m\u0131z\u0131n yere d\u00fc\u015fmemesi, milletimizin rahat uyumas\u0131, ba\u011f\u0131ms\u0131zl\u0131\u011f\u0131m\u0131z\u0131n g\u00f6lgelenmemesi i\u00e7in \u015fehitlerimizin kanlar\u0131n\u0131 yerde b\u0131rakan bu h\u00fck\u00fcmettir.<\/p>\n<p style=\"text-align: justify;\">Gazze&#8217;ye yard\u0131m konusunda aceleci olan, herkese kafa tutan; ama s\u0131ra PKK&#8217;ya gelince efendilerine kar\u015f\u0131 tepkisiz kalan bu h\u00fck\u00fcmettir. Zillete g\u00f6z yuman, \u0130mral\u0131 canisini rahat ettiren, ABD&#8217;ye teslim olan, Irak&#8217;ta M\u00fcsl\u00fcman kan\u0131n\u0131n akmas\u0131na seyirci kalan bu h\u00fck\u00fcmettir. \u00c7ekilen her s\u0131k\u0131nt\u0131n\u0131n ve \u0131st\u0131rab\u0131n sorumlusu, kanl\u0131 eylemleri ger\u00e7ekle\u015ftiren hainler kadar bunlara f\u0131rsat ve c\u00fcret veren bu H\u00fck\u00fcmet&#8217;tir, bu h\u00fck\u00fcmetin Ba\u015fbakan\u0131 Erdo\u011fan&#8217;d\u0131r.&#8221;<\/p>\n<p style=\"text-align: justify;\"><strong>&#8220;Sand\u0131k \u00fclke i\u00e7in kurtulu\u015f olacakt\u0131r&#8221; <\/strong><\/p>\n<p style=\"text-align: justify;\">Ba\u015fbakan Erdo\u011fan ve kadrolar\u0131n\u0131n t\u00fckendi\u011fini ileri s\u00fcren Bah\u00e7eli, &#8220;H\u00fck\u00fcmet y\u00f6netim kabiliyetini t\u00fcm\u00fcyle yitirmi\u015ftir. \u00dclkemizin sorunlar\u0131n\u0131n \u00e7\u00f6z\u00fcm inisiyatifi AKP&#8217;nin elinden b\u00fct\u00fcn\u00fcyle \u00e7\u0131km\u0131\u015ft\u0131r. Milletin vicdan\u0131nda me\u015fruiyetini de haysiyetini de kaybetmi\u015ftir&#8221; dedi.<\/p>\n<p style=\"text-align: justify;\">Devlet Bah\u00e7eli, &#8220;Sahte kahramanl\u0131klar, kuru hamasetten ba\u015fka s\u0131\u011f\u0131naca\u011f\u0131 istismar alan\u0131 kalmam\u0131\u015ft\u0131r. Bug\u00fcnk\u00fc Meclis aritmeti\u011fi AKP d\u0131\u015f\u0131nda bir h\u00fck\u00fcmet etme modeline kapal\u0131d\u0131r. AKP i\u00e7inde bir h\u00fck\u00fcmet de\u011fi\u015fiminin Ba\u015fbakan Erdo\u011fan&#8217;\u0131n pe\u015fine tak\u0131larak sonu\u00e7 getirmeyece\u011fi de ortadad\u0131r. Milliyet\u00e7i Hareket Partisi bu ger\u00e7ekleri aylar \u00f6ncesinden g\u00f6rerek 7 Ocak 2010 tarihini &#8216;AKP&#8217;den kurtulu\u015f g\u00fcn\u00fc&#8217; olarak ilan etmi\u015ftir. Aradan ge\u00e7en s\u00fcrede ya\u015fananlar bizi hakl\u0131 \u00e7\u0131karm\u0131\u015ft\u0131r.<\/p>\n<p style=\"text-align: justify;\">\u015eimdi bu hakl\u0131l\u0131\u011f\u0131m\u0131z\u0131n millet vicdan\u0131nda ve milli iradede tescili i\u00e7in demokratik kurallar\u0131n i\u015fletilmesi ve erken genel se\u00e7ime gidilmesi \u015fart olmu\u015ftur. T\u00fcrkiyemizin daha fazla oyalanacak vakti ve bekleyecek mecali kalmam\u0131\u015ft\u0131r. Se\u00e7im sand\u0131\u011f\u0131 \u00fclkemiz i\u00e7in kurtulu\u015f olacakt\u0131r. O g\u00fcn geldi\u011finde, B\u00fcy\u00fck Ortado\u011fu E\u015fba\u015fkan\u0131 gidecek, T\u00fcrk milletinin temsilcileri gelecektir. Yabanc\u0131 ba\u015fkentlerde boyun e\u011fenler gidecek, D\u00fcnyaya Ba\u015fkent Ankara&#8217;dan bakanlar gelecektir&#8221; diye konu\u015ftu.<\/p>\n<p style=\"text-align: justify;\"><strong>&#8220;Sokak deste\u011fi&#8230;&#8221; <\/strong><\/p>\n<p style=\"text-align: justify;\">T\u0131rmanan ter\u00f6r dalgas\u0131n\u0131n b\u00fct\u00fcn yurtta hassasiyeti art\u0131rd\u0131\u011f\u0131n\u0131, \u00f6fke ve hakl\u0131 infiale neden oldu\u011funu ifade eden Bah\u00e7eli, kalabal\u0131k cenaze t\u00f6renleri ve ter\u00f6r\u00fc lanetleyen g\u00f6sterilerin bu durumun g\u00f6stergesi oldu\u011funu savundu.<\/p>\n<p style=\"text-align: justify;\">Milletin, \u015fehitlerini kucaklama yolunda g\u00f6sterdi\u011fi kadir\u015finasl\u0131k ve sahiplenme duygusunun her t\u00fcrl\u00fc takdirin \u00fczerinde oldu\u011funu belirten Bah\u00e7eli, \u015funlar\u0131 s\u00f6yledi:<\/p>\n<p style=\"text-align: justify;\">&#8220;\u00c7ok \u015f\u00fck\u00fcr ki milletimizde bizi millet yapan hasletler hala ya\u015famakta, bizi bir arada tutan manevi de\u011ferler canl\u0131l\u0131\u011f\u0131n\u0131 b\u00fct\u00fcn tahribatlara kar\u015f\u0131 korumaktad\u0131r. Ancak son geli\u015fmelerle beraber g\u00f6zlemledi\u011fimiz iki \u00f6nemli husus dikkat \u00e7ekicidir ve \u00fczerinde durulmas\u0131 gerekmektedir. Birincisi, giderek gerginle\u015fen toplumun \u00f6fkesini yanl\u0131\u015f mecralara bo\u015faltaca\u011f\u0131 bir k\u00fc\u00e7\u00fck k\u0131v\u0131lc\u0131m\u0131n b\u00fcy\u00fck olaylara neden olmas\u0131 ihtimalinin artm\u0131\u015f bulunmas\u0131d\u0131r. Bu konuda hepimizin dikkatli ve sa\u011fduyulu olmas\u0131 \u015fartt\u0131r. \u0130kincisi ise ter\u00f6rle m\u00fccadeleden ba\u015far\u0131 ile \u00e7\u0131k\u0131laca\u011f\u0131na dair beklentilerin zay\u0131flam\u0131\u015f olmas\u0131 ve bu m\u00fccadelenin sorumlu kurumlar\u0131 ve stratejileri ile birlikte sorgulanmaya ba\u015flanmas\u0131d\u0131r. Bu iki husus da son derece \u00f6nemlidir ve ter\u00f6rle m\u00fccadelenin sonucunu do\u011frudan etkileyecek kadar kritik hususlard\u0131r. Ter\u00f6r\u00fcn \u00f6zellikle bir y\u00f6remizde yo\u011funla\u015f\u0131yor olmas\u0131 ve art\u0131\u015f g\u00f6stermesi, burada ola\u011fan y\u00f6netimlerin yetersizli\u011finin i\u015faretidir.<\/p>\n<p style=\"text-align: justify;\">Zira geli\u015fen olaylar m\u00fcnferiden, seyrek ve anl\u0131k de\u011fil, bir ya da birka\u00e7 ili i\u00e7ine alacak kadar yayg\u0131n, \u00f6rg\u00fctl\u00fc ve sistematiktir.<\/p>\n<p style=\"text-align: justify;\">Ter\u00f6r \u00f6rg\u00fct\u00fc, hi\u00e7 olmad\u0131\u011f\u0131 kadar sokak deste\u011fi almaya ba\u015flam\u0131\u015f, hain emellerini alenen kitleler \u00fczerinden yaymaya ve meydan okumaya ba\u015flam\u0131\u015ft\u0131r. Diledi\u011fi yerde eylem yapacak hareket ve olay \u00fcst\u00fcnl\u00fc\u011f\u00fcne sahip olmu\u015f, \u00fclkemizin g\u00fcndemini belirlemede inisiyatif kazanm\u0131\u015ft\u0131r. Birbiriyle yo\u011fun irtibat ve koordinasyon gerektiren ter\u00f6rle m\u00fccadele faaliyetlerinde kopukluk, da\u011f\u0131n\u0131kl\u0131k, disiplin, uygulamada beraberli\u011fin yeterince olmad\u0131\u011f\u0131 da a\u00e7\u0131kt\u0131r.&#8221;<\/p>\n<p style=\"text-align: justify;\"><strong>&#8220;OHAL&#8217;in varl\u0131\u011f\u0131n\u0131 gerektiren \u015fartlar mevcuttur&#8221; <\/strong><\/p>\n<p style=\"text-align: justify;\">Bah\u00e7eli, g\u00fcvenlik g\u00fc\u00e7lerine ek imkanlar sunarak, kamu d\u00fczeninin istikrara kavu\u015fturulmas\u0131 i\u00e7in Ola\u011fan\u00fcst\u00fc Hal (OHAL) ilan\u0131 \u00f6nerdiklerini an\u0131msatt\u0131.<\/p>\n<p style=\"text-align: justify;\">Medyada, &#8220;bilindik \u00e7evrelerin ve mihraklar\u0131n&#8221; bu teklife y\u00f6nelik g\u00f6r\u00fc\u015flerine dikkati \u00e7eken Bah\u00e7eli, \u015funlar\u0131 kaydetti:<\/p>\n<p style=\"text-align: justify;\">&#8220;Dikkatli olunuz ve takip ediniz; kim y\u0131k\u0131m projesini sahipleniyorsa s\u00fctunlar\u0131nda OHAL&#8217;e de kar\u015f\u0131 olanlar ayn\u0131d\u0131r. Kim, d\u00fcn hepimizin &#8216;Ermeniyiz&#8217; demi\u015fse, bug\u00fcn OHAL&#8217;e kar\u015f\u0131 olanlar da ayn\u0131d\u0131r. Kim, Erbil&#8217;de Pe\u015fmerge toplant\u0131lar\u0131na alk\u0131\u015f tutmu\u015fsa, bug\u00fcn OHAL&#8217;e k\u00f6\u015felerinde kar\u015f\u0131 \u00e7\u0131kan onlard\u0131r. Demek ki teklifimiz do\u011frudur, hedefimiz do\u011frudur, isabetimiz tamd\u0131r. Elbette ki ola\u011fan\u00fcst\u00fc hal ilan\u0131, ya\u015fanan \u015fartlar\u0131n b\u00fct\u00fcn\u00fcyle de\u011ferlendirilmesi sonucu verilecektir. Ancak 1987 y\u0131l\u0131nda ilk ilan edildi\u011fi tarihten uzat\u0131lmad\u0131\u011f\u0131 i\u00e7in kalkt\u0131\u011f\u0131 2002 y\u0131l\u0131na kadar OHAL&#8217;in varl\u0131\u011f\u0131n\u0131 gerektiren b\u00fct\u00fcn \u015fartlar bug\u00fcn fazlas\u0131yla mevcuttur.<\/p>\n<p style=\"text-align: justify;\">\u015eayet, a\u00e7\u0131l\u0131mdan vazge\u00e7ilmesi, Kuzey Irak&#8217;a kar\u015f\u0131 cayd\u0131r\u0131c\u0131l\u0131k stratejisinin uygulanmas\u0131, Irak&#8217;\u0131n kuzeyindeki ter\u00f6r yuvalar\u0131na geni\u015f \u00e7apl\u0131 bir kara harekat\u0131 yap\u0131lmas\u0131, Kuzey Irak&#8217;ta ge\u00e7ici g\u00fcvenlik ku\u015fa\u011f\u0131 olu\u015fturulmas\u0131, Kandil b\u00f6lgesinin ter\u00f6r karargah\u0131 olmaktan \u00e7\u0131kart\u0131lmas\u0131 ve ter\u00f6rist ba\u015f\u0131n\u0131n d\u0131\u015f d\u00fcnyayla temas\u0131n\u0131n kesilmesi gibi somut \u00f6nerilerimizin yan\u0131 s\u0131ra ola\u011fan\u00fcst\u00fc hal ilan\u0131na y\u00f6nelik teklifimizin de dikkate al\u0131nmamas\u0131 halinde, d\u00f6k\u00fclecek kanlar\u0131n sorumlulu\u011fu ve vebali nafile toplant\u0131 ve bo\u015f s\u00f6zlerle oyalananlar\u0131n \u00fcst\u00fcnde kalacakt\u0131r ve unutmayal\u0131m ki aziz milletimiz s\u00fcreci bir kez sorgulamaya ba\u015flad\u0131\u011f\u0131 takdirde hi\u00e7 kimse duyars\u0131zl\u0131klar\u0131n\u0131n, k\u00f6rl\u00fcklerinin ve ihmallerinin bedelini \u00f6demekten kurtulamayacakt\u0131r. T\u00fcrk milletinin sabr\u0131, sadakati, sayg\u0131s\u0131 ve deste\u011fi sonsuza kadar hata yapmaya devam edeceklerin arkas\u0131nda olmayacakt\u0131r. Buradan muhataplar\u0131n\u0131 uyar\u0131yorum: Bilinmelidir ki bu \u00fclkeye zarar verenler yaln\u0131zca b\u00f6l\u00fcc\u00fc emellerin pe\u015finde ko\u015fanlar de\u011fil, milletten ald\u0131\u011f\u0131 siyasi sorumlulu\u011fun fark\u0131na varamam\u0131\u015f olanlarla kalemlerini kiralam\u0131\u015f i\u015fbirlik\u00e7i zavall\u0131 zihniyetlerdir.&#8221;<\/p>\n<p style=\"text-align: justify;\"><span style=\"color: #888888;\">CNN T\u00dcRK<\/span><\/p>\n","protected":false},"excerpt":{"rendered":"<\/p>\n<p style=\"text-align: justify;\">MHP Genel Ba\u015fkan\u0131 Devlet Bah\u00e7eli, ter\u00f6r sald\u0131r\u0131lar\u0131yla ilgili olarak &#8220;Dayanacak takatimiz, bekleyecek zaman\u0131m\u0131z ve katlanacak tahamm\u00fcl\u00fcm\u00fcz kalmam\u0131\u015ft\u0131r&#8221; dedi ve &#8220;B\u00f6l\u00fcc\u00fcl\u00fc\u011f\u00fc azd\u0131ran\u0131n AKP h\u00fck\u00fcmeti oldu\u011funun art\u0131k bilindi\u011fini&#8221; s\u00f6yledi.<\/p>\n<p style=\"text-align: justify;\">Bah\u00e7eli, partisinin grup toplant\u0131s\u0131nda yapt\u0131\u011f\u0131 konu\u015fmada, son g\u00fcnlerde meydana gelen ter\u00f6r sald\u0131r\u0131lar\u0131n\u0131 an\u0131msatarak, \u015fehitlere Allah&#8217;tan rahmet, yaral\u0131lara acil \u015fifalar, ailelere, millete ve silah <\/p>\n","protected":false},"author":1,"featured_media":0,"comment_status":"open","ping_status":"closed","sticky":false,"template":"","format":"standard","meta":{"footnotes":""},"categories":[105],"tags":[],"class_list":["post-23820","post","type-post","status-publish","format-standard","hentry","category-gundem","odd"],"_links":{"self":[{"href":"http:\/\/www.korhanyilmaz.com\/index.php?rest_route=\/wp\/v2\/posts\/23820","targetHints":{"allow":["GET"]}}],"collection":[{"href":"http:\/\/www.korhanyilmaz.com\/index.php?rest_route=\/wp\/v2\/posts"}],"about":[{"href":"http:\/\/www.korhanyilmaz.com\/index.php?rest_route=\/wp\/v2\/types\/post"}],"author":[{"embeddable":true,"href":"http:\/\/www.korhanyilmaz.com\/index.php?rest_route=\/wp\/v2\/users\/1"}],"replies":[{"embeddable":true,"href":"http:\/\/www.korhanyilmaz.com\/index.php?rest_route=%2Fwp%2Fv2%2Fcomments&post=23820"}],"version-history":[{"count":0,"href":"http:\/\/www.korhanyilmaz.com\/index.php?rest_route=\/wp\/v2\/posts\/23820\/revisions"}],"wp:attachment":[{"href":"http:\/\/www.korhanyilmaz.com\/index.php?rest_route=%2Fwp%2Fv2%2Fmedia&parent=23820"}],"wp:term":[{"taxonomy":"category","embeddable":true,"href":"http:\/\/www.korhanyilmaz.com\/index.php?rest_route=%2Fwp%2Fv2%2Fcategories&post=23820"},{"taxonomy":"post_tag","embeddable":true,"href":"http:\/\/www.korhanyilmaz.com\/index.php?rest_route=%2Fwp%2Fv2%2Ftags&post=23820"}],"curies":[{"name":"wp","href":"https:\/\/api.w.org\/{rel}","templated":true}]}}