{"id":23814,"date":"2010-06-22T09:28:27","date_gmt":"2010-06-22T09:28:27","guid":{"rendered":"http:\/\/www.korhanyilmaz.com\/?p=23814"},"modified":"2010-06-22T09:28:27","modified_gmt":"2010-06-22T09:28:27","slug":"gumushanede-pkk-ile-catisma","status":"publish","type":"post","link":"http:\/\/www.korhanyilmaz.com\/?p=23814","title":{"rendered":"G\u00fcm\u00fc\u015fhane&#8217;de PKK ile \u00e7at\u0131\u015fma"},"content":{"rendered":"<p><a href=\"http:\/\/www.korhanyilmaz.com\/wp-content\/uploads\/2010\/06\/122.jpg\"  class=\"lightview\"><img loading=\"lazy\" decoding=\"async\" class=\"aligncenter size-full wp-image-23815\" src=\"http:\/\/www.korhanyilmaz.com\/wp-content\/uploads\/2010\/06\/122.jpg\" alt=\"\" width=\"292\" height=\"194\" \/><\/a><\/p>\n<p style=\"text-align: justify;\">G\u00fcm\u00fc\u015fhane&#8217;nin Kelkit il\u00e7esi k\u0131rsal\u0131nda g\u00fcvenlik g\u00fc\u00e7leri ile ter\u00f6ristler aras\u0131nda \u00e7\u0131kan \u00e7at\u0131\u015fmada 2 ter\u00f6rist etkisiz hale getirildi, 1 ter\u00f6rist yaral\u0131 yakaland\u0131.<\/p>\n<p style=\"text-align: justify;\">Kelkit Belediye Ba\u015fkan\u0131 Muammer Duran, Kelkit il\u00e7esi k\u0131rsal\u0131nda operasyonlar\u0131n\u0131 s\u00fcrd\u00fcren g\u00fcvenlik g\u00fc\u00e7lerinin Kara\u00e7ay\u0131r k\u00f6y\u00fc yak\u0131nlar\u0131nda bir grup PKK&#8217;l\u0131 ter\u00f6ristle kar\u015f\u0131la\u015ft\u0131klar\u0131n\u0131, g\u00fcvenlik g\u00fc\u00e7lerinin &#8220;dur&#8221; ihtar\u0131na ter\u00f6ristlerin ate\u015fle kar\u015f\u0131l\u0131k vermesi \u00fczerine \u00e7at\u0131\u015fma \u00e7\u0131kt\u0131\u011f\u0131n\u0131 s\u00f6yledi. <!--more--><\/p>\n<p style=\"text-align: justify;\">\u00c7at\u0131\u015fmada 2 ter\u00f6ristin silahlar\u0131yla birlikte etkisiz hale getirildi\u011fini, 1 ter\u00f6ristin de yaral\u0131 halde yakaland\u0131\u011f\u0131n\u0131 bildiren Duran, b\u00f6lgede operasyonlar\u0131n s\u00fcrd\u00fcr\u00fcld\u00fc\u011f\u00fcn\u00fc kaydetti.<\/p>\n<p style=\"text-align: justify;\"><strong>\u015e\u0131rnak&#8217;ta 7 ter\u00f6rist teslim oldu <\/strong><\/p>\n<p style=\"text-align: justify;\">Bu arada \u015e\u0131rnak&#8217;ta 7 ter\u00f6ristin teslim oldu\u011fu bildirildi.<\/p>\n<p style=\"text-align: justify;\">Genelkurmay Ba\u015fkanl\u0131\u011f\u0131&#8217;n\u0131n internet sitesinde yer alan duyuruya g\u00f6re, b\u00f6l\u00fcc\u00fc ter\u00f6r \u00f6rg\u00fct\u00fcn\u00fcn Irak kuzeyinde bulunan bar\u0131nma alanlar\u0131ndan ka\u00e7an yedi ter\u00f6rist, \u015e\u0131rnak&#8217;\u0131n Silopi il\u00e7esinde g\u00fcvenlik g\u00fc\u00e7lerine \u00f6nceki g\u00fcn teslim oldu.<\/p>\n<p style=\"text-align: justify;\"><span style=\"color: #888888;\">CNN T\u00dcRK<\/span><\/p>\n","protected":false},"excerpt":{"rendered":"<\/p>\n<p style=\"text-align: justify;\">G\u00fcm\u00fc\u015fhane&#8217;nin Kelkit il\u00e7esi k\u0131rsal\u0131nda g\u00fcvenlik g\u00fc\u00e7leri ile ter\u00f6ristler aras\u0131nda \u00e7\u0131kan \u00e7at\u0131\u015fmada 2 ter\u00f6rist etkisiz hale getirildi, 1 ter\u00f6rist yaral\u0131 yakaland\u0131.<\/p>\n<p style=\"text-align: justify;\">Kelkit Belediye Ba\u015fkan\u0131 Muammer Duran, Kelkit il\u00e7esi k\u0131rsal\u0131nda operasyonlar\u0131n\u0131 s\u00fcrd\u00fcren g\u00fcvenlik g\u00fc\u00e7lerinin Kara\u00e7ay\u0131r k\u00f6y\u00fc yak\u0131nlar\u0131nda bir grup PKK&#8217;l\u0131 ter\u00f6ristle kar\u015f\u0131la\u015ft\u0131klar\u0131n\u0131, g\u00fcvenlik g\u00fc\u00e7lerinin &#8220;dur&#8221; ihtar\u0131na ter\u00f6ristlerin ate\u015fle kar\u015f\u0131l\u0131k vermesi \u00fczerine \u00e7at\u0131\u015fma <\/p>\n","protected":false},"author":1,"featured_media":0,"comment_status":"open","ping_status":"closed","sticky":false,"template":"","format":"standard","meta":{"footnotes":""},"categories":[105],"tags":[],"class_list":["post-23814","post","type-post","status-publish","format-standard","hentry","category-gundem","odd"],"_links":{"self":[{"href":"http:\/\/www.korhanyilmaz.com\/index.php?rest_route=\/wp\/v2\/posts\/23814","targetHints":{"allow":["GET"]}}],"collection":[{"href":"http:\/\/www.korhanyilmaz.com\/index.php?rest_route=\/wp\/v2\/posts"}],"about":[{"href":"http:\/\/www.korhanyilmaz.com\/index.php?rest_route=\/wp\/v2\/types\/post"}],"author":[{"embeddable":true,"href":"http:\/\/www.korhanyilmaz.com\/index.php?rest_route=\/wp\/v2\/users\/1"}],"replies":[{"embeddable":true,"href":"http:\/\/www.korhanyilmaz.com\/index.php?rest_route=%2Fwp%2Fv2%2Fcomments&post=23814"}],"version-history":[{"count":0,"href":"http:\/\/www.korhanyilmaz.com\/index.php?rest_route=\/wp\/v2\/posts\/23814\/revisions"}],"wp:attachment":[{"href":"http:\/\/www.korhanyilmaz.com\/index.php?rest_route=%2Fwp%2Fv2%2Fmedia&parent=23814"}],"wp:term":[{"taxonomy":"category","embeddable":true,"href":"http:\/\/www.korhanyilmaz.com\/index.php?rest_route=%2Fwp%2Fv2%2Fcategories&post=23814"},{"taxonomy":"post_tag","embeddable":true,"href":"http:\/\/www.korhanyilmaz.com\/index.php?rest_route=%2Fwp%2Fv2%2Ftags&post=23814"}],"curies":[{"name":"wp","href":"https:\/\/api.w.org\/{rel}","templated":true}]}}