{"id":23809,"date":"2010-06-22T10:08:34","date_gmt":"2010-06-22T10:08:34","guid":{"rendered":"http:\/\/www.korhanyilmaz.com\/?p=23809"},"modified":"2010-06-22T10:08:34","modified_gmt":"2010-06-22T10:08:34","slug":"guardian-turkiye%e2%80%99nin-%e2%80%98sifir-sorun%e2%80%99-politikasi-fiyasko","status":"publish","type":"post","link":"http:\/\/www.korhanyilmaz.com\/?p=23809","title":{"rendered":"Guardian: T\u00fcrkiye&#8217;nin s\u0131f\u0131r sorun politikas\u0131 fiyaskodur"},"content":{"rendered":"<p style=\"text-align: center;\"><a href=\"http:\/\/www.korhanyilmaz.com\/wp-content\/uploads\/2010\/06\/121.jpg\"  class=\"lightview\"><img loading=\"lazy\" decoding=\"async\" class=\"aligncenter size-full wp-image-23810\" src=\"http:\/\/www.korhanyilmaz.com\/wp-content\/uploads\/2010\/06\/121.jpg\" alt=\"\" width=\"307\" height=\"236\" \/><\/a><\/p>\n<p style=\"text-align: justify;\">The Guardian\u2019\u0131n tan\u0131nm\u0131\u015f k\u00f6\u015fe yazar\u0131 Simon Tisdall, T\u00fcrkiye\u2019nin \u201cs\u0131f\u0131r sorun\u201d politikas\u0131n\u0131n ba\u015far\u0131s\u0131z oldu\u011funu savundu\u011fu yorumunda, \u201cT\u00fcrk h\u00fck\u00fcmetinin, b\u00f6lgesel g\u00fc\u00e7 olma giri\u015fiminin her d\u00f6nemecinde ba\u015f\u0131 belaya giriyor\u201d g\u00f6r\u00fc\u015f\u00fcn\u00fc \u00f6ne s\u00fcrd\u00fc.<!--more--><\/p>\n<p style=\"text-align: justify;\">The Guardian\u2019\u0131n tan\u0131nm\u0131\u015f k\u00f6\u015fe yazar\u0131 Simon Tisdall, \u201cs\u0131f\u0131r sorun\u201d politikas\u0131n\u0131n \u201cfiyasko\u201d oldu\u011funu iddia ederken \u00e7e\u015fitli \u00f6rnekleri vererek, \u201cT\u00fcrk h\u00fck\u00fcmetinin, b\u00f6lgesel g\u00fc\u00e7 olma giri\u015fiminin her d\u00f6nemecinde ba\u015f\u0131 belaya giriyor\u201d g\u00f6r\u00fc\u015f\u00fcn\u00fc \u00f6ne s\u00fcrd\u00fc.<\/p>\n<p style=\"text-align: justify;\">Simon Tisdall, \u201cT\u00fcrkiye\u2019nin \u2018s\u0131f\u0131r sorun\u2019 politikas\u0131 fiyaskodur\u201d ba\u015fl\u0131kl\u0131 yaz\u0131s\u0131nda \u201cT\u00fcrk h\u00fck\u00fcmetinin, b\u00f6lgesel g\u00fc\u00e7 olma giri\u015fiminin her d\u00f6nemecinde ba\u015f\u0131 belaya giriyor\u201d dedi. Halen T\u00fcrkiye\u2019de \u015fiddet t\u0131rman\u0131\u015f\u0131n\u0131n, Erdo\u011fan h\u00fck\u00fcmetinin \u201cK\u00fcrt sorunu\u201dnun \u00e7\u00f6z\u00fcm\u00fcnde daha ne kadar kat edecek yolu oldu\u011funu g\u00f6sterdi\u011fini belirten Tisdall, s\u00f6zlerini \u015f\u00f6yle s\u00fcrd\u00fcrd\u00fc:<\/p>\n<p style=\"text-align: justify;\">\u201cAncak yeniden ba\u015flayan \u00e7at\u0131\u015fmalar, daha geni\u015f bir sorunu da g\u00fcndeme getiriyor. Bu da, Erdo\u011fan ve y\u00fcksek profili D\u0131\u015fi\u015fleri Bakan\u0131 Ahmet Davuto\u011flu\u2019nun benimsedikleri \u2018kom\u015fularla s\u0131f\u0131r sorun\u2019 politikas\u0131n\u0131n ne \u00f6l\u00e7\u00fcde elde tutulur, kal\u0131c\u0131 sonu\u00e7lar\u0131 \u00fcretti\u011fi meselesi. \u00c7ok say\u0131da cephede b\u00fcy\u00fck iddialar, \u00e7etin ger\u00e7eklerle kar\u015f\u0131 kar\u015f\u0131ya geliyor.\u201d<\/p>\n<p style=\"text-align: justify;\"><strong>\u201cERDO\u011eAN\u2019IN G\u0130R\u0130\u015e\u0130M\u0130, GER\u0130L\u0130MLER\u0130 AZALTMAK YER\u0130NE ALEVLEND\u0130RD\u0130\u201d<\/strong><\/p>\n<p style=\"text-align: justify;\">Ba\u015fbakan Erdo\u011fan\u2019\u0131n PKK\u2019n\u0131n ge\u00e7en Cumartesi g\u00fcn\u00fc 11 asker \u00f6ld\u00fcrmesini sert dille k\u0131narken belki Ankara\u2019n\u0131n askeri olmayan \u00f6nlemlerin \u00e7ok az somut sonu\u00e7lar\u0131 sa\u011flamas\u0131ndan duydu\u011fu hayal k\u0131r\u0131kl\u0131\u011f\u0131n\u0131 da yans\u0131tt\u0131\u011f\u0131n\u0131 da kaydeden Tisdall, T\u00fcrkiye\u2019nin \u201cs\u0131f\u0131r sorun\u201d politikas\u0131n\u0131n \u201cKaraba\u011f\u201d konusunda da sorun ya\u015fad\u0131\u011f\u0131n\u0131, tarihi T\u00fcrk-Ermeni mutabakat\u0131n\u0131n ise, Azerbaycan\u2019\u0131n \u00f6fkeli tepkilere yol a\u00e7arak geri tepti\u011fini savunurken, \u201cErdo\u011fan\u2019\u0131n giri\u015fimi, gerilimleri azaltmak yerine alevlendirdi\u201d yorumunu yapt\u0131.<\/p>\n<p style=\"text-align: justify;\">Simon Tisdall, T\u00fcrkiye\u2019nin b\u00f6lgesel g\u00fc\u00e7 olma iddias\u0131na ra\u011fmen T\u00fcrk s\u00f6ylemlerinin paralelinde K\u0131br\u0131s\u2019ta ikna edici ad\u0131mlar\u0131n olmad\u0131\u011f\u0131n\u0131 savundu\u011fu yaz\u0131s\u0131nda Erdo\u011fan\u2019\u0131n \u00f6nemli bir kom\u015fu olan \u0130ran ile ili\u015fkileri iyile\u015ftirdi\u011fini, ancak BM G\u00fcvenlik Konseyi\u2019nde yapt\u0131r\u0131mlara kar\u015f\u0131 oy kullanarak ABD ve Avrupa\u2019y\u0131 rahats\u0131z ederken \u0130ran Cumhurba\u015fkan\u0131 Amenidejad\u2019\u0131 \u00e7ok mutlu etti\u011fini kaydetti. \u201cGazze filosu facias\u0131ndan sonra \u0130srail ile ili\u015fkilerin en d\u00fc\u015f\u00fck d\u00fczeyde bulundu\u011fu\u201d da belirtilen yorumda, \u015f\u00f6yle devam edildi:<\/p>\n<p style=\"text-align: justify;\"><strong>\u201cSTRATEJ\u0130K KAYMA\u201d SPEK\u00dcLASYONLARINA YOL A\u00c7ILDI<\/strong><\/p>\n<p style=\"text-align: justify;\">\u201cErdo\u011fan\u2019\u0131n b\u00f6lgesel d\u0131\u015f politika inisiyatifleri, \u0130ran ile fl\u00f6rt etmesi, \u0130srail ile ayr\u0131\u015fmas\u0131 ve \u015f\u00fcpheli olarak g\u00f6r\u00fclen Suriye gibi \u00fclkelere kur yapmas\u0131, Bat\u0131l\u0131 yorumcular\u0131n, T\u00fcrk politikas\u0131nda, AKP\u2019nin yurt i\u00e7inde bir neo \u0130slamc\u0131 g\u00fcndemi takip etmesinin paralelinde, Bat\u0131 ve NATO\u2019dan uzakla\u015f\u0131p Arap ve M\u00fcsl\u00fcman d\u00fcnyalar\u0131na do\u011fru bir \u2018stratejik kayma\u2019 konusunda spek\u00fclasyon yapmalar\u0131na yol a\u00e7t\u0131.<\/p>\n<p style=\"text-align: justify;\">The Guardian yazar\u0131, bu \u201cstratejik kayma\u201d yorumlar\u0131n\u0131n \u00f6rneklerini verdikten sonra ABD Kongresi\u2019nde de \u201cAlg\u0131lanan kayman\u0131n kuvvetli bir bi\u00e7imde ele\u015ftirildi\u011fi\u201dne, ABD Savunma Bakan\u0131 Robert Gates\u2019in de AB\u2019yi su\u00e7lad\u0131\u011f\u0131na dikkat \u00e7ekti.<\/p>\n<p style=\"text-align: justify;\"><strong>&#8220;ELLER\u0130NE, Y\u00dcZLER\u0130NE BULA\u015eTIRIYORLAR&#8221;<\/strong><\/p>\n<p style=\"text-align: justify;\">Davuto\u011flu\u2019nun ise, Bat\u0131l\u0131 \u00fclkelerin kayg\u0131lanmak yerine T\u00fcrkiye\u2019nin giderek daha merkezi bir rol oynamas\u0131ndan memnun olmalar\u0131 gerekti\u011fini s\u00f6yledi\u011fine de i\u015faret eden Tisdall, verilen bu y\u00f6ndeki g\u00fcvencelerin \u201cesas mesele\u201dyi ka\u00e7\u0131rm\u0131\u015f olabilece\u011fi savunarak, \u201cEn az Bat\u0131l\u0131 bir perspektiften sorun, Erdo\u011fan ve Davuto\u011flu\u2019nun T\u00fcrkiye i\u00e7in daha b\u00fcy\u00fck bir rol istemeleri veya bunun i\u00e7in giderek artan bi\u00e7imde tek ba\u015flar\u0131nda harekete ge\u00e7meye haz\u0131r olmalar\u0131 de\u011fil. Sorun, bunu yapt\u0131klar\u0131nda \u00e7o\u011fu zaman ellerine, y\u00fczlerine bula\u015ft\u0131rmalar\u0131d\u0131r\u201d g\u00f6r\u00fc\u015f\u00fcn\u00fc \u00f6ne s\u00fcrd\u00fc.<\/p>\n<p style=\"text-align: justify;\"><a href=\"http:\/\/www.gazeteport.com.tr\/DUNYA\/NEWS\/GP_711056\" target=\"_blank\"><span style=\"color: #888888;\">Gazeteport ( ANKA )<\/span><\/a><\/p>\n","protected":false},"excerpt":{"rendered":"<p style=\"text-align: center;\">\n<p style=\"text-align: justify;\">The Guardian\u2019\u0131n tan\u0131nm\u0131\u015f k\u00f6\u015fe yazar\u0131 Simon Tisdall, T\u00fcrkiye\u2019nin \u201cs\u0131f\u0131r sorun\u201d politikas\u0131n\u0131n ba\u015far\u0131s\u0131z oldu\u011funu savundu\u011fu yorumunda, \u201cT\u00fcrk h\u00fck\u00fcmetinin, b\u00f6lgesel g\u00fc\u00e7 olma giri\u015fiminin her d\u00f6nemecinde ba\u015f\u0131 belaya giriyor\u201d g\u00f6r\u00fc\u015f\u00fcn\u00fc \u00f6ne s\u00fcrd\u00fc.<\/p>\n","protected":false},"author":1,"featured_media":0,"comment_status":"open","ping_status":"closed","sticky":false,"template":"","format":"standard","meta":{"footnotes":""},"categories":[105],"tags":[],"class_list":["post-23809","post","type-post","status-publish","format-standard","hentry","category-gundem","odd"],"_links":{"self":[{"href":"http:\/\/www.korhanyilmaz.com\/index.php?rest_route=\/wp\/v2\/posts\/23809","targetHints":{"allow":["GET"]}}],"collection":[{"href":"http:\/\/www.korhanyilmaz.com\/index.php?rest_route=\/wp\/v2\/posts"}],"about":[{"href":"http:\/\/www.korhanyilmaz.com\/index.php?rest_route=\/wp\/v2\/types\/post"}],"author":[{"embeddable":true,"href":"http:\/\/www.korhanyilmaz.com\/index.php?rest_route=\/wp\/v2\/users\/1"}],"replies":[{"embeddable":true,"href":"http:\/\/www.korhanyilmaz.com\/index.php?rest_route=%2Fwp%2Fv2%2Fcomments&post=23809"}],"version-history":[{"count":0,"href":"http:\/\/www.korhanyilmaz.com\/index.php?rest_route=\/wp\/v2\/posts\/23809\/revisions"}],"wp:attachment":[{"href":"http:\/\/www.korhanyilmaz.com\/index.php?rest_route=%2Fwp%2Fv2%2Fmedia&parent=23809"}],"wp:term":[{"taxonomy":"category","embeddable":true,"href":"http:\/\/www.korhanyilmaz.com\/index.php?rest_route=%2Fwp%2Fv2%2Fcategories&post=23809"},{"taxonomy":"post_tag","embeddable":true,"href":"http:\/\/www.korhanyilmaz.com\/index.php?rest_route=%2Fwp%2Fv2%2Ftags&post=23809"}],"curies":[{"name":"wp","href":"https:\/\/api.w.org\/{rel}","templated":true}]}}