{"id":23804,"date":"2010-06-22T08:58:59","date_gmt":"2010-06-22T08:58:59","guid":{"rendered":"http:\/\/www.korhanyilmaz.com\/?p=23804"},"modified":"2010-06-22T08:58:59","modified_gmt":"2010-06-22T08:58:59","slug":"istanbulda-patlama-5-sehit-1-genc-kiz-vefat-etti","status":"publish","type":"post","link":"http:\/\/www.korhanyilmaz.com\/?p=23804","title":{"rendered":"\u0130stanbul&#8217;da patlama: 4 \u015fehit, 1 gen\u00e7 k\u0131z vefat etti"},"content":{"rendered":"<p style=\"text-align: center;\"><a href=\"http:\/\/www.korhanyilmaz.com\/wp-content\/uploads\/2010\/06\/128.jpg\"  class=\"lightview\"><img loading=\"lazy\" decoding=\"async\" class=\"aligncenter size-full wp-image-23840\" src=\"http:\/\/www.korhanyilmaz.com\/wp-content\/uploads\/2010\/06\/128.jpg\" alt=\"\" width=\"307\" height=\"236\" \/><\/a><\/p>\n<p style=\"text-align: justify;\">\u0130stanbul Halkal\u0131&#8217;da askeri lojman yak\u0131nlar\u0131nda askeri otob\u00fcs\u00fcn ge\u00e7i\u015fi s\u0131ras\u0131nda patlama oldu. Patlama nedeniyle 4 asker \u015fehit oldu, 1 asker \u00e7ocu\u011fu da ya\u015fam\u0131n\u0131 yitirdi.<\/p>\n<p style=\"text-align: justify;\">2 otob\u00fcs ve 1 minib\u00fcsten olu\u015fan konvoy, \u0130stanbul \u0130l Jandarma Komutanl\u0131\u011f\u0131 personelini g\u00f6rev yerine g\u00f6t\u00fcrmek amac\u0131yla Halkal\u0131 askeri lojmanlar\u0131ndan hareket etti. Konvoy, TEM Otoyolu ba\u011flant\u0131 yolunda Atakent Kimsesizler Mezarl\u0131\u011f\u0131 yak\u0131nlar\u0131ndan ge\u00e7erken uzaktan kumandal\u0131 ve par\u00e7a tesirli bomba patlat\u0131ld\u0131.<!--more--><\/p>\n<p style=\"text-align: justify;\">Patlama sonucu ara\u00e7lardan birinde a\u011f\u0131r hasar olu\u015ftu. T\u00fcm camlar\u0131 k\u0131r\u0131lan ve baz\u0131 par\u00e7alar\u0131 koparak \u00e7evreye savrulan otob\u00fcs, patlaman\u0131n meydana geldi\u011fi yerden yakla\u015f\u0131k 20 metre ileride durdu. Konvoydaki di\u011fer 2 ara\u00e7ta da hasar olu\u015ftu.<\/p>\n<p style=\"text-align: justify;\">Sald\u0131r\u0131 sonucu  jandarma uzman \u00e7avu\u015flar \u00c7a\u011flar B\u00f6l\u00fck ve U\u011fur Ekir olay yerinde, jandarma K\u0131demli \u00dcst\u00e7avu\u015f Bekir \u00c7elik ve jandarma astsubay Duran Bayram kald\u0131r\u0131ld\u0131klar\u0131 hastanede \u015fehit oldu. Patlamada ayr\u0131ca askeri personel k\u0131z\u0131 17 ya\u015f\u0131ndaki Buse Sar\u0131ya\u011f da hayat\u0131n\u0131 kaybetti.<\/p>\n<p style=\"text-align: justify;\">Patlamada yaralananlar da \u00e7evre hastanelerde tedavi alt\u0131na al\u0131nd\u0131. Patlamaya, ref\u00fcj\u00fcn kenar\u0131na b\u0131rak\u0131lan uzaktan kumandal\u0131 par\u00e7a tesirli bomban\u0131n neden oldu\u011fu belirtildi.<\/p>\n<p style=\"text-align: justify;\">Bombal\u0131 sald\u0131r\u0131da hayat\u0131n\u0131 kaybeden Jandarma Astsubay Duran Bayram&#8217;\u0131n cenazesi Adli T\u0131p Kurumuna g\u00f6nderildi.<\/p>\n<p style=\"text-align: justify;\">Sald\u0131r\u0131dan sonra kald\u0131r\u0131ld\u0131\u011f\u0131 TEM Hospital Yo\u011fun Bak\u0131m Servisi&#8217;nde \u015fehit olan Duran Bayram&#8217;\u0131n cenazesi, Cumhuriyet savc\u0131s\u0131n\u0131n incelemesinin ard\u0131ndan cenaze nakil arac\u0131na konularak Adli T\u0131p Kurumu sevk edildi.<\/p>\n<p style=\"text-align: justify;\">Hastanede bekleyen Duran Bayram&#8217;\u0131n babas\u0131 H\u00fcseyin Bayram, a\u011flamayaca\u011f\u0131n\u0131 belirterek, &#8220;Onlar beni \u00f6ld\u00fcrmek istedi, o\u011flumu \u00f6ld\u00fcrd\u00fcler. 4 tane daha o\u011flum var. Ben de var\u0131m. Vatan sa\u011f olsun&#8221; dedi.<\/p>\n<p style=\"text-align: justify;\"><strong>T\u00f6ren d\u00fczenlendi <\/strong><\/p>\n<p style=\"text-align: justify;\">Halkal\u0131&#8217;da askeri personeli ta\u015f\u0131yan servis arac\u0131na y\u00f6nelik bombal\u0131 sald\u0131r\u0131da \u015fehit olan 4 astsubay ile askeri personel k\u0131z\u0131 17 ya\u015f\u0131ndaki Buse Sar\u0131ya\u011f i\u00e7in \u0130stanbul \u0130l Jandarma Komutanl\u0131\u011f\u0131nda t\u00f6ren d\u00fczenlendi.<\/p>\n<p style=\"text-align: justify;\">Bas\u0131na kapal\u0131 ger\u00e7ekle\u015ftirilen t\u00f6rende, \u00fcniversite s\u0131nav\u0131na haz\u0131rl\u0131k kursuna kat\u0131lmak \u00fczere babas\u0131yla bindi\u011fi servis otob\u00fcs\u00fcnde hayat\u0131n\u0131 kaybeden Buse Sar\u0131ya\u011f ile ayn\u0131 sald\u0131r\u0131da \u015fehit olan jandarma astsubaylar Duran Bayram ve Bekir \u00c7elik ile uzman \u00e7avu\u015flar U\u011fur Ekiz ve \u00c7a\u011flar B\u00f6l\u00fck&#8217;\u00fcn aileleri ve yak\u0131nlar\u0131 yer ald\u0131.<\/p>\n<p style=\"text-align: justify;\">T\u00f6rene, Cumhurba\u015fkan\u0131 Abdullah G\u00fcl, Genelkurmay Ba\u015fkan\u0131 Orgeneral \u0130lker Ba\u015fbu\u011f, CHP Genel Ba\u015fkan\u0131 Kemal K\u0131l\u0131\u00e7daro\u011flu, \u0130stanbul Valisi H\u00fcseyin Avni Mutlu, \u0130stanbul B\u00fcy\u00fck\u015fehir Belediye Ba\u015fkan\u0131 Kadir Topba\u015f, Merkez Valisi H\u00fcseyin \u00c7apk\u0131n ile \u00fcst d\u00fczey komutanlar kat\u0131ld\u0131.<\/p>\n<p style=\"text-align: justify;\">T\u00f6renin ard\u0131ndan Buse Sar\u0131ya\u011f&#8217;\u0131n cenazesi topra\u011fa verilece\u011fi Ankara&#8217;ya, Bekir \u00c7elik&#8217;in cenazesi \u0130skenderun&#8217;a, \u00c7a\u011flar B\u00f6l\u00fck&#8217;\u00fcn cenazesi \u0130zmir&#8217;e, U\u011fur Ekiz&#8217;in cenazesi Hatay&#8217;\u0131n Erzin il\u00e7esine, Duran Bayram&#8217;\u0131n cenazesi de Kayseri&#8217;ye g\u00f6nderilmek \u00fczere yola \u00e7\u0131kar\u0131ld\u0131.<\/p>\n<p style=\"text-align: justify;\"><strong>OTOB\u00dcS \u015eOF\u00d6R\u00dc OLAYI ANLATTI <\/strong><\/p>\n<p style=\"text-align: justify;\">Askeri personeli ta\u015f\u0131yan otob\u00fcs\u00fcn \u015fof\u00f6r\u00fc Ne\u015fat Yeni, &#8220;Saat 07.10 s\u0131ralar\u0131nda ikinci viteste seyir halindeydim. Ara\u00e7ta birden patlama oldu. Yaral\u0131lara yard\u0131mc\u0131 oldum. 10 yaral\u0131 \u00e7\u0131kard\u0131\u011f\u0131m\u0131 hat\u0131rl\u0131yorum. Otob\u00fcs\u00fcn orta s\u0131ralar\u0131nda oturan 17 ya\u015flar\u0131nda gen\u00e7 bir k\u0131z vard\u0131. Onun durumu a\u011f\u0131rd\u0131, sonradan \u00f6ld\u00fc\u011f\u00fcn\u00fc \u00f6\u011frendim. Ara\u00e7ta 30-35 ki\u015fi vard\u0131 zaten. 6 ayd\u0131r bu g\u00fczergahta \u00e7al\u0131\u015f\u0131yorum. Bu patlaman\u0131n ard\u0131ndan ara\u00e7 komutan\u0131 birka\u00e7 el ate\u015f etti. Yard\u0131m \u00e7a\u011fr\u0131s\u0131nda bulundu&#8221; dedi.<\/p>\n<p style=\"text-align: justify;\">\u00d6te yandan, patlamada a\u011f\u0131r hasar g\u00f6ren otob\u00fcs\u00fcn ara\u00e7 komutan\u0131 olay yerinden ka\u00e7an mavi g\u00f6mlekli bir ki\u015fi g\u00f6rd\u00fc\u011f\u00fcn\u00fc, havaya ate\u015f a\u00e7t\u0131\u011f\u0131n\u0131, bu ki\u015finin olay\u0131n faili mi yoksa korktu\u011fu i\u00e7in ka\u00e7an bir vatanda\u015f m\u0131 oldu\u011funu anlayamad\u0131\u011f\u0131n\u0131 s\u00f6yledi\u011fi \u00f6\u011frenildi.<\/p>\n<p style=\"text-align: justify;\">Olayda hayat\u0131n\u0131 kaybedenlerden U\u011fur Eker&#8217;in evli, 7 ve 14 ya\u015flar\u0131nda 2 \u00e7ocuk babas\u0131 oldu\u011fu, bir yak\u0131n\u0131n d\u00fc\u011f\u00fcn\u00fc i\u00e7in yar\u0131n izne \u00e7\u0131kaca\u011f\u0131 \u00f6\u011frenildi.<\/p>\n<p style=\"text-align: justify;\"><strong>Vali Mutlu: &#8220;G\u00f6zalt\u0131na al\u0131nan yok&#8221; <\/strong><\/p>\n<p style=\"text-align: justify;\">\u0130stanbul Valisi H\u00fcseyin Avni Mutlu, g\u00fcvenlik g\u00fc\u00e7lerinin \u00e7ok yo\u011fun bir \u015fekilde \u00e7al\u0131\u015fma y\u00fcr\u00fctt\u00fc\u011f\u00fcn\u00fc ifade etti ve &#8220;Ald\u0131\u011f\u0131m\u0131z ilk bilgilere g\u00f6re, par\u00e7a tesirli ve uzaktan kumandal\u0131 bir d\u00fczenekle yol kenar\u0131na b\u0131rak\u0131lm\u0131\u015f bir bomban\u0131n patlamas\u0131 sonucunda eylem ger\u00e7ekle\u015ftirildi&#8221; dedi.<\/p>\n<p style=\"text-align: justify;\">Olay yerinde incelemelerde bulunan Mutlu, olay\u0131n bir ter\u00f6r eylemi oldu\u011funu ve ter\u00f6r\u00fcn hedefinin belli oldu\u011funu belirtti.<\/p>\n<p style=\"text-align: justify;\">Mutlu, ter\u00f6r\u00fcn hedefinin ayr\u0131\u015ft\u0131rmak, kayg\u0131, \u00fcmitsizlik, tedirginlik ve huzursuzluk olu\u015fturmak oldu\u011funu ifade ederek, &#8220;Bu olay\u0131n failleriyle ilgili g\u00fcvenlik g\u00fc\u00e7lerimiz \u00e7ok yo\u011fun bir \u015fekilde \u00e7al\u0131\u015fmalar\u0131n\u0131 s\u00fcrd\u00fcrecek. Bu olay\u0131n failleri mutlaka bulunacakt\u0131r. Israrl\u0131 bir \u015fekilde takip edilecektir. Bu olay ayd\u0131nlat\u0131lacakt\u0131r&#8221; dedi.<\/p>\n<p style=\"text-align: justify;\">Olay\u0131 \u015fu ana kadar \u00fcstlenenin olmad\u0131\u011f\u0131n\u0131 kaydeden Mutlu, \u015f\u00f6yle devam etti:<\/p>\n<p style=\"text-align: justify;\">&#8220;Olayla ilgili bir g\u00f6zalt\u0131 yok, takip ediyoruz. Ge\u00e7ti\u011fimiz g\u00fcnlerde de yine K\u00fc\u00e7\u00fck\u00e7ekmece&#8217;de polis arac\u0131m\u0131za y\u00f6nelik ayn\u0131 d\u00fczene\u011fe benzeyen bir d\u00fczenekle bombal\u0131 sald\u0131r\u0131 yap\u0131lm\u0131\u015ft\u0131. Muhtemelen ayn\u0131 tertibin i\u00e7erisinde oldu\u011fumuzu de\u011ferlendiriyoruz. Her iki olay\u0131n da faillerinin belirlenmesi noktas\u0131nda yo\u011fun bir \u00e7al\u0131\u015fma s\u00fcrd\u00fcrece\u011fiz. Milletimizin ba\u015f\u0131 sa\u011folsun. Ter\u00f6r \u00fclkeye sadece, g\u00f6zya\u015f\u0131, huzursuzluk ve ac\u0131 vermi\u015ftir. Bunun d\u0131\u015f\u0131nda ula\u015fabilece\u011fi hi\u00e7bir yer yoktur. Ter\u00f6rle gidilebilecek hi\u00e7bir yer yoktur. Milletimiz sa\u011f duyulu, devletimize, g\u00fcvenlik g\u00fc\u00e7lerimize son derece ba\u011fl\u0131 ve emin bir \u015fekilde izleyecekler. Ter\u00f6r\u00fcn istemi\u015f oldu\u011fu kayg\u0131 yaratma, huzursuzluk yaratma ve ayr\u0131\u015ft\u0131rma noktas\u0131nda en g\u00fc\u00e7l\u00fc duru\u015fumuzu sergilemeye devam edece\u011fiz. \u0130stanbul olarak, bu sald\u0131r\u0131 kar\u015f\u0131s\u0131nda birlik ve beraberli\u011fimizi daha g\u00fc\u00e7l\u00fc bir \u015fekilde ter\u00f6r \u00f6rg\u00fct\u00fcne hissettirece\u011fiz. Ter\u00f6r \u00f6rg\u00fct\u00fcne verilecek en g\u00fczel cevap budur.&#8221;<\/p>\n<p style=\"text-align: justify;\">Mutlu, bir gazetecinin, &#8220;Arac\u0131n i\u00e7indekiler askeri personel mi, yoksa asker ailesi mi?&#8221; sorusuna, &#8220;Jandarma personelimiz. \u0130\u00e7lerinde sivil servislerle de intikal eden personellerimiz olabiliyor. \u015eehit olanlardan ikisi uzman \u00e7avu\u015fumuz, a\u011f\u0131r yaral\u0131 olanlar da yine uzman \u00e7avu\u015f. \u0130l Jandarma Komutanl\u0131\u011f\u0131na ba\u011fl\u0131 personelimiz. 17 ya\u015f\u0131nda bir k\u0131z \u00e7ocu\u011fumuz da \u015fehit oldu. Personel \u00e7ocuklar\u0131m\u0131zdan. \u0130l Jandarma Komutanl\u0131\u011f\u0131m\u0131z personelleri g\u00f6rev yerlerine intikal ediyorlard\u0131. \u00c7\u0131k\u0131\u015f yeri, Halkal\u0131 askeri lojmanlar\u0131yd\u0131. Bu \u00fc\u00e7 otob\u00fcsl\u00fck bir konvoy. En arkadaki servis arac\u0131na y\u00f6nelik d\u00fczenlenmi\u015f&#8221; yan\u0131t\u0131n\u0131 verdi.<\/p>\n<p style=\"text-align: center;\"><a href=\"http:\/\/www.korhanyilmaz.com\/wp-content\/uploads\/2010\/06\/120.jpg\"  class=\"lightview\"><img loading=\"lazy\" decoding=\"async\" class=\"aligncenter size-full wp-image-23806\" src=\"http:\/\/www.korhanyilmaz.com\/wp-content\/uploads\/2010\/06\/120.jpg\" alt=\"\" width=\"464\" height=\"224\" \/><\/a><\/p>\n<p style=\"text-align: justify;\">Yaral\u0131lar\u0131 da ziyaret eden Vali Mutlu, &#8220;A\u011f\u0131r yaral\u0131lardan birinin tedavisi Bak\u0131rk\u00f6y Devlet Hastanesinde, di\u011feri ise TEM Hospital&#8217;de s\u00fcr\u00fcyor&#8221; dedi.<\/p>\n<p style=\"text-align: justify;\">Bu arada, olay\u0131n ard\u0131ndan Mehmet Akif Ersoy G\u00f6\u011f\u00fcs Kalp ve Damar Cerrahisi E\u011fitim ve Ara\u015ft\u0131rma Hastanesine kald\u0131r\u0131lan yaral\u0131lardan baz\u0131lar\u0131, \u0130stanbul \u00dcniversitesi T\u0131p Fak\u00fcltesi Hastanesine nakledildi.<\/p>\n<p style=\"text-align: justify;\"><strong>Ba\u015fbu\u011f olay yerine gitti <\/strong><\/p>\n<p style=\"text-align: justify;\">Genelkurmay Ba\u015fkan\u0131 Orgeneral \u0130lker Ba\u015fbu\u011f, patlamaya ili\u015fkin olay yerinde incelemelerde bulundu. Ba\u015fbu\u011f olayda yaralanlar\u0131 da hastanede ziyaret etti.<\/p>\n<p style=\"text-align: justify;\">CHP Genel Ba\u015fkan\u0131 Kemal K\u0131l\u0131\u00e7daro\u011flu da yaralananlar\u0131 ziyaret etti.<\/p>\n<p style=\"text-align: justify;\">\u0130stanbul Cumhuriyet Ba\u015fsavc\u0131s\u0131: &#8220;\u0130lk ara\u015ft\u0131rmay\u0131 yapt\u0131k&#8221;<\/p>\n<p style=\"text-align: justify;\">\u0130stanbul Cumhuriyet Ba\u015fsavc\u0131s\u0131 Aykut Cengiz Engin, g\u00f6revli savc\u0131 arkada\u015flar\u0131yla birlikte ilk ara\u015ft\u0131rmalar\u0131 yapt\u0131klar\u0131n\u0131 belirtti.<\/p>\n<p style=\"text-align: justify;\">Soru\u015fturman\u0131n ba\u015flat\u0131ld\u0131\u011f\u0131n\u0131 ifade eden Engin, &#8220;\u015eu anda elimizde soru\u015fturmayla ilgili hen\u00fcz net bilgiler olmad\u0131\u011f\u0131 i\u00e7in ba\u015fka geni\u015f bir a\u00e7\u0131klama yapma imkan\u0131m\u0131z yoktur. Olay netle\u015fti\u011fi zaman ayr\u0131ca soru\u015fturmalarla ilgili a\u00e7\u0131klama yapaca\u011f\u0131z. \u015eehitlerimize tanr\u0131dan rahmet yaral\u0131lara da \u015fifalar diliyorum&#8221; dedi.<\/p>\n<p style=\"text-align: justify;\"><strong>\u00c7apk\u0131n: &#8220;Ter\u00f6r hi\u00e7bir yere varamaz&#8221; <\/strong><\/p>\n<p style=\"text-align: justify;\">Olay yerinde a\u00e7\u0131klama yapan \u0130stanbul Emniyet M\u00fcd\u00fcr\u00fc H\u00fcseyin \u00c7apk\u0131n da olay\u0131n faillerinin en k\u0131sa zamanda bulunaca\u011f\u0131n\u0131 belirterek, &#8220;\u00dcz\u00fcc\u00fc bir olay ge\u00e7enlerde bir polis servisine yap\u0131ld\u0131. Mutlaka bunu yapanlar\u0131 bulup de\u015fifre edece\u011fiz. Ter\u00f6r hi\u00e7bir yere varamaz. G\u00fcvenlik kuvvetlerimiz ve devletin b\u00fct\u00fcn kurum ve kurulu\u015flar\u0131 dimdik ayaktad\u0131r. Ayakta olamaya da devam edecektir. Milletimize ba\u015fsa\u011fl\u0131\u011f\u0131 diliyorum&#8221; dedi.<\/p>\n<p style=\"text-align: justify;\">\u00c7apk\u0131n, bir gazetecinin, &#8220;Ge\u00e7ti\u011fimiz g\u00fcnlerde bir polis servisine yap\u0131lan sad\u0131r\u0131 ile bu sald\u0131r\u0131 aras\u0131nda ba\u011flant\u0131 olabilir mi?&#8221; sorusu \u00fczerine, &#8220;\u00c7al\u0131\u015f\u0131yoruz olabilir. \u00c7e\u015fitli yerlerde de olabilirdi ama burada oldu. Ancak ikisi ba\u011flant\u0131l\u0131 olabilir diye g\u00f6z \u00f6n\u00fcn\u00fcnde bulunduruyoruz&#8221; diye konu\u015ftu.<\/p>\n<p style=\"text-align: justify;\">Ba\u015fka bir gazetecinin &#8220;Ter\u00f6ristler ayn\u0131 olabilir mi?&#8221; sorusuna ise \u00c7apk\u0131n, &#8220;O konuda bir \u015fey s\u00f6ylemek istemiyorum&#8221; dedi.<\/p>\n<p style=\"text-align: justify;\"><strong>SALDIRIYA TEPK\u0130LER B\u00dcY\u00dcYOR&#8230; <\/strong><\/p>\n<p style=\"text-align: justify;\">D\u0131\u015fi\u015fleri Bakan\u0131 Ahmet Davuto\u011flu, &#8220;Askerlerimizin ve k\u00fc\u00e7\u00fck k\u0131z\u0131m\u0131z Buse&#8217;nin vefat\u0131, ter\u00f6r\u00fcn nas\u0131l vah\u015fice bir y\u00f6ntem oldu\u011funu hepimize bir kez daha g\u00f6stermi\u015ftir. Ancak ter\u00f6r hangi y\u00f6ntemleri kullan\u0131rsa kullans\u0131n, devletimiz bu ter\u00f6r sald\u0131r\u0131lar\u0131na son verecek g\u00fcce, kuvvete sahiptir. Milletimizi karamsarl\u0131\u011fa sevk etmeye kimsenin g\u00fcc\u00fc yetmeyecektir. Milletimiz bu ter\u00f6r\u00fcn arkas\u0131ndaki fakt\u00f6rleri de de\u011ferlendirebilecek basirete sahiptir&#8221; dedi.<\/p>\n<p style=\"text-align: justify;\">TBMM Ba\u015fkan\u0131 Mehmet Ali \u015eahin, &#8220;G\u00fcvenlik g\u00fc\u00e7lerimizi ve ailelerini hedef alarak \u00e7irkin y\u00fcz\u00fcn\u00fc g\u00f6steren ter\u00f6r\u00fc \u015fiddetle k\u0131n\u0131yorum.<\/p>\n<p style=\"text-align: justify;\">Birli\u011fimizi bozmaya, vatan\u0131m\u0131z\u0131n b\u00fct\u00fcnl\u00fc\u011f\u00fcn\u00fc b\u00f6lmeye \u00e7al\u0131\u015fanlar, milletimizin sa\u011fduyusu kar\u015f\u0131s\u0131nda bu hain ama\u00e7lar\u0131na hi\u00e7bir zaman ula\u015famayacakt\u0131r&#8221; dedi.<\/p>\n<p style=\"text-align: justify;\">Milli E\u011fitim Bakan\u0131 Nimet \u00c7ubuk\u00e7u, &#8220;\u00d6zellikle sivil vatanda\u015flar\u0131m\u0131z\u0131n bir arada oldu\u011fu, asker ailelerini ta\u015f\u0131yan askeri araca b\u00fcy\u00fck bir kentte yap\u0131lan bu sald\u0131r\u0131y\u0131 da k\u0131n\u0131yorum. Bu su\u00e7lar\u0131 insanl\u0131\u011fa kar\u015f\u0131 i\u015flenmi\u015f su\u00e7lar olarak g\u00f6r\u00fcyorum. Kaybetti\u011fimiz \u00e7ocu\u011fumuzun ailesine ba\u015fsa\u011fl\u0131\u011f\u0131 ve sab\u0131r diliyorum. Annenin \u00fcz\u00fcnt\u00fcs\u00fcn\u00fc ve ac\u0131s\u0131n\u0131 t\u00fcm kalbimle derinden payla\u015f\u0131yorum. \u00dclkemizin ba\u015f\u0131 sa\u011f olsun diyorum&#8221; diye konu\u015ftu.<\/p>\n<p style=\"text-align: justify;\"><strong>Beyo\u011flu&#8217;nda ses bombas\u0131 patlad\u0131 <\/strong><\/p>\n<p style=\"text-align: justify;\">\u00d6te yandan, Beyo\u011flu&#8217;nda bir i\u015f yerinin \u00f6n\u00fcne b\u0131rak\u0131lan ses bombas\u0131n\u0131n patlamas\u0131 sonucu, k\u00fc\u00e7\u00fck \u00e7apta maddi hasar meydana geldi. Okmeydan\u0131 Fatih Sultan Mehmet Caddesi Numara 27 \u00f6n\u00fcne b\u0131rak\u0131lan ses bombas\u0131, b\u00fcy\u00fck bir g\u00fcr\u00fclt\u00fcyle patlad\u0131.<\/p>\n<p style=\"text-align: justify;\">Patlama nedeniyle \u00e7evredeki i\u015f yerlerinden k\u00fc\u00e7\u00fck \u00e7apta maddi hasar olu\u015ftu.<\/p>\n<p style=\"text-align: justify;\"><span style=\"color: #888888;\">CNN T\u00dcRK<\/span><\/p>\n","protected":false},"excerpt":{"rendered":"<p style=\"text-align: center;\">\n<p style=\"text-align: justify;\">\u0130stanbul Halkal\u0131&#8217;da askeri lojman yak\u0131nlar\u0131nda askeri otob\u00fcs\u00fcn ge\u00e7i\u015fi s\u0131ras\u0131nda patlama oldu. Patlama nedeniyle 4 asker \u015fehit oldu, 1 asker \u00e7ocu\u011fu da ya\u015fam\u0131n\u0131 yitirdi.<\/p>\n<p style=\"text-align: justify;\">2 otob\u00fcs ve 1 minib\u00fcsten olu\u015fan konvoy, \u0130stanbul \u0130l Jandarma Komutanl\u0131\u011f\u0131 personelini g\u00f6rev yerine g\u00f6t\u00fcrmek amac\u0131yla Halkal\u0131 askeri lojmanlar\u0131ndan hareket etti. Konvoy, TEM Otoyolu ba\u011flant\u0131 <\/p>\n","protected":false},"author":1,"featured_media":0,"comment_status":"open","ping_status":"closed","sticky":false,"template":"","format":"standard","meta":{"footnotes":""},"categories":[105],"tags":[],"class_list":["post-23804","post","type-post","status-publish","format-standard","hentry","category-gundem","odd"],"_links":{"self":[{"href":"http:\/\/www.korhanyilmaz.com\/index.php?rest_route=\/wp\/v2\/posts\/23804","targetHints":{"allow":["GET"]}}],"collection":[{"href":"http:\/\/www.korhanyilmaz.com\/index.php?rest_route=\/wp\/v2\/posts"}],"about":[{"href":"http:\/\/www.korhanyilmaz.com\/index.php?rest_route=\/wp\/v2\/types\/post"}],"author":[{"embeddable":true,"href":"http:\/\/www.korhanyilmaz.com\/index.php?rest_route=\/wp\/v2\/users\/1"}],"replies":[{"embeddable":true,"href":"http:\/\/www.korhanyilmaz.com\/index.php?rest_route=%2Fwp%2Fv2%2Fcomments&post=23804"}],"version-history":[{"count":0,"href":"http:\/\/www.korhanyilmaz.com\/index.php?rest_route=\/wp\/v2\/posts\/23804\/revisions"}],"wp:attachment":[{"href":"http:\/\/www.korhanyilmaz.com\/index.php?rest_route=%2Fwp%2Fv2%2Fmedia&parent=23804"}],"wp:term":[{"taxonomy":"category","embeddable":true,"href":"http:\/\/www.korhanyilmaz.com\/index.php?rest_route=%2Fwp%2Fv2%2Fcategories&post=23804"},{"taxonomy":"post_tag","embeddable":true,"href":"http:\/\/www.korhanyilmaz.com\/index.php?rest_route=%2Fwp%2Fv2%2Ftags&post=23804"}],"curies":[{"name":"wp","href":"https:\/\/api.w.org\/{rel}","templated":true}]}}