{"id":23800,"date":"2010-06-22T08:34:17","date_gmt":"2010-06-22T08:34:17","guid":{"rendered":"http:\/\/www.korhanyilmaz.com\/?p=23800"},"modified":"2010-06-22T08:34:17","modified_gmt":"2010-06-22T08:34:17","slug":"artik-devletimiz-kararli-olmasa","status":"publish","type":"post","link":"http:\/\/www.korhanyilmaz.com\/?p=23800","title":{"rendered":"Art\u0131k devletimiz kararl\u0131 olmasa"},"content":{"rendered":"<div id=\"attachment_23801\" style=\"width: 112px\" class=\"wp-caption alignleft\"><img loading=\"lazy\" decoding=\"async\" aria-describedby=\"caption-attachment-23801\" class=\"size-full wp-image-23801\" style=\"margin-left: 10px; margin-right: 10px;\" title=\"Can Atakl\u0131 - Vatan Gazetesi\" src=\"http:\/\/www.korhanyilmaz.com\/wp-content\/uploads\/2010\/06\/118.jpg\" alt=\"\" width=\"102\" height=\"102\" \/><p id=\"caption-attachment-23801\" class=\"wp-caption-text\">Can Atakl\u0131<\/p><\/div>\n<p style=\"text-align: justify;\">Yine \u015fehitlerimizin arkas\u0131ndan a\u011f\u0131tlar yakt\u0131k. Devletimizin en b\u00fcy\u00fckleri, askerimizin en b\u00fcy\u00fckleri yine cenaze t\u00f6reninde bir araya geldi. G\u00f6zler bu\u011fulu, y\u00fczler gergin, ifadeler y\u00fcrek paralay\u0131c\u0131.<\/p>\n<p style=\"text-align: justify;\">Ard\u0131ndan \u201colay yerine gitmeler\u201d burada askere moral vermeler, yemeler i\u00e7meler, binlerce koruman\u0131n e\u015fli\u011finde siperlerde poz vermeler. <!--more--><\/p>\n<p style=\"text-align: justify;\">Ve tabii \u201ckararl\u0131l\u0131k\u201d mesajlar\u0131. \u201cTer\u00f6r d\u00f6kt\u00fc\u011f\u00fc kanda bo\u011fulacakt\u0131r\u201d hamaseti. \u201cTer\u00f6rle bir yere var\u0131lamayaca\u011f\u0131\u201d kehanetleri.<\/p>\n<p style=\"text-align: justify;\">E\u011fer ter\u00f6r amac\u0131na T\u00fcrkiye\u2019de ula\u015fmad\u0131ysa, bu ya\u015fad\u0131klar\u0131m\u0131z ne oluyor?<\/p>\n<p style=\"text-align: justify;\">Art\u0131k diyorum ki karn\u0131m\u0131z tok. Kararl\u0131l\u0131k mesajlar\u0131 dinlemek istemiyoruz.<\/p>\n<p style=\"text-align: justify;\">\u00c7\u00fcnk\u00fc devlet tam 30 y\u0131ld\u0131r kararl\u0131l\u0131k mesaj\u0131 veriyor.<\/p>\n<p style=\"text-align: justify;\">Sonu\u00e7 bu. Ne olur art\u0131k devletimiz kararl\u0131 olmasa da ter\u00f6rle m\u00fccadele etmeyi d\u00fc\u015f\u00fcnse biraz.<\/p>\n<p style=\"text-align: justify;\">Ayr\u0131ca \u201ckararl\u0131l\u0131ktan\u201d kastedilenin ne oldu\u011funu da anlamak m\u00fcmk\u00fcn de\u011fil. \u0130\u015fte d\u00fcn yine hepsi bir araya geldiler ve yine \u201cne kadar kararl\u0131\u201d olduklar\u0131n\u0131 a\u00e7\u0131klad\u0131lar.<\/p>\n<p style=\"text-align: justify;\">Buradan \u015funu anl\u0131yoruz ki, de\u011fi\u015fen bir \u015fey olmayacak.<\/p>\n<p style=\"text-align: justify;\">Genelkurmay istihbarat\u0131na g\u00f6re PKK ter\u00f6r\u00fc artarak s\u00fcrece\u011fine g\u00f6re, bir dahaki al\u00e7ak sald\u0131r\u0131ya kadar bekleyece\u011fiz.<\/p>\n<p style=\"text-align: justify;\">Sonra bu filmi tekrar ba\u015ftan izlemeye ba\u015flayaca\u011f\u0131z.<\/p>\n<p style=\"text-align: justify;\">Ve tabii ki bal\u0131k haf\u0131zal\u0131 oldu\u011fumuz i\u00e7in yine \u201ckararl\u0131l\u0131k\u201d mesajlar\u0131n\u0131 hu\u015fu i\u00e7inde izleyerek y\u00fcreklerimizi so\u011futaca\u011f\u0131z.<\/p>\n<p style=\"text-align: justify;\">Sonra yine.<\/p>\n<p style=\"text-align: justify;\">Sonra yine.<\/p>\n<p style=\"text-align: justify;\">Yeter art\u0131k. Allaha\u015fk\u0131na art\u0131k \u201ckararl\u0131\u201d olmay\u0131n da ter\u00f6rle nas\u0131l m\u00fccadele edece\u011finizi planlamaya \u00e7al\u0131\u015f\u0131n.<\/p>\n<p style=\"text-align: justify;\">***<\/p>\n<p style=\"text-align: justify;\"><strong>Yapmay\u0131n say\u0131n komutan <\/strong><\/p>\n<p style=\"text-align: justify;\">Genelkurmay Ba\u015fkan\u0131 Org. \u0130lker Ba\u015fbu\u011f\u2019un s\u0131k\u0131nt\u0131l\u0131 g\u00fcnler ya\u015fad\u0131\u011f\u0131 kesin. Bir taraftan ter\u00f6r sald\u0131r\u0131lar\u0131, bir taraftan ordunun iktidar bask\u0131s\u0131 y\u00fcz\u00fcnden bozulan morali, bir yandan art\u0131k asker d\u00fc\u015fmanl\u0131\u011f\u0131na varan s\u00f6zde ele\u015ftiriler herhalde Ba\u015fbu\u011f\u2019un uykular\u0131n\u0131 ka\u00e7\u0131r\u0131yordur.<\/p>\n<p style=\"text-align: justify;\">Ama bunlar\u0131n hi\u00e7biri toplumu \u00e7ocuk gibi g\u00f6rme hakk\u0131n\u0131 vermez komutana.<\/p>\n<p style=\"text-align: justify;\">11 askerimizin \u015fehit edildi\u011fi olay\u0131n \u201cbahanelerini\u201d anlat\u0131rken dinlediniz herhalde say\u0131n komutan\u0131.<\/p>\n<p style=\"text-align: justify;\">D\u00fc\u015f\u00fcn\u00fcyorum da acaba d\u00fcnyan\u0131n hangi ordusunun en tepesindeki ki\u015fi bir ter\u00f6r sald\u0131r\u0131s\u0131 kar\u015f\u0131s\u0131ndaki ba\u015far\u0131s\u0131zl\u0131\u011f\u0131 bu kadar so\u011fukkanl\u0131l\u0131kla ve inan\u0131lmaz bahanelerle anlatmaya \u00e7al\u0131\u015f\u0131r.<\/p>\n<p style=\"text-align: justify;\">Ki \u00e7al\u0131\u015f\u0131rsa acaba o \u00fclkenin kamuoyu o komutan\u0131 ciddiye al\u0131r m\u0131?<\/p>\n<p style=\"text-align: justify;\">Ter\u00f6ristler gelirken fark edilmi\u015fler asl\u0131nda, hatta ate\u015f de a\u00e7\u0131lm\u0131\u015f ama cevap gelmeyince \u201cherhalde ka\u00e7ak\u00e7\u0131lard\u0131r\u201d diye d\u00fc\u015f\u00fcn\u00fclm\u00fc\u015f.<\/p>\n<p style=\"text-align: justify;\">Arazi \u015fartlar\u0131 da \u00e7ok k\u00f6t\u00fcym\u00fc\u015f.<\/p>\n<p style=\"text-align: justify;\">Ama en g\u00fczeli ter\u00f6ristler kalle\u015f\u00e7e sald\u0131r\u0131yormu\u015f. Adlar\u0131 \u00fczerinde ter\u00f6ristler zaten, kalle\u015f\u00e7e sald\u0131racaklar.<\/p>\n<p style=\"text-align: justify;\">Oysa T\u00fcrk halk\u0131 olarak ba\u015far\u0131s\u0131zl\u0131\u011f\u0131n bahanelerini \u00f6\u011frenmek yerine, 9 saat s\u00fcren \u00e7at\u0131\u015fmadan sonra ter\u00f6ristlerin nas\u0131l ka\u00e7t\u0131klar\u0131n\u0131 \u00f6\u011frenmek istiyoruz.<\/p>\n<p style=\"text-align: justify;\">Ka\u00e7an ter\u00f6ristlerin nerede oldu\u011funu \u00f6\u011frenmek istiyoruz.<\/p>\n<p style=\"text-align: justify;\">O ter\u00f6ristlerin bar\u0131nd\u0131\u011f\u0131 yerlerin neden bulunamad\u0131\u011f\u0131n\u0131 \u00f6\u011frenmek istiyoruz.<\/p>\n<p style=\"text-align: justify;\">O yerler biliniyorsa neden bir \u015fey yap\u0131lmad\u0131\u011f\u0131n\u0131 \u00f6\u011frenmek istiyoruz.<\/p>\n<p style=\"text-align: justify;\">Ama ne yaz\u0131k ki biz ter\u00f6ristlerin 250 mi, yoksa 57 mi, yoksa olsa olsa 100 m\u00fc oldu\u011funu bile \u00f6\u011frenemiyoruz.<\/p>\n<p style=\"text-align: justify;\">Bak\u0131n bu i\u015f ne zaman bitti biliyor musunuz?<\/p>\n<p style=\"text-align: justify;\">Ka\u00e7\u0131r\u0131lan askerler PKK taraf\u0131ndan s\u0131n\u0131r\u0131m\u0131za iki kilometre mesafede teslim edildi ya, hani oraya ter\u00f6r liderleri l\u00fcks ciplerle geldiler ya, hani orada T\u00fcrkiye B\u00fcy\u00fck Millet Meclisi \u00fcyeleri de haz\u0131r bulundu ya, hani T\u00fcrk Silahl\u0131 Kuvvetleri ter\u00f6ristlere bir \u015fey olmas\u0131n diye \u00e7evre g\u00fcvenli\u011fi ald\u0131 ya, i\u015fte o g\u00fcn bitmi\u015fti.<\/p>\n<p style=\"text-align: justify;\">O g\u00fcn \u00e7uval\u0131 kendi ba\u015f\u0131m\u0131za kendimiz ge\u00e7irmi\u015ftik.<\/p>\n<p style=\"text-align: justify;\">***<\/p>\n<p style=\"text-align: justify;\"><strong>A\u011f\u0131zlardaki bakla \u00e7\u0131k\u0131yor <\/strong><\/p>\n<p style=\"text-align: justify;\">\u0130ktidar\u0131n K\u00fcrt a\u00e7\u0131l\u0131m\u0131na kar\u015f\u0131 \u00e7\u0131kmam\u0131\u015f ama \u201cNe ama\u00e7lan\u0131yor, a\u00e7\u0131l\u0131mdan kast\u0131n\u0131z nedir, istekleri tek tek s\u0131ralar m\u0131s\u0131n\u0131z?\u201d diye defalarca sormu\u015ftum.<\/p>\n<p style=\"text-align: justify;\">H\u00e2l\u00e2 da soruyorum ama akl\u0131 ba\u015f\u0131nda tek \u00f6nerinin gelmedi\u011fini hepimiz biliyoruz.<\/p>\n<p style=\"text-align: justify;\">Son sald\u0131r\u0131dan sonra \u00f6zellikle iktidara yak\u0131n kalemler \u201cArt\u0131k PKK\u2019y\u0131 muhatap almal\u0131y\u0131z\u201d \u00f6nerisini y\u00fcksek sesle s\u00f6ylemeye ba\u015flad\u0131lar. Ger\u00e7i bu talep hep vard\u0131 da, AKP yanda\u015flar\u0131 bunu \u00e7ok a\u00e7\u0131k\u00e7a s\u00f6yleyemiyorlard\u0131. \u015eimdi ekranlara bak\u0131n ba\u015fka talep duymuyorsunuz. Genel yay\u0131n m\u00fcd\u00fcrlerinden yazarlar\u0131na kadar hepsi bu \u00f6neriyi seslendiriyor ve tek \u00e7are olarak g\u00f6steriyor.<\/p>\n<p style=\"text-align: justify;\">\u0130ktidar \u00e7\u00f6z\u00fcm olarak bunu g\u00f6r\u00fcyor olabilir. O zaman sava\u015f alan\u0131na giderek cesaret g\u00f6sterisi yapmak yerine, bu \u00f6neriyi a\u00e7\u0131k\u00e7a s\u00f6yleme cesareti g\u00f6stermelidir. Bilelim, ona g\u00f6re davranal\u0131m.<\/p>\n<p style=\"text-align: justify;\">***<\/p>\n<p style=\"text-align: justify;\"><strong>Ter\u00f6r\u00fcn istedi\u011fi de bu asl\u0131nda <\/strong><\/p>\n<p style=\"text-align: justify;\">Elbette bu hain sald\u0131r\u0131lardan sonra hi\u00e7birimiz duygular\u0131m\u0131za h\u00e2kim olam\u0131yoruz. O kadar \u015fehit cenazesini kald\u0131rman\u0131n y\u00fcreklerimizde yaratt\u0131\u011f\u0131 tahribat\u0131 kolay kolay tamir edemeyece\u011fimizi de biliyoruz. Ancak duygular\u0131m\u0131z\u0131 bu kadar ortaya koymam\u0131z, televizyon haberlerinde ac\u0131l\u0131 ailelerin g\u00f6r\u00fcnt\u00fclerini saatlerce yay\u0131nlamam\u0131z asl\u0131nda ter\u00f6r\u00fcn istedi\u011fini elde etmesi anlam\u0131na da gelmiyor mu? Bir taraftan ter\u00f6r olaylar\u0131n\u0131 \u201cb\u00fcy\u00fctmeyin\u201d uyar\u0131s\u0131 yapacaks\u0131n\u0131z ve bunu \u201cter\u00f6r\u00fcn reklam\u0131\u201d olarak g\u00f6receksiniz ama \u00f6te yandan y\u00fcrek par\u00e7alayan g\u00f6r\u00fcnt\u00fcleri saatlerce ekranda tutacaks\u0131n\u0131z. Herhalde bu g\u00f6r\u00fcnt\u00fcler o hain sald\u0131r\u0131lar\u0131 yapan ter\u00f6ristlerin duygular\u0131nda en k\u00fc\u00e7\u00fck k\u0131p\u0131rdama bile yapm\u0131yordur. Tam tersine ne b\u00fcy\u00fck i\u015f yapt\u0131klar\u0131n\u0131, T\u00fcrk halk\u0131n\u0131 ne hale getirdiklerini keyifle izleyerek ellerini bile \u00e7\u0131rp\u0131yorlard\u0131r.<\/p>\n<p style=\"text-align: justify;\">***<\/p>\n<p style=\"text-align: justify;\"><strong>\u0130stihbarat\u0131 ba\u015fka \u00fclkeye ba\u011fl\u0131 \u00fclke olur mu? <\/strong><\/p>\n<p style=\"text-align: justify;\">Galiba bizi de \u00f6yle bir al\u0131\u015ft\u0131rd\u0131lar ki sanki \u00e7ok s\u0131radan bir olaym\u0131\u015f gibi (ben dahil) hepimiz \u201cAmerika\u2019dan istihbarat gelmedi mi?\u201d diye soruyoruz. Sonra \u201cHeronlar\u0131n bilgisi \u0130srail\u2019e gitmi\u015f, ama onlar da bize vermemi\u015f\u201d diyebiliyoruz.<\/p>\n<p style=\"text-align: justify;\">Galiba hi\u00e7 utanm\u0131yoruz ve s\u0131k\u0131lm\u0131yoruz.<\/p>\n<p style=\"text-align: justify;\">Oysa buna s\u0131radan bir olay gibi bakmak yerine \u201cBir \u00fclkenin istihbarat\u0131 ba\u015fka bir \u00fclkeye ba\u011fl\u0131 olabilir?\u201d diye hayk\u0131rarak sormam\u0131z gerekmiyor mu?<\/p>\n<p style=\"text-align: justify;\">\u00dclkelerin asla kal\u0131c\u0131 dost olmad\u0131\u011f\u0131n\u0131, \u00e7\u0131karlar\u0131n s\u00f6z konusu oldu\u011funu bal gibi bildi\u011fimiz halde \u00f6rne\u011fin Amerika\u2019n\u0131n istihbarat verme konusunda kendi \u00e7\u0131kar\u0131n\u0131 d\u00fc\u015f\u00fcnmeyece\u011fini nereden \u00e7\u0131kar\u0131yoruz?<\/p>\n<p style=\"text-align: justify;\">Bug\u00fcn ter\u00f6r konusunda yabanc\u0131 \u00fclkelere ba\u011f\u0131ml\u0131 olan, yar\u0131n bir sava\u015f durumunda ne yapacak acaba?<\/p>\n<p style=\"text-align: justify;\">At\u0131\u015f sistemleriniz, jetlerinizin u\u00e7u\u015f kodlar\u0131, bilgi a\u011f\u0131n\u0131z yabanc\u0131lar\u0131n elinde oldu\u011funda 70 milyon insan\u0131n huzur i\u00e7inde uyumas\u0131 m\u00fcmk\u00fcn m\u00fc?<\/p>\n<p style=\"text-align: justify;\">***<\/p>\n<p style=\"text-align: justify;\">Ba\u015fbakan\u2019\u0131n belediyecilikten geldi\u011fi her f\u0131rsatta belli oluyor. Zira artan ter\u00f6r, \u201cTa\u015feronlar\u0131n\u201d i\u015fiymi\u015f! (Gani Y\u0131ld\u0131z)<\/p>\n<p style=\"text-align: justify;\"><a href=\"http:\/\/haber.gazetevatan.com\/haberdetay.asp?Newsid=312503\" target=\"_blank\"><span style=\"color: #888888;\">Can Atakl\u0131 &#8211; catakli@gazetevatan.com<\/span><\/a><\/p>\n","protected":false},"excerpt":{"rendered":"<p id=\"caption-attachment-23801\" class=\"wp-caption-text\">Can Atakl\u0131<\/p>\n<p style=\"text-align: justify;\">Yine \u015fehitlerimizin arkas\u0131ndan a\u011f\u0131tlar yakt\u0131k. Devletimizin en b\u00fcy\u00fckleri, askerimizin en b\u00fcy\u00fckleri yine cenaze t\u00f6reninde bir araya geldi. G\u00f6zler bu\u011fulu, y\u00fczler gergin, ifadeler y\u00fcrek paralay\u0131c\u0131.<\/p>\n<p style=\"text-align: justify;\">Ard\u0131ndan \u201colay yerine gitmeler\u201d burada askere moral vermeler, yemeler i\u00e7meler, binlerce koruman\u0131n e\u015fli\u011finde siperlerde poz vermeler. <\/p>\n","protected":false},"author":1,"featured_media":0,"comment_status":"open","ping_status":"closed","sticky":false,"template":"","format":"standard","meta":{"footnotes":""},"categories":[16],"tags":[],"class_list":["post-23800","post","type-post","status-publish","format-standard","hentry","category-kose-yazilari","odd"],"_links":{"self":[{"href":"http:\/\/www.korhanyilmaz.com\/index.php?rest_route=\/wp\/v2\/posts\/23800","targetHints":{"allow":["GET"]}}],"collection":[{"href":"http:\/\/www.korhanyilmaz.com\/index.php?rest_route=\/wp\/v2\/posts"}],"about":[{"href":"http:\/\/www.korhanyilmaz.com\/index.php?rest_route=\/wp\/v2\/types\/post"}],"author":[{"embeddable":true,"href":"http:\/\/www.korhanyilmaz.com\/index.php?rest_route=\/wp\/v2\/users\/1"}],"replies":[{"embeddable":true,"href":"http:\/\/www.korhanyilmaz.com\/index.php?rest_route=%2Fwp%2Fv2%2Fcomments&post=23800"}],"version-history":[{"count":0,"href":"http:\/\/www.korhanyilmaz.com\/index.php?rest_route=\/wp\/v2\/posts\/23800\/revisions"}],"wp:attachment":[{"href":"http:\/\/www.korhanyilmaz.com\/index.php?rest_route=%2Fwp%2Fv2%2Fmedia&parent=23800"}],"wp:term":[{"taxonomy":"category","embeddable":true,"href":"http:\/\/www.korhanyilmaz.com\/index.php?rest_route=%2Fwp%2Fv2%2Fcategories&post=23800"},{"taxonomy":"post_tag","embeddable":true,"href":"http:\/\/www.korhanyilmaz.com\/index.php?rest_route=%2Fwp%2Fv2%2Ftags&post=23800"}],"curies":[{"name":"wp","href":"https:\/\/api.w.org\/{rel}","templated":true}]}}