{"id":23791,"date":"2010-06-21T11:16:28","date_gmt":"2010-06-21T11:16:28","guid":{"rendered":"http:\/\/www.korhanyilmaz.com\/?p=23791"},"modified":"2010-06-21T11:16:28","modified_gmt":"2010-06-21T11:16:28","slug":"sahin%e2%80%99in-helikopter-turu-tartisma-yaratti","status":"publish","type":"post","link":"http:\/\/www.korhanyilmaz.com\/?p=23791","title":{"rendered":"\u015eahin\u2019in helikopter turu tart\u0131\u015fma yaratt\u0131"},"content":{"rendered":"<p style=\"text-align: center;\"><a href=\"http:\/\/www.korhanyilmaz.com\/wp-content\/uploads\/2010\/06\/1161.jpg\"  class=\"lightview\"><img loading=\"lazy\" decoding=\"async\" class=\"aligncenter size-full wp-image-23793\" src=\"http:\/\/www.korhanyilmaz.com\/wp-content\/uploads\/2010\/06\/1161.jpg\" alt=\"\" width=\"420\" height=\"210\" \/><\/a><\/p>\n<p style=\"text-align: justify;\">Meclis Ba\u015fkan\u0131 \u015eahin&#8217;in o\u011flu ve babas\u0131yla birlikte devlet helikopteriyle k\u00f6y\u00fcne gitmesi tart\u0131\u015fma yaratt\u0131&#8230;<\/p>\n<p style=\"text-align: justify;\">ANKARA -TBMM Ba\u015fkan\u0131 Mehmet Ali \u015eahin, ge\u00e7en Cumartesi g\u00fcn\u00fc beraberinde o\u011flu Burak ve babas\u0131 Abdullah \u015eahin ile birlikte Orman Genel M\u00fcd\u00fcrl\u00fc\u011f\u00fc\u2019ne ait helikopterle baba oca\u011f\u0131n\u0131n bulundu\u011fu k\u00f6ye gitmesi ele\u015ftiri konusu olmu\u015ftu. <!--more--><\/p>\n<p style=\"text-align: justify;\"><strong>Meclis\u2019e ta\u015f\u0131nd\u0131 <\/strong><\/p>\n<p style=\"text-align: justify;\">Bu ziyareti CHP\u2019li Ali R\u0131za \u00d6zt\u00fcrk \u201c\u015eahin ailesinin helikopter gezisi\u201dni soru \u00f6nergesiyle TBMM g\u00fcndemine ta\u015f\u0131d\u0131. \u015eahin\u2019in ailesiyle birlikte Bakanl\u0131\u011fa ait bir helikopterle hava gezintisi yapmas\u0131n\u0131 ele\u015ftiren CHP\u2019li \u00d6zt\u00fcrk, \u015fu sorular\u0131na yan\u0131t istedi: \u201cT\u00fcrkiye \u015fehitlerine kan a\u011flarken TBMM Ba\u015fkan\u0131 Say\u0131n Mehmet Ali \u015eahin\u2019in babas\u0131 ve o\u011fluyla birlikte Orman Bakanl\u0131\u011f\u0131\u2019n\u0131n helikopteriyle Karab\u00fck\u2019teki k\u00f6y\u00fcn\u00fcn \u00fczerinde havadan gezinti yapt\u0131\u011f\u0131 hususu do\u011fru mudur? TBMM Ba\u015fkan\u0131, Karab\u00fck\u2019teki k\u00f6y\u00fcne devletin i\u015fini g\u00f6rmek i\u00e7in mi yoksa kendi \u015fahsi i\u015fi i\u00e7in mi gitmi\u015ftir? Orman Bakanl\u0131\u011f\u0131 helikopterlerinin g\u00f6revi, Meclis Ba\u015fkan\u0131n\u0131, babas\u0131n\u0131 ve \u00e7ocu\u011funu ta\u015f\u0131mak m\u0131d\u0131r? Ben de vekili olarak \u00e7ocuklar\u0131m\u0131 ve e\u015fimi al\u0131p Orman Bakanl\u0131\u011f\u0131n\u0131n helikopteri ile k\u00f6y\u00fcme gidebilir miyim? Orman Bakanl\u0131\u011f\u0131 Helikopterine \u00fccret \u00f6denmi\u015f midir?\u201d \u00c7evre ve Orman Bakanl\u0131\u011f\u0131 Orman Genel M\u00fcd\u00fcrl\u00fc\u011f\u00fc\u2019nce konuya ili\u015fkin yap\u0131lan a\u00e7\u0131klama da ise \u015fu \u015f\u00f6yle dendi:<\/p>\n<p style=\"text-align: justify;\"><strong>A\u00e7\u0131klama geldi <\/strong><\/p>\n<p style=\"text-align: justify;\">\u201cGenel M\u00fcd\u00fcrl\u00fc\u011f\u00fcm\u00fczce orman yang\u0131nlar\u0131yla m\u00fccadele etmek ve daha k\u0131sa s\u00fcrede m\u00fcdahale etmek i\u00e7in her y\u0131l ortalama 2 bin km orman yol \u00e7al\u0131\u015fmalar\u0131 yap\u0131lmaktad\u0131r. Bu \u00e7er\u00e7evede Karab\u00fck ili Ovac\u0131k il\u00e7esinde de orman yol \u00e7al\u0131\u015fmalar\u0131 devam etmektedir. Yap\u0131lmakta olan orman yollar\u0131ndan, g\u00fczergah \u00fczerindeki k\u00f6ylerin de yararland\u0131r\u0131lmas\u0131 ormanc\u0131l\u0131k politikam\u0131z gere\u011fidir. Bahse konu b\u00f6lgede te\u015fkilat\u0131m\u0131zca yap\u0131lmakta olan orman yolunun kontrol\u00fc ve yang\u0131nlarla ilgili tedbirleri yerinde g\u00f6rmek \u00fczere Genel M\u00fcd\u00fcr\u00fcm\u00fcz Osman Kahveci taraf\u0131ndan bir program yap\u0131lm\u0131\u015ft\u0131r. Bu program\u0131 yap\u0131lan \u00e7al\u0131\u015fmalar\u0131 yerinde g\u00f6rmek \u00fczere davet edilen Say\u0131n Meclis Ba\u015fkan\u0131m\u0131z Mehmet Ali \u015eahin de kat\u0131lm\u0131\u015flard\u0131r. Say\u0131n Meclis Ba\u015fkan\u0131m\u0131z i\u00e7in ayr\u0131ca bir program yap\u0131lmam\u0131\u015ft\u0131r.\u201d<\/p>\n<p style=\"text-align: justify;\"><span style=\"color: #888888;\">VATAN<\/span><\/p>\n","protected":false},"excerpt":{"rendered":"<p style=\"text-align: center;\">\n<p style=\"text-align: justify;\">Meclis Ba\u015fkan\u0131 \u015eahin&#8217;in o\u011flu ve babas\u0131yla birlikte devlet helikopteriyle k\u00f6y\u00fcne gitmesi tart\u0131\u015fma yaratt\u0131&#8230;<\/p>\n<p style=\"text-align: justify;\">ANKARA -TBMM Ba\u015fkan\u0131 Mehmet Ali \u015eahin, ge\u00e7en Cumartesi g\u00fcn\u00fc beraberinde o\u011flu Burak ve babas\u0131 Abdullah \u015eahin ile birlikte Orman Genel M\u00fcd\u00fcrl\u00fc\u011f\u00fc\u2019ne ait helikopterle baba oca\u011f\u0131n\u0131n bulundu\u011fu k\u00f6ye gitmesi ele\u015ftiri konusu olmu\u015ftu. <\/p>\n","protected":false},"author":1,"featured_media":0,"comment_status":"open","ping_status":"closed","sticky":false,"template":"","format":"standard","meta":{"footnotes":""},"categories":[105],"tags":[],"class_list":["post-23791","post","type-post","status-publish","format-standard","hentry","category-gundem","odd"],"_links":{"self":[{"href":"http:\/\/www.korhanyilmaz.com\/index.php?rest_route=\/wp\/v2\/posts\/23791","targetHints":{"allow":["GET"]}}],"collection":[{"href":"http:\/\/www.korhanyilmaz.com\/index.php?rest_route=\/wp\/v2\/posts"}],"about":[{"href":"http:\/\/www.korhanyilmaz.com\/index.php?rest_route=\/wp\/v2\/types\/post"}],"author":[{"embeddable":true,"href":"http:\/\/www.korhanyilmaz.com\/index.php?rest_route=\/wp\/v2\/users\/1"}],"replies":[{"embeddable":true,"href":"http:\/\/www.korhanyilmaz.com\/index.php?rest_route=%2Fwp%2Fv2%2Fcomments&post=23791"}],"version-history":[{"count":0,"href":"http:\/\/www.korhanyilmaz.com\/index.php?rest_route=\/wp\/v2\/posts\/23791\/revisions"}],"wp:attachment":[{"href":"http:\/\/www.korhanyilmaz.com\/index.php?rest_route=%2Fwp%2Fv2%2Fmedia&parent=23791"}],"wp:term":[{"taxonomy":"category","embeddable":true,"href":"http:\/\/www.korhanyilmaz.com\/index.php?rest_route=%2Fwp%2Fv2%2Fcategories&post=23791"},{"taxonomy":"post_tag","embeddable":true,"href":"http:\/\/www.korhanyilmaz.com\/index.php?rest_route=%2Fwp%2Fv2%2Ftags&post=23791"}],"curies":[{"name":"wp","href":"https:\/\/api.w.org\/{rel}","templated":true}]}}