{"id":2379,"date":"2008-12-15T09:56:37","date_gmt":"2008-12-15T07:56:37","guid":{"rendered":"http:\/\/www.korhanyilmaz.com\/?p=2379"},"modified":"2026-01-28T11:24:17","modified_gmt":"2026-01-28T08:24:17","slug":"bushu-protesto-eden-gazeteciye-destek-yagiyor","status":"publish","type":"post","link":"http:\/\/www.korhanyilmaz.com\/?p=2379","title":{"rendered":"Bush&#8217;u protesto eden gazeteciye destek"},"content":{"rendered":"<p style=\"text-align: center;\"><a href=\"http:\/\/www.korhanyilmaz.com\/wp-content\/uploads\/2008\/12\/52dd405634bd9246a112bf42x.jpg\"  class=\"lightview\"><img loading=\"lazy\" decoding=\"async\" class=\"size-full wp-image-2380 aligncenter\" title=\"Bush'u protesto eden gazeteciye destek ya\u011f\u0131yor \" src=\"http:\/\/www.korhanyilmaz.com\/wp-content\/uploads\/2008\/12\/52dd405634bd9246a112bf42x.jpg\" alt=\"Bush'u protesto eden gazeteciye destek ya\u011f\u0131yor \" width=\"380\" height=\"200\" \/><\/a><\/p>\n<p style=\"text-align: justify;\">Irak&#8217;ta d\u00fcn d\u00fczenlenen bas\u0131n toplant\u0131s\u0131 s\u0131ras\u0131nda ABD Ba\u015fkan\u0131 George Bush&#8217;a ayakkab\u0131lar\u0131n\u0131 f\u0131rlatan Irakl\u0131 gazeteci Muntazar El Zeydi&#8217;ye destek s\u00fcr\u00fcyor.&#8221;<\/p>\n<p style=\"text-align: justify;\"><strong>200 AVUKAT IRAKLI GAZETEC\u0130Y\u0130 \u00dcCRETS\u0130Z SAVUNMAYA HAZIR&#8221;<\/strong><\/p>\n<p style=\"text-align: justify;\">Irak&#8217;\u0131n ABD taraf\u0131ndan devrilen ve Duceyl davas\u0131nda ald\u0131\u011f\u0131 idam cezas\u0131 infaz edilen devlet ba\u015fkan\u0131 Saddam H\u00fcseyin&#8217;in avukatlar\u0131ndan Halil Duleymi, ABD Ba\u015fkan\u0131 George Bush&#8217;a ayakkab\u0131 f\u0131rlatan Irakl\u0131 gazeteciyi 200 avukat\u0131n \u00fccretsiz savunmaya haz\u0131r oldu\u011funu a\u00e7\u0131klad\u0131.<\/p>\n<p style=\"text-align: justify;\">Duleymi, AFP&#8217;ye yapt\u0131\u011f\u0131 a\u00e7\u0131klamada, kendisinin de Irakl\u0131 gazetecinin savunmas\u0131n\u0131 haz\u0131rlad\u0131\u011f\u0131n\u0131 belirterek, &#8221;\u015eu anda aralar\u0131nda Irakl\u0131 ve Amerikal\u0131lar\u0131n bulundu\u011fu 200 kadar avukat gazeteciyi \u00fccretsiz savunmak i\u00e7in ba\u015fvuruda bulundu&#8221; dedi.<!--more--><\/p>\n<p style=\"text-align: justify;\">Irakl\u0131 gazeteciyi savunmaya d\u00fcn gece karar verdi\u011fini de anlatan Duleymi, bir savunma ekibi kurmak i\u00e7in Arap barolarla irtibat halinde oldu\u011funu ifade etti ve &#8221;Bir Irakl\u0131n\u0131n, Irak&#8217;ta ve Afganistan&#8217;da 2 milyon insan\u0131 \u00f6ld\u00fcren zalim bir tiran olan Bush&#8217;a yapabilece\u011fi en asgari hareket budur&#8221; dedi.<\/p>\n<p style=\"text-align: justify;\">Duleymi, Irakl\u0131 gazetecinin derhal sal\u0131verilmesini de istedi.<\/p>\n<p style=\"text-align: justify;\">Bir ba\u015fka Irakl\u0131 avukat Tar\u0131k Harb de, Irakl\u0131 gazetecinin &#8221;Irak&#8217;\u0131 ziyaret eden bir devlet ba\u015fkan\u0131na hakaret etmekten en az 2 y\u0131l hapis cezas\u0131 alabilece\u011fini&#8221; kaydetti.<\/p>\n<p style=\"text-align: justify;\"><strong>AYAKKABILAR, KANIT OLUYOR<\/strong><\/p>\n<p style=\"text-align: justify;\">Irak&#8217;ta, d\u00fcn bas\u0131n toplant\u0131s\u0131 s\u0131ras\u0131nda ABD Ba\u015fkan\u0131 George Bush&#8217;a ayakkab\u0131lar\u0131n\u0131 f\u0131rlatan Irakl\u0131 gazeteci Muntasar El Zeydi, Irakl\u0131 yetkililerce sorgulan\u0131rken, ayakkab\u0131lar\u0131na da delil olarak el konuluyor.<\/p>\n<p style=\"text-align: justify;\">Irakl\u0131 yetkililer, Ba\u015fbakan Nuri El Maliki&#8217;nin makam\u0131nda korumalar\u0131 taraf\u0131ndan sorgulanan gazetecinin 20&#8217;li ya\u015flarda oldu\u011funu, ayakkab\u0131lar\u0131n\u0131n kan\u0131t te\u015fkil etti\u011fini s\u00f6yledi.<\/p>\n<p style=\"text-align: justify;\">Yetkililer, daha \u00f6nce Zeydi&#8217;nin alkol ve uyu\u015fturucu testinden ge\u00e7irildikten sonra, Bush&#8217;a ayakkab\u0131s\u0131n\u0131 f\u0131rlatmas\u0131 i\u00e7in kendisine para verilip verilmedi\u011fini ortaya \u00e7\u0131karmak amac\u0131yla sorguya \u00e7ekildi\u011fini belirtmi\u015fti.<br \/>\nBu arada, El Zeydi&#8217;nin meslekta\u015flar\u0131, gazetecinin ge\u00e7en y\u0131l \u015eii militanlarca ka\u00e7\u0131r\u0131ld\u0131\u011f\u0131n\u0131, \u00e7al\u0131\u015ft\u0131\u011f\u0131 televizyon kanal\u0131 El Ba\u011fdadi&#8217;nin olaya m\u00fcdahalesinin ard\u0131ndan serbest b\u0131rak\u0131ld\u0131\u011f\u0131n\u0131 s\u00f6yledi.<\/p>\n<p style=\"text-align: justify;\">El Ba\u011fdadi televizyonu da, ayakkab\u0131 f\u0131rlatma g\u00f6r\u00fcnt\u00fclerinin yan\u0131 s\u0131ra El Zeydi&#8217;nin b\u0131rak\u0131lmas\u0131 \u00e7a\u011fr\u0131lar\u0131n\u0131 defalarca yay\u0131ml\u0131yor.<\/p>\n<p style=\"text-align: justify;\">Kahire&#8217;deki El Ba\u011fdadi televizyonunun y\u00f6neticisi Abd\u00fclhamid El Sayeh, muhabirlerinin serbest b\u0131rak\u0131lmas\u0131 i\u00e7in herkesi seferber ettiklerini, d\u00fcnya \u00e7ap\u0131nda bir\u00e7ok kurulu\u015fun da kendileriyle birlikte oldu\u011funu s\u00f6yledi. El Sayeh, bu olay\u0131n muhabirin b\u0131rak\u0131lmas\u0131 ya da aksine yarg\u0131lanmas\u0131 konusunda Irakl\u0131lar ile Amerikal\u0131lar i\u00e7in bir test oldu\u011funu ifade etti.<\/p>\n<p style=\"text-align: justify;\">El Ba\u011fdadi televizyonu, El Zeydi&#8217;nin b\u0131rak\u0131lmas\u0131 i\u00e7in d\u00fcnya \u00e7ap\u0131nda gazetecilere dayan\u0131\u015fma \u00e7a\u011fr\u0131s\u0131nda bulunmu\u015ftu.<\/p>\n<p style=\"text-align: justify;\"><strong>SADR YANLILARINDAN DESTEK G\u00d6STER\u0130S\u0130<\/strong><\/p>\n<p style=\"text-align: justify;\">Ba\u011fdat&#8217;\u0131n \u015eiilerin yo\u011fun oldu\u011fu Sadr semtinde, bug\u00fcn sokaklara \u00e7\u0131kan binlerce Mukteda Sadr yanl\u0131s\u0131, El Zeydi&#8217;nin serbest b\u0131rak\u0131lmas\u0131 \u00e7a\u011fr\u0131s\u0131nda bulundu.<\/p>\n<p style=\"text-align: justify;\">Bush&#8217;u protesto eden ve Amerikan bayraklar\u0131 yakan g\u00f6stericiler, &#8220;Bush Bush dinle bizi, kafanda iki pabu\u00e7 izi&#8221; slogan\u0131 att\u0131lar.<\/p>\n<p style=\"text-align: justify;\"><strong>BUSH&#8217;U PROTESTO EDEN GAZETEC\u0130YE DESTEK Y\u00dcR\u00dcY\u00dc\u015e\u00dcNDEN KARELER&#8230;<\/strong><\/p>\n<p style=\"text-align: justify;\">\u00d6te yandan El Zeydi&#8217;nin Bush&#8217;a ayakkab\u0131lar\u0131n\u0131 f\u0131rlatmas\u0131 Arap medyas\u0131nda da ilgiyle kar\u015f\u0131land\u0131.<\/p>\n<p style=\"text-align: justify;\">Londra&#8217;da yay\u0131mlanan El Kuds El Arap gazetesi edit\u00f6r\u00fc Abd\u00fclbari Etvan, internet sitesinde, olay\u0131 &#8220;bir sava\u015f su\u00e7lusu i\u00e7in uygun bir u\u011furlama&#8221; olarak nitelendirdi.<\/p>\n<p style=\"text-align: justify;\">\u0130dam edilen devrik Irak lideri Saddam H\u00fcseyin&#8217;in avukat\u0131 Halil El Duleymi ise, El Cezire televizyonuna yapt\u0131\u011f\u0131 a\u00e7\u0131klamada, El Zeydi i\u00e7in &#8220;kahraman&#8221; ifadesini kulland\u0131.<\/p>\n<p style=\"text-align: justify;\">Irakl\u0131 gazeteci Muntasar El Zeydi, d\u00fcn Irak&#8217;a s\u00fcrpriz bir ziyarette bulunan Ba\u015fkan Bush&#8217;un Irak Ba\u015fbakan\u0131 Nuri El Maliki ile bas\u0131n toplant\u0131s\u0131 s\u0131ras\u0131nda ayakkab\u0131lar\u0131n\u0131 Bush&#8217;a f\u0131rlatm\u0131\u015f, ancak isabet ettirememi\u015fti. El Zeydi, g\u00fcvenlik g\u00fc\u00e7leri taraf\u0131ndan salondan \u00e7\u0131kar\u0131lm\u0131\u015ft\u0131.<\/p>\n<p style=\"text-align: justify;\"><strong>\u015eAKA KONUSU OLDU<\/strong><\/p>\n<p style=\"text-align: justify;\">Suudi Arabistan&#8217;\u0131n ba\u015fkenti Riyad&#8217;da olay \u015faka konusu oldu. Irak&#8217;\u0131n &#8220;14 Aral\u0131\u011f\u0131 uluslararas\u0131 ayakkab\u0131 g\u00fcn\u00fc&#8221; ilan etmeyi d\u00fc\u015f\u00fcnd\u00fc\u011f\u00fc yolundaki mesajlar yay\u0131lmaya ba\u015flad\u0131.<\/p>\n<p style=\"text-align: justify;\">Bat\u0131 \u015eeria&#8217;n\u0131n Ramallah kentindeki Filistinli gazetecilerin de g\u00fcndeminde Irakl\u0131 gazetecinin davran\u0131\u015f\u0131 vard\u0131.<\/p>\n<p style=\"text-align: justify;\">Filistinli gazeteciler, kimin ABD D\u0131\u015fi\u015fleri Bakan\u0131 Condoleezza Rice ya da b\u00f6lgede sevilmeyen ba\u015fka bir Amerikal\u0131 yetkiliye ayakkab\u0131lar\u0131n\u0131 f\u0131rlatacak kadar cesur oldu\u011fu konusunda \u015fakalar yapt\u0131.<\/p>\n<p style=\"text-align: justify;\"><strong>H\u00dcK\u00dcMETTEN KINAMA<\/strong><\/p>\n<p style=\"text-align: justify;\">Irak h\u00fck\u00fcmeti ise gazetecinin hareketini &#8220;barbarca ve rezalet&#8221; olarak nitelendirdi ve bu davran\u0131\u015f\u0131n medyan\u0131n rol\u00fcyle ba\u011fda\u015fmad\u0131\u011f\u0131n\u0131 bildirdi.<\/p>\n<p style=\"text-align: justify;\">Bakanlar kurulu bas\u0131n merkezinden yap\u0131lan a\u00e7\u0131klamada, &#8220;Bu rezil hareketi k\u0131n\u0131yor ve gazetecinin \u00e7al\u0131\u015ft\u0131\u011f\u0131 televizyon kanal\u0131n\u0131, t\u00fcm Irakl\u0131 gazeteciler ve Irak medyas\u0131n\u0131 lekeleyen bu davran\u0131\u015f y\u00fcz\u00fcnden \u00f6z\u00fcr dilemeye davet ediyoruz&#8221; denildi.<\/p>\n<p style=\"text-align: justify;\"><strong>KADDAF\u0130&#8217;N\u0130N KIZI AY\u015eE, GAZETEC\u0130YE &#8221;CESARET N\u0130\u015eANI&#8221; TAKACAK<\/strong><\/p>\n<p style=\"text-align: justify;\">Libya lideri Albay Muammer Kaddafi&#8217;nin k\u0131z\u0131 Ay\u015fe&#8217;nin ba\u015fkanl\u0131\u011f\u0131n\u0131 yapt\u0131\u011f\u0131 hay\u0131r kurumu, ABD Ba\u015fkan\u0131 George Bush&#8217;a ayakkab\u0131 f\u0131rlatan Irakl\u0131 gazeteciye &#8221;cesaret ni\u015fan\u0131&#8221; takacak.<\/p>\n<p style=\"text-align: justify;\">Dernek taraf\u0131ndan gazetecilere da\u011f\u0131t\u0131lan yaz\u0131l\u0131 a\u00e7\u0131klamada, &#8221;Vaatasimu Derne\u011fi genel sekreterinin talimat\u0131yla Irakl\u0131 gazeteci Muntazar El Zeydi&#8217;ye cesaret ni\u015fan\u0131 verilmesi kararla\u015ft\u0131r\u0131lm\u0131\u015ft\u0131r&#8221; denildi.<\/p>\n<p style=\"text-align: justify;\">A\u00e7\u0131klamada, &#8221;Gazeteci, a\u00e7\u0131k\u00e7a &#8216;insan haklar\u0131n\u0131 ihlale hay\u0131r&#8217; dedi ve bunu ABD Ba\u015fkan\u0131 George Bush&#8217;un surat\u0131na ayakkab\u0131lar\u0131n\u0131 f\u0131rlatarak dile getirdi&#8221; ifadesi yer ald\u0131.<\/p>\n<p style=\"text-align: justify;\"><strong>&#8220;ZEYD\u0130, HEM ABD&#8217;N\u0130N F\u0130\u0130L\u0130 \u0130\u015eGAL\u0130NE HEM DE \u0130RAN&#8217;IN MANEV\u0130 \u0130\u015eGAL\u0130NE KAR\u015eI NEFRET BESL\u0130YORDU&#8221;<\/strong><\/p>\n<p style=\"text-align: justify;\">ABD Ba\u015fkan\u0131 George Bush&#8217;a ayakkab\u0131lar\u0131n\u0131 f\u0131rlatan Irakl\u0131 gazetecinin ailesi, Muntaz\u0131r El Zeydi&#8217;nin hem ABD&#8217;nin fiili i\u015fgaline, hem de \u0130ran&#8217;\u0131n &#8220;manevi&#8221; i\u015fgaline kar\u015f\u0131 nefret besledi\u011fini bildirdi.<\/p>\n<p style=\"text-align: justify;\">Zeydi&#8217;nin ailesi, mesle\u011fi gere\u011fi \u00fclkedeki \u015fiddete ve di\u011fer olaylara yak\u0131ndan tan\u0131k olan o\u011fullar\u0131n\u0131n bu eyleminin planl\u0131 olmad\u0131\u011f\u0131na inan\u0131yor.<\/p>\n<p style=\"text-align: justify;\">Ba\u011fdat \u00dcniversitesi \u0130leti\u015fim Fak\u00fcltesinden mezun olduktan sonra 2005&#8217;te televizyonda \u00e7al\u0131\u015fmaya ba\u015flayan Zeydi, bundan iki y\u0131l sonra Ba\u011fdat&#8217;\u0131n kuzeyindeki bir S\u00fcnni b\u00f6lgesinde g\u00f6revdeyken ka\u00e7\u0131r\u0131ld\u0131.<\/p>\n<p style=\"text-align: justify;\">Serbest b\u0131rak\u0131lmas\u0131 i\u00e7in yap\u0131lan yay\u0131nlar\u0131n ard\u0131ndan 3 g\u00fcn sonra sal\u0131verilen Zeydi, ge\u00e7en ocak ay\u0131nda bu kez Amerikal\u0131 askerlerce g\u00f6zalt\u0131na al\u0131nd\u0131ktan sonra ertesi g\u00fcn serbest b\u0131rak\u0131ld\u0131.<\/p>\n<p style=\"text-align: justify;\">Ailesine g\u00f6re, Zeydi bu deneyimlerin de katk\u0131s\u0131yla gerek Amerikan askeri mevcudiyetine, gerekse \u0130ran&#8217;\u0131n Irak&#8217;taki \u015eii cemaati \u00fczerindeki yayg\u0131n etkisine kar\u015f\u0131 derin bir ho\u015fnutsuzluk beslemeye ba\u015flad\u0131.<\/p>\n<p style=\"text-align: justify;\">Karde\u015fi Dir\u011fam, &#8220;Amerika&#8217;n\u0131n fiili i\u015fgaliyle \u0130ran&#8217;\u0131n manevi i\u015fgalinden nefret ediyordu. Madalyonun bir taraf\u0131nda Amerika varsa, di\u011fer taraf\u0131nda da \u0130ran rejiminin oldu\u011funu d\u00fc\u015f\u00fcn\u00fcyordu&#8221; dedi.<\/p>\n<p style=\"text-align: justify;\">Bush&#8217;a ayakkab\u0131lar\u0131n\u0131 f\u0131rlatarak k\u00fc\u00e7\u00fck bir televizyonun tan\u0131nmayan bir muhabiriyken Amerikan i\u015fgalinden bunalm\u0131\u015f Irakl\u0131lar aras\u0131nda milli bir kahramana d\u00f6n\u00fc\u015fen Zeydi&#8217;nin olay\u0131n ard\u0131ndan tutuklanmas\u0131n\u0131 protesto i\u00e7in, Irak&#8217;\u0131n \u00e7e\u015fitli kentlerine g\u00f6steriler d\u00fczenlenmi\u015fti.<\/p>\n<p style=\"text-align: justify;\"><span style=\"color: #c0c0c0;\">Kaynak : Sabah Gazetesi<\/span><\/p>\n","protected":false},"excerpt":{"rendered":"<p style=\"text-align: center;\">\n<p style=\"text-align: justify;\">Irak&#8217;ta d\u00fcn d\u00fczenlenen bas\u0131n toplant\u0131s\u0131 s\u0131ras\u0131nda ABD Ba\u015fkan\u0131 George Bush&#8217;a ayakkab\u0131lar\u0131n\u0131 f\u0131rlatan Irakl\u0131 gazeteci Muntazar El Zeydi&#8217;ye destek s\u00fcr\u00fcyor.&#8221;<\/p>\n<p style=\"text-align: justify;\">200 AVUKAT IRAKLI GAZETEC\u0130Y\u0130 \u00dcCRETS\u0130Z SAVUNMAYA HAZIR&#8221;<\/p>\n<p style=\"text-align: justify;\">Irak&#8217;\u0131n ABD taraf\u0131ndan devrilen ve Duceyl davas\u0131nda ald\u0131\u011f\u0131 idam cezas\u0131 infaz edilen devlet ba\u015fkan\u0131 Saddam H\u00fcseyin&#8217;in avukatlar\u0131ndan Halil Duleymi, ABD <\/p>\n","protected":false},"author":1,"featured_media":0,"comment_status":"open","ping_status":"open","sticky":false,"template":"","format":"standard","meta":{"footnotes":""},"categories":[3],"tags":[],"class_list":["post-2379","post","type-post","status-publish","format-standard","hentry","category-dunya","odd"],"_links":{"self":[{"href":"http:\/\/www.korhanyilmaz.com\/index.php?rest_route=\/wp\/v2\/posts\/2379","targetHints":{"allow":["GET"]}}],"collection":[{"href":"http:\/\/www.korhanyilmaz.com\/index.php?rest_route=\/wp\/v2\/posts"}],"about":[{"href":"http:\/\/www.korhanyilmaz.com\/index.php?rest_route=\/wp\/v2\/types\/post"}],"author":[{"embeddable":true,"href":"http:\/\/www.korhanyilmaz.com\/index.php?rest_route=\/wp\/v2\/users\/1"}],"replies":[{"embeddable":true,"href":"http:\/\/www.korhanyilmaz.com\/index.php?rest_route=%2Fwp%2Fv2%2Fcomments&post=2379"}],"version-history":[{"count":0,"href":"http:\/\/www.korhanyilmaz.com\/index.php?rest_route=\/wp\/v2\/posts\/2379\/revisions"}],"wp:attachment":[{"href":"http:\/\/www.korhanyilmaz.com\/index.php?rest_route=%2Fwp%2Fv2%2Fmedia&parent=2379"}],"wp:term":[{"taxonomy":"category","embeddable":true,"href":"http:\/\/www.korhanyilmaz.com\/index.php?rest_route=%2Fwp%2Fv2%2Fcategories&post=2379"},{"taxonomy":"post_tag","embeddable":true,"href":"http:\/\/www.korhanyilmaz.com\/index.php?rest_route=%2Fwp%2Fv2%2Ftags&post=2379"}],"curies":[{"name":"wp","href":"https:\/\/api.w.org\/{rel}","templated":true}]}}