{"id":23786,"date":"2010-06-22T08:54:08","date_gmt":"2010-06-22T08:54:08","guid":{"rendered":"http:\/\/www.korhanyilmaz.com\/?p=23786"},"modified":"2010-06-22T08:54:08","modified_gmt":"2010-06-22T08:54:08","slug":"demirtas-siddetin-nedeni-acilimlarin-basarisizligi","status":"publish","type":"post","link":"http:\/\/www.korhanyilmaz.com\/?p=23786","title":{"rendered":"Demirta\u015f: &#8220;\u015eiddetin nedeni a\u00e7\u0131l\u0131mlar\u0131n ba\u015far\u0131s\u0131zl\u0131\u011f\u0131&#8221;"},"content":{"rendered":"<p><a href=\"http:\/\/www.korhanyilmaz.com\/wp-content\/uploads\/2010\/06\/114.jpg\"  class=\"lightview\"><img loading=\"lazy\" decoding=\"async\" class=\"aligncenter size-full wp-image-23787\" src=\"http:\/\/www.korhanyilmaz.com\/wp-content\/uploads\/2010\/06\/114.jpg\" alt=\"\" width=\"292\" height=\"219\" \/><\/a><\/p>\n<p style=\"text-align: justify;\">BDP Genel Ba\u015fkan\u0131 Selahattin Demirta\u015f, ya\u015fanan \u015fiddet olaylar\u0131n\u0131n, h\u00fck\u00fcmetin demokratik a\u00e7\u0131l\u0131mlarda ba\u015far\u0131z olmas\u0131ndan kaynakland\u0131\u011f\u0131n\u0131 \u00f6ne s\u00fcrd\u00fc.<\/p>\n<p style=\"text-align: justify;\">Demirta\u015f, \u0130sve\u00e7 Sosyal Demokrat Parti&#8217;nin daveti ile geldi\u011fi \u0130sve\u00e7&#8217;te \u00f6\u011fleden sonra T\u00fcrkiye&#8217;nin Stockholm B\u00fcy\u00fckel\u00e7isi Zerg\u00fcn Korut\u00fcrk&#8217;u ziyaret etti. <!--more--><\/p>\n<p style=\"text-align: justify;\">Ziyaretten sonra gazetecilerin sorular\u0131n\u0131 yan\u0131tlayan Demirta\u015f, BDP Grup Ba\u015fkanvekili Bengi Y\u0131ld\u0131z&#8217;\u0131n, ailelere \u00e7ocuklar\u0131n\u0131 askere g\u00f6ndermeme konusunda yapt\u0131\u011f\u0131 \u00e7a\u011fr\u0131yla ilgili soru \u00fczerine, T\u00fcrkiye&#8217;de 30 y\u0131ldan beri ister asker olsun ister da\u011fdakiler olsun yoksul, emek\u00e7i halk \u00e7ocuklar\u0131n\u0131n hayat\u0131n\u0131 kaybetti\u011fini savundu.<\/p>\n<p style=\"text-align: justify;\">Demirta\u015f, \u015f\u00f6yle dedi:<\/p>\n<p style=\"text-align: justify;\">&#8220;T\u00fcrkiye&#8217;yi y\u00f6neten, bakanlar, ba\u015fbakanlar, generaller \u00e7ocuklar\u0131n\u0131 bir \u015fekilde koruyor. G\u00fcneydo\u011fu&#8217;da askere g\u00f6ndermiyorlar. Biz kimsenin evlatlar\u0131n\u0131n \u00f6lmesini istemiyoruz, ama dolay\u0131s\u0131 ile kendi evlatlar\u0131 bu i\u015ften zarar g\u00f6rmedi\u011fi i\u00e7in bu i\u015fte \u00e7\u00f6z\u00fcm \u00fcretmekte zorlan\u0131yorlar. Dolay\u0131s\u0131 ile grup ba\u015fkanvekilimizin yapt\u0131\u011f\u0131 \u00e7a\u011fr\u0131, bir itaatsizlikten \u00f6teye bir sorgulamaya y\u00f6neliktir. Toplumumuz ger\u00e7ekten bunu sorgulamal\u0131d\u0131r.&#8221;<\/p>\n<p style=\"text-align: justify;\">\u015eiddet konusunda parti olarak, PKK ter\u00f6r \u00f6rg\u00fct\u00fcne de tavsiyelerinin olup olmad\u0131\u011f\u0131n\u0131n sorulmas\u0131 \u00fczerine Selahattin Demirta\u015f, &#8220;Bizim \u00e7a\u011fr\u0131m\u0131z silahta \u0131srar eden herkesedir. Bu i\u015f \u00f6yle silah ile \u00e7at\u0131\u015fma ile \u015fiddet ile \u00e7\u00f6z\u00fclecek mesele de\u011fil&#8221; dedi.<\/p>\n<p style=\"text-align: justify;\">Demirta\u015f, ter\u00f6r olaylar\u0131n\u0131n son g\u00fcnlerde t\u0131rmanmas\u0131yla ilgili bir soruyu yan\u0131tlarken, h\u00fck\u00fcmetin demokratik a\u00e7\u0131l\u0131m s\u00fcrecinde ba\u015far\u0131s\u0131z olmas\u0131ndan dolay\u0131 ter\u00f6r olaylar\u0131nda son g\u00fcnlerde art\u0131\u015f ya\u015fand\u0131\u011f\u0131n\u0131 iddia etti.<\/p>\n<p style=\"text-align: justify;\">BDP&#8217;liler, \u0130sve\u00e7&#8217;teki temaslar\u0131n\u0131 tamamlad\u0131ktan sonra yar\u0131n T\u00fcrkiye&#8217;ye d\u00f6necek.<\/p>\n<p style=\"text-align: justify;\"><span style=\"color: #888888;\">CNN T\u00dcRK<\/span><\/p>\n","protected":false},"excerpt":{"rendered":"<\/p>\n<p style=\"text-align: justify;\">BDP Genel Ba\u015fkan\u0131 Selahattin Demirta\u015f, ya\u015fanan \u015fiddet olaylar\u0131n\u0131n, h\u00fck\u00fcmetin demokratik a\u00e7\u0131l\u0131mlarda ba\u015far\u0131z olmas\u0131ndan kaynakland\u0131\u011f\u0131n\u0131 \u00f6ne s\u00fcrd\u00fc.<\/p>\n<p style=\"text-align: justify;\">Demirta\u015f, \u0130sve\u00e7 Sosyal Demokrat Parti&#8217;nin daveti ile geldi\u011fi \u0130sve\u00e7&#8217;te \u00f6\u011fleden sonra T\u00fcrkiye&#8217;nin Stockholm B\u00fcy\u00fckel\u00e7isi Zerg\u00fcn Korut\u00fcrk&#8217;u ziyaret etti. <\/p>\n","protected":false},"author":1,"featured_media":0,"comment_status":"open","ping_status":"closed","sticky":false,"template":"","format":"standard","meta":{"footnotes":""},"categories":[105],"tags":[],"class_list":["post-23786","post","type-post","status-publish","format-standard","hentry","category-gundem","odd"],"_links":{"self":[{"href":"http:\/\/www.korhanyilmaz.com\/index.php?rest_route=\/wp\/v2\/posts\/23786","targetHints":{"allow":["GET"]}}],"collection":[{"href":"http:\/\/www.korhanyilmaz.com\/index.php?rest_route=\/wp\/v2\/posts"}],"about":[{"href":"http:\/\/www.korhanyilmaz.com\/index.php?rest_route=\/wp\/v2\/types\/post"}],"author":[{"embeddable":true,"href":"http:\/\/www.korhanyilmaz.com\/index.php?rest_route=\/wp\/v2\/users\/1"}],"replies":[{"embeddable":true,"href":"http:\/\/www.korhanyilmaz.com\/index.php?rest_route=%2Fwp%2Fv2%2Fcomments&post=23786"}],"version-history":[{"count":0,"href":"http:\/\/www.korhanyilmaz.com\/index.php?rest_route=\/wp\/v2\/posts\/23786\/revisions"}],"wp:attachment":[{"href":"http:\/\/www.korhanyilmaz.com\/index.php?rest_route=%2Fwp%2Fv2%2Fmedia&parent=23786"}],"wp:term":[{"taxonomy":"category","embeddable":true,"href":"http:\/\/www.korhanyilmaz.com\/index.php?rest_route=%2Fwp%2Fv2%2Fcategories&post=23786"},{"taxonomy":"post_tag","embeddable":true,"href":"http:\/\/www.korhanyilmaz.com\/index.php?rest_route=%2Fwp%2Fv2%2Ftags&post=23786"}],"curies":[{"name":"wp","href":"https:\/\/api.w.org\/{rel}","templated":true}]}}