{"id":23782,"date":"2010-06-19T07:48:15","date_gmt":"2010-06-19T07:48:15","guid":{"rendered":"http:\/\/www.korhanyilmaz.com\/?p=23782"},"modified":"2010-06-19T07:48:15","modified_gmt":"2010-06-19T07:48:15","slug":"siyasal-islamcilar-icin-gazze-neden-onemli","status":"publish","type":"post","link":"http:\/\/www.korhanyilmaz.com\/?p=23782","title":{"rendered":"Siyasal \u0130slamc\u0131lar \u0130\u00e7in Gazze Neden \u00d6nemli?"},"content":{"rendered":"<p><a href=\"http:\/\/www.korhanyilmaz.com\/wp-content\/uploads\/2010\/06\/113.jpg\"  class=\"lightview\"><img loading=\"lazy\" decoding=\"async\" class=\"aligncenter size-full wp-image-23783\" src=\"http:\/\/www.korhanyilmaz.com\/wp-content\/uploads\/2010\/06\/113.jpg\" alt=\"\" width=\"250\" height=\"175\" \/><\/a><\/p>\n<p style=\"text-align: justify;\">12 Eyl\u00fcl 1980\u2019de toplumsal hayat\u0131n \u201c\u0130slamile\u015ftirilmesi\u201d ayn\u0131 d\u00f6nemde Filistin topraklar\u0131nda da ya\u015fand\u0131. Tesad\u00fcf de\u011fildi. ABD bu \u201cye\u015fil ku\u015fak projesi\u201dni ayn\u0131 s\u00fcre\u00e7te, ayn\u0131 ama\u00e7la Filistin\u2019de de hayata ge\u00e7irdi. Bug\u00fcn T\u00fcrkiye\u2019de a\u011fz\u0131ndan \u201cGazze\u201d s\u00f6zc\u00fc\u011f\u00fcn\u00fc d\u00fc\u015f\u00fcrmeyen siyasi \u00e7evreler ile Gazze\u2019yi merkez yapan HAMAS bu b\u00fcy\u00fck projenin \u00fcr\u00fcn\u00fcd\u00fcr. Gelin T\u00fcrkiye ve Filistin\u2019in nas\u0131l \u201c\u0130slamile\u015ftirildi\u011fine\u201d bir g\u00f6z atal\u0131m. Ki bu siyasal ittifak\u0131 anlayal\u0131m\u2026 <!--more--><\/p>\n<p style=\"text-align: justify;\">Bu sayfada \u0131srarla bir konunun alt\u0131n\u0131 \u00e7izmeyi s\u00fcrd\u00fcrece\u011fim:<\/p>\n<p style=\"text-align: justify;\">T\u00fcrkiye\u2019de yaprak k\u0131m\u0131ldasa kafan\u0131z\u0131 yukar\u0131 kald\u0131r\u0131p bakacaks\u0131n\u0131z, d\u00fcnyada r\u00fczgar nereden esiyor?<\/p>\n<p style=\"text-align: justify;\">\u015eimdi, \u201cSiyasal \u0130slam T\u00fcrkiye\u2019de en \u00e7ok ne zaman devlet kat\u0131nda himaye g\u00f6rd\u00fc?\u201d diye sorsam ne yan\u0131t verirsiniz?<\/p>\n<p style=\"text-align: justify;\">\u201c12 Eyl\u00fcl 1980 askeri darbesi\u201d do\u011fru cevapt\u0131r.<\/p>\n<p style=\"text-align: justify;\">12 Eyl\u00fcl\u2019\u00fcn iki \u00f6nemli dayatmas\u0131 oldu.<\/p>\n<p style=\"text-align: justify;\">Biri; neo-liberal iktisada ge\u00e7i\u015f.<\/p>\n<p style=\"text-align: justify;\">\u0130kincisi, sol tehlikeyi tamamen ortadan kald\u0131rmak.<\/p>\n<p style=\"text-align: justify;\">ABD\u2019nin \u201cYe\u015fil Ku\u015fak Projesi\u201dnin stratejisi, sol hareketlerin kar\u015f\u0131s\u0131na panzehir olarak \u201c\u0130slam\u201d\u0131 \u00e7\u0131karmakt\u0131.<\/p>\n<p style=\"text-align: justify;\">Bug\u00fcn\u2026<\/p>\n<p style=\"text-align: justify;\">T\u00fcrkiye d\u0131\u015f politikas\u0131nda \u201ceksen kaymas\u0131\u201d tart\u0131\u015fmas\u0131 yap\u0131l\u0131yor.<\/p>\n<p style=\"text-align: justify;\">As\u0131l \u201ceksen de\u011fi\u015fikli\u011fi\u201d 12 Eyl\u00fcl darbesiyle ya\u015fanmad\u0131 m\u0131? \u0130slam Konferans\u0131 \u00d6rg\u00fct\u00fc, \u0130slam Kalk\u0131nma Bankas\u0131, RABITA ili\u015fkileri; Pakistan\u2019\u0131, Suudi Arabistan\u2019\u0131 karde\u015f \u00fclke g\u00f6rmenin milad\u0131 12 Eyl\u00fcl darbesi de\u011fil mi? Kenan Evren ile \u201cKarde\u015f Ziya \u00dcl Hak\u2019\u0131n dostlu\u011funun alt\u0131nda yatan neydi san\u0131yorsunuz? Bunlar salt ki\u015fisel dostluk ili\u015fkileri miydi? \u00c7ocuk olmay\u0131n\u0131z!<\/p>\n<p style=\"text-align: justify;\">Bu ili\u015fkilerin mimar\u0131 ABD idi.<\/p>\n<p style=\"text-align: justify;\">Fazla ayr\u0131nt\u0131ya girmek istemiyorum. Bu \u00f6rnekleri s\u0131ralamam\u0131n nedeni Filistin\u2019de-Gazze\u2019de son 30 y\u0131lda siyasal atmosferin nas\u0131l de\u011fi\u015fti\u011fini yazmak.<\/p>\n<p style=\"text-align: justify;\">Yani \u201cYe\u015fil Ku\u015fak Projesi\u201d salt T\u00fcrkiye\u2019de hayata ge\u00e7irilmedi. Filistin\u2019de de solcular\u0131n, sosyalistlerin, milliyet\u00e7ilerin kar\u015f\u0131s\u0131na panzehir olarak \u201c\u0130slam\u201d \u00e7\u0131kar\u0131ld\u0131.<\/p>\n<p style=\"text-align: justify;\">Ama\u00e7 ayn\u0131yd\u0131; T\u00fcrkiye gibi Filistin\u2019in de sola kaymas\u0131n\u0131 \u00f6nlemek!<\/p>\n<p style=\"text-align: justify;\">Bug\u00fcn Gazze yard\u0131mlar\u0131n\u0131 ve \u201ceksen\u201d tart\u0131\u015fmalar\u0131n\u0131 bu bilgiler \u0131\u015f\u0131\u011f\u0131nda analiz etmeliyiz. \u015e\u00f6yle ki\u2026<\/p>\n<p style=\"text-align: justify;\"><strong>Gazze: HAMAS\u2019\u0131n kalesi<\/strong><\/p>\n<p style=\"text-align: justify;\">Filistinliler ile Osmanl\u0131lar\u2019\u0131n aras\u0131 hep iyi oldu.<\/p>\n<p style=\"text-align: justify;\">Sadece Birinci D\u00fcnya Sava\u015f\u0131\u2019nda baz\u0131 Filistinli kentsoylular, \u0130ngilizler\u2019in \u201cSuriye ile Filistin birle\u015ftirilip ba\u011f\u0131ms\u0131z bir \u00fclke yap\u0131lacak\u201d s\u00f6z\u00fcne kan\u0131p Osmanl\u0131\u2019ya kar\u015f\u0131 ayaklananlara destek verdiler.<\/p>\n<p style=\"text-align: justify;\">Ancak.<\/p>\n<p style=\"text-align: justify;\">\u0130ngilizler\u2019in Yahudiler\u2019in Filistin\u2019e g\u00f6\u00e7 etmelerine dair yay\u0131nlad\u0131klar\u0131 Belfour Bildirgesi\u2019yle yan\u0131ld\u0131klar\u0131n\u0131 k\u0131sa s\u00fcrede anlad\u0131lar. Bu tarihten itibaren ba\u011f\u0131ms\u0131zl\u0131k m\u00fccadelesine ba\u015flad\u0131lar.<\/p>\n<p style=\"text-align: justify;\">Bu m\u00fccadelenin \u00f6nderli\u011fini ilk ba\u015flarda Hitler-Mussolini\u2019yle bile ittifak yapan \u201cKud\u00fcs M\u00fcft\u00fcs\u00fc\u201d Hac\u0131 Emin ya da cihat\u00e7\u0131 \u015eeyh \u0130zzeddin el Kesem gibi din adamlar\u0131 yapt\u0131.<\/p>\n<p style=\"text-align: justify;\">Sonra\u2026<\/p>\n<p style=\"text-align: justify;\">M\u0131s\u0131r\u2019da Hasan el Benne taraf\u0131ndan 1927\u2019de kurulan \u0130hvan (M\u00fcsl\u00fcman Karde\u015fler) Filistin meselesine \u00f6zel \u00f6nem vererek \u00f6nderli\u011fi ald\u0131.<\/p>\n<p style=\"text-align: justify;\">Hasan el Benne\u2019nin karde\u015fi Abdurrahman arac\u0131l\u0131\u011f\u0131yla \u0130hvan, Filistin\u2019de \u00f6rg\u00fctlenmeye ba\u015flad\u0131. \u00d6rg\u00fct\u00fcn Filistin\u2019deki ad\u0131, Cemiyet-\u00fcl Tevhid idi.<\/p>\n<p style=\"text-align: justify;\">\u0130hvan\u2019\u0131n k\u0131sa s\u00fcrede en g\u00fc\u00e7l\u00fc oldu\u011fu yer Gazze oldu.<\/p>\n<p style=\"text-align: justify;\">Gazze b\u00f6lgesinde a\u015firet ve kabile ili\u015fkileri g\u00fc\u00e7l\u00fcyd\u00fc. Burada Ortodoks dini k\u00fclt\u00fcr\u00fc s\u00fcrd\u00fcren \u00e7\u00f6l bedevileri vard\u0131. Bu nedenledir ki \u0130hvan, Gazze \u015eeridi denilen alanda kolayca \u00f6rg\u00fctlenip k\u00f6k sald\u0131.<\/p>\n<p style=\"text-align: justify;\">Ortado\u011fu\u2019yu en iyi bilen yazarlardan Faik Bulut\u2019a g\u00f6re, \u201cg\u00fcn\u00fcm\u00fczde Gazze m\u0131nt\u0131kas\u0131n\u0131n \u0130slamc\u0131 HAMAS \u00f6rg\u00fct\u00fcn\u00fcn kalesi durumunda olmas\u0131n\u0131n bir nedeni de bu olsa gerek\u201dti. (\u0130slamc\u0131 \u00d6rg\u00fctler)<\/p>\n<p style=\"text-align: justify;\">\u0130hvan\u2019\u0131n Gazze\u2019de k\u00f6k salmas\u0131n\u0131n bir nedeni de, bug\u00fcn tart\u0131\u015fmalara neden olan yard\u0131mlar meselesidir!<\/p>\n<p style=\"text-align: justify;\"><strong>Rahmet Katarlar\u0131 <\/strong><\/p>\n<p style=\"text-align: justify;\">\u201cRahmet Katarlar\u0131\u201d yani \u201cYard\u0131m Kervanlar\u0131\u201d bir ba\u011f\u0131\u015f kampanyas\u0131n\u0131n ad\u0131yd\u0131. Yani g\u00fcn\u00fcm\u00fczdeki Mavi Marmara gemisinin yapt\u0131\u011f\u0131 gibi o d\u00f6nemde de yard\u0131mlar \u201cRahmet Katarlar\u0131\u201dyla yap\u0131l\u0131yordu.<\/p>\n<p style=\"text-align: justify;\">\u0130hvan\u2019\u0131n Gazze\u2019deki en birincil g\u00f6revi halktan toplanan ba\u011f\u0131\u015flar\u0131 da\u011f\u0131tmakt\u0131. \u0130kincil g\u00f6revi ise, M\u0131s\u0131r\u2019dan getirdikleri din adamlar\u0131 vas\u0131tas\u0131yla Gazze\u2019de dinsel faaliyet y\u00fcr\u00fctmekti.<\/p>\n<p style=\"text-align: justify;\">1950\u2019li y\u0131llarda d\u00fcnyadaki nesnel geli\u015fmeler ilerici ulusal kurtulu\u015f hareketleri ve sosyalist hareketleri y\u00fckseli\u015fe ge\u00e7irdi. Arap d\u00fcnyas\u0131nda Nas\u0131rc\u0131l\u0131k, Baasc\u0131l\u0131k gibi ulusalc\u0131-sosyalist hareketler b\u00fcy\u00fck g\u00fc\u00e7 kazanmaya ba\u015flad\u0131.<\/p>\n<p style=\"text-align: justify;\">\u0130hvan\u2019\u0131n mensuplar\u0131 ve sempatizanlar\u0131 bu hareketlere y\u00f6neldi. Keza milliyet\u00e7i-sosyalist El Fetih hareketi b\u00f6yle kuruldu. El Fetih\u2019e yo\u011fun \u0130slami kat\u0131l\u0131m Gazze\u2019den oldu.<\/p>\n<p style=\"text-align: justify;\">El Fetih k\u0131sa zamanda Filistin Kurtulu\u015f \u00d6rg\u00fct\u00fc (FK\u00d6) i\u00e7indeki en g\u00fc\u00e7l\u00fc \u00f6rg\u00fct oldu. FK\u00d6; \u0130slamc\u0131lar\u2019\u0131, milliyet\u00e7ileri, sosyalistleri bir araya getiren laik-yurtsever bir cephe \u00f6rg\u00fct\u00fcyd\u00fc.<\/p>\n<p style=\"text-align: justify;\">So\u011fuk Sava\u015f d\u00f6neminde Sovyetler Birli\u011fi ve \u00c7in\u2019e yak\u0131n olan FK\u00d6, ABD ve \u0130srail\u2019in hedefindeki \u00f6rg\u00fct oldu.<\/p>\n<p style=\"text-align: justify;\"><strong>\u201c\u0130slamile\u015ftirme\u201d Projesi <\/strong><\/p>\n<p style=\"text-align: justify;\">1967 Arap-\u0130srail Sava\u015f\u0131 Filistin\u2019in siyasal havas\u0131n\u0131 de\u011fi\u015ftirdi.<\/p>\n<p style=\"text-align: justify;\">Filistin halk\u0131, sava\u015f\u0131 Allah\u2019\u0131n gazab\u0131 olarak nitelendirip i\u00e7ine kapand\u0131.<\/p>\n<p style=\"text-align: justify;\">O tarihe kadar hi\u00e7bir siyasal faaliyette bulunmayan \u0130hvan yava\u015f yava\u015f k\u0131p\u0131rdanmaya ba\u015flad\u0131. 1975\u2019den sonra kulu\u00e7kadan tamamen kalkt\u0131.<\/p>\n<p style=\"text-align: justify;\">Niye?<\/p>\n<p style=\"text-align: justify;\">Bu s\u00fcre\u00e7te Filistin topraklar\u0131na bir \u201cg\u00f6r\u00fcnmez el\u201d girmi\u015fti.<\/p>\n<p style=\"text-align: justify;\">\u0130srail h\u00fck\u00fcmeti, \u0130slamc\u0131, milliyet\u00e7i, solcu ittifak\u0131 par\u00e7alamak i\u00e7in bir \u201cye\u015fil\u201d stratejiyi hayata ge\u00e7irdi.<\/p>\n<p style=\"text-align: justify;\">\u0130lk att\u0131\u011f\u0131 ad\u0131m; Filistin toplumunu M\u00fcsl\u00fcman, H\u0131r\u0131stiyan ve D\u00fcrzi olarak b\u00f6lmek oldu. \u0130srail Radyosu\u2019nun Arap\u00e7a program\u0131nda her sabah dini yay\u0131nlar yapt\u0131.<\/p>\n<p style=\"text-align: justify;\">Arap\u00e7a yay\u0131nlanan \u0130srail gazetelerinde \u0130slam propagandas\u0131 yapt\u0131. \u0130slam\u2019a ili\u015fkin kitaplar bast\u0131rd\u0131, da\u011f\u0131tt\u0131. \u0130slami yay\u0131nlarda patlama ya\u015fand\u0131. Bu arada Arap ulusalc\u0131l\u0131\u011f\u0131na ve sosyalistlere ili\u015fkin t\u00fcm yay\u0131nlara yasak getirdi.<\/p>\n<p style=\"text-align: justify;\">1967\u20131987 aras\u0131nda Filistin\u2019de cami, mescit say\u0131s\u0131 400\u2019den 750\u2019ye \u00e7\u0131kt\u0131. Gazze\u2019de ise bu rakam 200\u2019den 600\u2019e y\u00fckseldi.<\/p>\n<p style=\"text-align: justify;\">Gazze sahilindeki kum tepecikleri aras\u0131na geli\u015fig\u00fczel yap\u0131lm\u0131\u015f camiler, g\u00f6\u00e7men gen\u00e7lerle doldurulmaya ba\u015fland\u0131.<\/p>\n<p style=\"text-align: justify;\">Kud\u00fcs, el Halil, Gazze\u2019de \u0130slam \u00fcniversiteleri kuruldu.<\/p>\n<p style=\"text-align: justify;\">Filistin\u2019in \u201c\u0130slamile\u015ftirilmesi\u201d sonucu laik \u00e7evrelerin kalesi olarak bilinen Nablus bile bu ye\u015fil dalgadan etkilendi.<\/p>\n<p style=\"text-align: justify;\">1990\u2019lara gelindi\u011finde Filistinlilerin y\u00fczde 50\u2019si, \u0130slami temelli bir devlet kurulmas\u0131ndan yanayd\u0131.<\/p>\n<p style=\"text-align: justify;\">\u201c\u015eekillendirilen\u201d bu M\u00fcsl\u00fcmanlar, ulusalc\u0131, demokrat, ilerici, sosyalist Filistinli direni\u015f\u00e7ilerle aralar\u0131na mesafe koymaya ba\u015flad\u0131.<\/p>\n<p style=\"text-align: justify;\">Filistin hareketi b\u00f6l\u00fcnd\u00fc\u2026<\/p>\n<p style=\"text-align: justify;\"><strong>\u0130hvan uyand\u0131r\u0131ld\u0131 <\/strong><\/p>\n<p style=\"text-align: justify;\">\u0130hvan 1980\u2019lerin ba\u015f\u0131nda uzun k\u0131\u015f uykusundan tamamen uyand\u0131\/uyand\u0131r\u0131ld\u0131.<\/p>\n<p style=\"text-align: justify;\">\u0130lk hedefi FK\u00d6 kontrol\u00fcndeki sivil toplum kurulu\u015flar\u0131n y\u00f6netimlerini ele ge\u00e7irmek oldu. FK\u00d6 kar\u015f\u0131t\u0131 sert s\u00f6ylemleri zaman zaman \u00e7at\u0131\u015fmalar \u00e7\u0131kard\u0131. Filistin hareketi ikiye b\u00f6l\u00fcnmekle kalmad\u0131 art\u0131k birbirlerini \u00f6ld\u00fcr\u00fcr hale geldi.<\/p>\n<p style=\"text-align: justify;\">\u0130srail\u2019in bu geli\u015fmelerin i\u00e7inde olmad\u0131\u011f\u0131n\u0131 d\u00fc\u015f\u00fcnmek safl\u0131k olur.<\/p>\n<p style=\"text-align: justify;\">\u00d6rne\u011fin; Filistin\u2019e giden ve gelen paralar\u0131 kontrol alt\u0131nda tutan \u0130srail, \u0130hvan\u2019a yurt d\u0131\u015f\u0131ndan gelen paralara bu d\u00f6nemde hi\u00e7 ses \u00e7\u0131karmad\u0131.<\/p>\n<p style=\"text-align: justify;\">\u0130srail yapt\u0131klar\u0131n\u0131n \u201cmeyvesini\u201d 1986\u2019dan itibaren toplamaya ba\u015flad\u0131. FK\u00d6\u2019n\u00fcn en g\u00fc\u00e7l\u00fc birimi El Fetih\u2019den ve \u0130hvan\u2019dan ayr\u0131lanlar HAMAS\u2019\u0131 kurdu.<\/p>\n<p style=\"text-align: justify;\">FK\u00d6 lideri Y.Arafat HAMAS\u2019\u0131 G\u00fcney Afrika Beyaz Y\u00f6netimi\u2019yle i\u015fbirli\u011fi yapan siyah \u0130nkatha\/Zulu kabilelerine benzetti.<\/p>\n<p style=\"text-align: justify;\">El Fetih Gazze Lideri Tevfik ebu Hawse\u2019ye g\u00f6re, \u0130srail, HAMAS ile gizli i\u015fbirli\u011fi i\u00e7indeydi ve HAMAS\u2019\u0131n geli\u015fmesine g\u00f6z yumuyordu.<\/p>\n<p style=\"text-align: justify;\">El Arab gazetesi, \u201cHAMAS \u00f6rg\u00fct\u00fcn\u00fcn kurulmas\u0131na m\u00fcsaade eden ki\u015fi \u0130srail H\u00fck\u00fcmeti\u2019nin Gazze\u2019deki asker valisiydi ve hedefi FK\u00d6\u2019y\u00fc b\u00f6lmekti.\u201d (11.01. 1993)<\/p>\n<p style=\"text-align: justify;\">Benzer s\u00f6zler ve tart\u0131\u015fmalar hala s\u00fcr\u00fcyor.<\/p>\n<p style=\"text-align: justify;\"><strong>\u0130\u015fbirli\u011fi \u015fa\u015f\u0131rt\u0131c\u0131 m\u0131? <\/strong><\/p>\n<p style=\"text-align: justify;\">Peki\u2026<\/p>\n<p style=\"text-align: justify;\">T\u00fcrkiye\u2019de 12 Eyl\u00fcl 1980 darbesiyle ba\u015flayan \u201c\u0130slamile\u015ftirme\u201d politikas\u0131yla Filistin\u2019deki s\u00fcre\u00e7 birbirine benzemiyor mu?<\/p>\n<p style=\"text-align: justify;\">\u00c7ok ortak noktalar\u0131 var.<\/p>\n<p style=\"text-align: justify;\">Ayn\u0131 \u201cg\u00f6r\u00fcnmez eller\u201d ayn\u0131 \u201cye\u015fil ku\u015fak projesi\u201dyle her iki toprakta da birbirine benzer politik \u0130slami hareketlerin do\u011fmas\u0131na neden oldu.<\/p>\n<p style=\"text-align: justify;\">\u0130\u015fte bug\u00fcn T\u00fcrkiye\u2019de Gazze\u2019yi a\u011fz\u0131ndan d\u00fc\u015f\u00fcrmeyenler ile Gazze\u2019deki HAMAS \u00f6rg\u00fct\u00fc aras\u0131ndaki ittifak \u015fa\u015f\u0131rt\u0131c\u0131 olmamal\u0131d\u0131r.<\/p>\n<p style=\"text-align: justify;\">Ayn\u0131 do\u011fum s\u00fcrecinin meyveleridirler.<\/p>\n<p style=\"text-align: justify;\">Ayn\u0131 ideolojik g\u00f6r\u00fc\u015fe sahiptirler.<\/p>\n<p style=\"text-align: justify;\">Onlara g\u00f6re sorunlar geni\u015f ve tarihi \u0130slam boyutu kat\u0131larak \u00e7\u00f6z\u00fcl\u00fcr!<\/p>\n<p style=\"text-align: justify;\">Evet\u2026<\/p>\n<p style=\"text-align: justify;\">T\u00fcrkiye\u2019de ve Filistin\u2019de siyasal \u0130slamc\u0131 g\u00fc\u00e7ler, ABD\u2019nin \u201cye\u015fil ku\u015fak projesiyle\u201d olu\u015fturulmu\u015f ve d\u00fcn kom\u00fcnizmin panzehiri olarak kullan\u0131lm\u0131\u015ft\u0131r.<\/p>\n<p style=\"text-align: justify;\">Bug\u00fcn ise ABD\u2019nin d\u0131\u015f tehdit olarak g\u00f6sterdi\u011fi \u201cmedeniyetler \u00e7at\u0131\u015fmas\u0131\u201d tezini g\u00fc\u00e7lendirmek i\u00e7in kullan\u0131lmaktad\u0131rlar.<\/p>\n<p style=\"text-align: justify;\"><a href=\"http:\/\/www.odatv.com\/n.php?n=siyasal-islamcilar-icin-gazze-neden-onemli-1906101200\" target=\"_blank\"><span style=\"color: #888888;\">Kaynak : Soner Yal\u00e7\u0131n &#8211;\u00a0 Odatv.com<\/span><\/a><\/p>\n","protected":false},"excerpt":{"rendered":"<\/p>\n<p style=\"text-align: justify;\">12 Eyl\u00fcl 1980\u2019de toplumsal hayat\u0131n \u201c\u0130slamile\u015ftirilmesi\u201d ayn\u0131 d\u00f6nemde Filistin topraklar\u0131nda da ya\u015fand\u0131. Tesad\u00fcf de\u011fildi. ABD bu \u201cye\u015fil ku\u015fak projesi\u201dni ayn\u0131 s\u00fcre\u00e7te, ayn\u0131 ama\u00e7la Filistin\u2019de de hayata ge\u00e7irdi. Bug\u00fcn T\u00fcrkiye\u2019de a\u011fz\u0131ndan \u201cGazze\u201d s\u00f6zc\u00fc\u011f\u00fcn\u00fc d\u00fc\u015f\u00fcrmeyen siyasi \u00e7evreler ile Gazze\u2019yi merkez yapan HAMAS bu b\u00fcy\u00fck projenin \u00fcr\u00fcn\u00fcd\u00fcr. Gelin T\u00fcrkiye ve Filistin\u2019in nas\u0131l \u201c\u0130slamile\u015ftirildi\u011fine\u201d bir g\u00f6z <\/p>\n","protected":false},"author":1,"featured_media":0,"comment_status":"open","ping_status":"closed","sticky":false,"template":"","format":"standard","meta":{"footnotes":""},"categories":[16],"tags":[],"class_list":["post-23782","post","type-post","status-publish","format-standard","hentry","category-kose-yazilari","odd"],"_links":{"self":[{"href":"http:\/\/www.korhanyilmaz.com\/index.php?rest_route=\/wp\/v2\/posts\/23782","targetHints":{"allow":["GET"]}}],"collection":[{"href":"http:\/\/www.korhanyilmaz.com\/index.php?rest_route=\/wp\/v2\/posts"}],"about":[{"href":"http:\/\/www.korhanyilmaz.com\/index.php?rest_route=\/wp\/v2\/types\/post"}],"author":[{"embeddable":true,"href":"http:\/\/www.korhanyilmaz.com\/index.php?rest_route=\/wp\/v2\/users\/1"}],"replies":[{"embeddable":true,"href":"http:\/\/www.korhanyilmaz.com\/index.php?rest_route=%2Fwp%2Fv2%2Fcomments&post=23782"}],"version-history":[{"count":0,"href":"http:\/\/www.korhanyilmaz.com\/index.php?rest_route=\/wp\/v2\/posts\/23782\/revisions"}],"wp:attachment":[{"href":"http:\/\/www.korhanyilmaz.com\/index.php?rest_route=%2Fwp%2Fv2%2Fmedia&parent=23782"}],"wp:term":[{"taxonomy":"category","embeddable":true,"href":"http:\/\/www.korhanyilmaz.com\/index.php?rest_route=%2Fwp%2Fv2%2Fcategories&post=23782"},{"taxonomy":"post_tag","embeddable":true,"href":"http:\/\/www.korhanyilmaz.com\/index.php?rest_route=%2Fwp%2Fv2%2Ftags&post=23782"}],"curies":[{"name":"wp","href":"https:\/\/api.w.org\/{rel}","templated":true}]}}