{"id":23777,"date":"2010-06-21T21:41:22","date_gmt":"2010-06-21T21:41:22","guid":{"rendered":"http:\/\/www.korhanyilmaz.com\/?p=23777"},"modified":"2010-06-21T21:41:22","modified_gmt":"2010-06-21T21:41:22","slug":"bahceli-turkiye-ucuruma-suruklenmekte","status":"publish","type":"post","link":"http:\/\/www.korhanyilmaz.com\/?p=23777","title":{"rendered":"Bah\u00e7eli: &#8220;T\u00fcrkiye u\u00e7uruma s\u00fcr\u00fcklenmekte&#8221;"},"content":{"rendered":"<p><a href=\"http:\/\/www.korhanyilmaz.com\/wp-content\/uploads\/2010\/06\/112.jpg\"  class=\"lightview\"><img loading=\"lazy\" decoding=\"async\" class=\"aligncenter size-full wp-image-23778\" src=\"http:\/\/www.korhanyilmaz.com\/wp-content\/uploads\/2010\/06\/112.jpg\" alt=\"\" width=\"292\" height=\"210\" \/><\/a><\/p>\n<p style=\"text-align: justify;\">Cumhurba\u015fkan\u0131 Abdullah G\u00fcl&#8217;le g\u00f6r\u00fc\u015fen MHP lideri Devlet Bah\u00e7eli, &#8220;T\u00fcrkiye u\u00e7urumun kenar\u0131na s\u00fcr\u00fcklenmektedir, bunun sonu felakettir&#8221; dedi. \u00c7ankaya K\u00f6\u015fk\u00fc&#8217;ne \u00e7\u0131kan bir di\u011fer isim olan BDP Genel Ba\u015fkan Yard\u0131mc\u0131s\u0131 G\u00fcltan K\u0131\u015fanak ise g\u00f6r\u00fc\u015fmeyi parti olarak &#8220;takdirle kar\u015f\u0131lad\u0131klar\u0131n\u0131&#8221; belirterek, &#8220;Zor d\u00f6neme\u00e7ten ge\u00e7ti\u011fimiz bu g\u00fcnlerde s\u0131k\u0131nt\u0131lar\u0131m\u0131z, kayg\u0131lar\u0131m\u0131z, \u00fcz\u00fcnt\u00fclerimiz var. Bunlar\u0131 birbirimizle payla\u015ft\u0131k&#8221; diye konu\u015ftu.<!--more--><\/p>\n<p style=\"text-align: justify;\">Cumhurba\u015fkan\u0131 G\u00fcl, g\u00fcvenlik zirvesinin ard\u0131ndan geli\u015fmeleri de\u011ferlendirmek \u00fczere TBMM&#8217;de grubu bulunan \u00fc\u00e7 siyasi partinin genel ba\u015fkanlar\u0131n\u0131 ayr\u0131 ayr\u0131 g\u00f6r\u00fc\u015fmek \u00fczere \u00c7ankaya K\u00f6\u015fk\u00fc&#8217;ne davet etmi\u015fti.<\/p>\n<p style=\"text-align: justify;\">G\u00fcl, ilk olarak MHP lideri Devlet Bah\u00e7eli ile bir araya geldi. Bah\u00e7eli, \u00c7ankaya K\u00f6\u015fk\u00fc&#8217;ne saat 14.55&#8217;te geldi.<\/p>\n<p style=\"text-align: justify;\">Bah\u00e7eli, G\u00fcl&#8217;e MHP&#8217;nin \u00f6nerilerini iletti, s\u00fcreci sert dille ele\u015ftirdi.<\/p>\n<p style=\"text-align: justify;\">MHP&#8217;den yap\u0131lan yaz\u0131l\u0131 a\u00e7\u0131klamada, &#8220;Bah\u00e7eli&#8217;nin &#8216;b\u00f6l\u00fcc\u00fc ter\u00f6rle m\u00fccadele konusunda&#8217; Cumhurba\u015fkanl\u0131\u011f\u0131 makam\u0131na arz etti\u011fi de\u011ferlendirmelere&#8221; yer verildi.<\/p>\n<p style=\"text-align: justify;\">A\u00e7\u0131klamada, &#8220;Son haftalar i\u00e7erisinde \u00e7ok say\u0131da askerimizin ve polisimizin \u015fahadeti ve yaralanmas\u0131na neden olan kanl\u0131 ter\u00f6r eylemlerine y\u00f6nelik tedbirlere ili\u015fkin de\u011ferlendirmelerde bulunulmas\u0131 maksad\u0131yla Say\u0131n Cumhurba\u015fkan\u0131 taraf\u0131ndan yap\u0131lan davette, mevcut \u015fartlar ve geli\u015fmeler \u00fczerine Milliyet\u00e7i Hareket Partisi&#8217;nin g\u00f6r\u00fc\u015f ve teklifleri sunulmu\u015ftur&#8221; denildi.<\/p>\n<p style=\"text-align: justify;\">A\u00e7\u0131klamaya g\u00f6re Bah\u00e7eli, &#8220;T\u00fcrkiye&#8217;nin bug\u00fcn milli varl\u0131\u011f\u0131n\u0131 hedef alan al\u00e7ak bir suikastla kar\u015f\u0131 kar\u015f\u0131ya&#8221; bulundu\u011funu belirterek, \u015funlar\u0131 kaydetti: &#8220;T\u00fcrkiye Cumhuriyeti Devleti&#8217;nin bekas\u0131n\u0131, T\u00fcrk milletinin birli\u011fini ve karde\u015fli\u011fini hedef alan hain sald\u0131r\u0131lar ve b\u00f6l\u00fcc\u00fc tahrikler kar\u015f\u0131s\u0131nda T\u00fcrk milleti \u00e7ok derin bir \u00fcz\u00fcnt\u00fc ve hakl\u0131 bir infial i\u00e7indedir. Bug\u00fcn gelinen a\u015famada maruz kald\u0131\u011f\u0131m\u0131z tehdit ve tehlike, g\u00fcn\u00fc birlik ve ge\u00e7ici tedbirlerle ge\u00e7i\u015ftirilmeyecek kadar b\u00fcy\u00fck ve hayati derecede \u00f6nemlidir. Art\u0131k, y\u0131llard\u0131r \u00fclkemize musallat olan bu beladan kurtulman\u0131n zaman\u0131 gelmi\u015ftir. Tek \u00e7\u00f6z\u00fcm; PKK ter\u00f6r \u00f6rg\u00fct\u00fcn\u00fcn tam olarak yok edilmesi veya ele ge\u00e7irilmesidir. T\u00fcrkiye ge\u00e7mi\u015fte b\u00f6l\u00fcc\u00fcl\u00fck ve b\u00f6l\u00fcc\u00fc ter\u00f6rle m\u00fccadelede c\u0131l\u0131z giri\u015fimler, basit ve etkisiz tedbirlerle yetinerek bu g\u00fcne kadar gelmi\u015ftir.&#8221;<\/p>\n<p style=\"text-align: justify;\">&#8220;T\u00fcrkiye \u00fczerinde haince hesaplar\u0131 ve emelleri olanlar\u0131n bug\u00fcn tam bir seferberlik i\u00e7inde tahriklerini t\u0131rmand\u0131rd\u0131klar\u0131n\u0131&#8221; vurgulayan Bah\u00e7eli, &#8220;Bu tahriklerin s\u00fcrmesi ve bu gidi\u015fat\u0131 durduracak etkili tedbirlerin al\u0131nmamas\u0131n\u0131n T\u00fcrkiye&#8217;ye faturas\u0131 \u00e7ok a\u011f\u0131r olacak; muhtemelen ve maalesef kar\u015f\u0131m\u0131za bir b\u00f6l\u00fcnme felaketi olarak \u00e7\u0131kacakt\u0131r. Ciddi, k\u00f6kl\u00fc ve kal\u0131c\u0131 tedbirlerin al\u0131nmamas\u0131 halinde beka d\u00fczeyinde bir sorun olan bu vahim geli\u015fmelerin kontrol\u00fc, ne yaz\u0131k ki h\u00fck\u00fcmetin elinden \u00e7\u0131km\u0131\u015f g\u00f6r\u00fcnmektedir. Ancak bundan daha da \u00f6nemlisi, ter\u00f6rle m\u00fccadele azminin giderek zay\u0131fl\u0131yor, ter\u00f6rizm ve b\u00f6l\u00fcc\u00fcl\u00fckle m\u00fccadele edebilece\u011fine dair ku\u015fkular\u0131n giderek art\u0131yor olmas\u0131d\u0131r&#8221; dedi.<\/p>\n<p style=\"text-align: justify;\"><strong>&#8220;Meclis hareketsiz, adalet etkisizdir&#8221; <\/strong><\/p>\n<p style=\"text-align: justify;\">T\u00fcrkiye&#8217;de bug\u00fcn, ter\u00f6rden beslenen etnik b\u00f6l\u00fcc\u00fcl\u00fc\u011f\u00fcn &#8220;demokratik hak ve me\u015fru kimlik talebi&#8221; olarak mazur g\u00f6r\u00fclebildi\u011fini, T\u00fcrkiye&#8217;nin b\u00f6l\u00fcnmesi ve par\u00e7alanmas\u0131 projelerinin, &#8220;toplumsal ilerleme ve \u00e7a\u011fda\u015fla\u015fman\u0131n yol haritas\u0131&#8221; olarak savunulabildi\u011fini kaydeden Bah\u00e7eli, \u00fclkenin i\u00e7 bar\u0131\u015f\u0131n\u0131, karde\u015fli\u011fini ve dayan\u0131\u015fmas\u0131n\u0131 tehdit eden en \u00f6nemli riskin burada aranmas\u0131 gerekti\u011fini savundu.<\/p>\n<p style=\"text-align: justify;\">&#8220;Bu durumun s\u00fcrmesinin i\u00e7 \u00e7at\u0131\u015fma ortam\u0131na davetiye \u00e7\u0131karaca\u011f\u0131n\u0131 art\u0131k herkesin idrak etmesi gerekti\u011fi&#8221; g\u00f6r\u00fc\u015f\u00fcn\u00fc ifade eden Bah\u00e7eli, &#8220;Ter\u00f6rle m\u00fccadelede en temel hata, konunun k\u00fcresel stratejik arka plan\u0131n\u0131n okunamamas\u0131 nedeniyle g\u00fcnl\u00fck tedbir aranarak bug\u00fcnlere gelinmi\u015f bulunulmas\u0131d\u0131r&#8221; dedi.<\/p>\n<p style=\"text-align: justify;\">&#8220;T\u00fcrkiye&#8217;yi b\u00f6lmeyi ve \u00e7ok kimlikli ve milletli yeni bir ortakl\u0131k devletine d\u00f6n\u00fc\u015ft\u00fcrmeyi ama\u00e7layan planlar\u0131n, \u00f6zg\u00fcrle\u015ftirme projeleri olarak art\u0131k Meclis \u00e7at\u0131s\u0131 alt\u0131nda da savunuldu\u011funu&#8221; ifade eden Bah\u00e7eli, \u015f\u00f6yle devam etti: &#8220;Ter\u00f6r\u00fcn durdurulmas\u0131 kar\u015f\u0131l\u0131\u011f\u0131 siyasi \u00e7\u00f6z\u00fcm pazarl\u0131klar\u0131 i\u00e7in Meclis&#8217;e ve h\u00fck\u00fcmete \u00e7a\u011fr\u0131lar yap\u0131lmakta ve meydan okunmaktad\u0131r. Silahl\u0131 ter\u00f6r\u00fcn siyasi kolu olan \u0130mral\u0131 ma\u015falar\u0131n\u0131n, TBMM \u00e7at\u0131s\u0131 alt\u0131nda devlete, Anayasaya ve kanunlara alenen meydan okumalar\u0131 kar\u015f\u0131s\u0131nda h\u00fck\u00fcmet suskun ve sessiz, Meclis hareketsiz ve adalet etkisizdir.<\/p>\n<p style=\"text-align: justify;\">MHP&#8217;ye g\u00f6re, ter\u00f6rle topyekun m\u00fccadelede, arkas\u0131nda inand\u0131r\u0131c\u0131 ve cayd\u0131r\u0131c\u0131 bir askeri g\u00fc\u00e7 ve siyasi irade olan, \u00e7ok y\u00f6nl\u00fc bir stratejinin kararl\u0131l\u0131kla ve kesintisiz olarak uygulanmas\u0131 \u015fartt\u0131r. Son y\u0131llarda, ter\u00f6rle m\u00fccadelenin gerektirdi\u011fi siyasi kararl\u0131l\u0131k ve tutarl\u0131l\u0131\u011f\u0131n g\u00f6r\u00fclemeyi\u015fi, d\u0131\u015f bask\u0131 ve dayatmalara a\u00e7\u0131k bir y\u00f6ntemin benimsenmesi, ter\u00f6r\u00fcn bir hak arama vas\u0131tas\u0131 zannedilip etnisiteye dayal\u0131 bir k\u0131\u015fk\u0131rtma siyasetinin izlenmesi ile ter\u00f6r\u00fcn yeniden azmas\u0131na siyasi iradenin temel te\u015fhis ve y\u00f6ntem hatalar\u0131 neden olmu\u015ftur.<\/p>\n<p style=\"text-align: justify;\">Verilen tavizlerle ve y\u00fcr\u00fct\u00fclmek istenen ba\u015ftan sona hatal\u0131 projelerle beraber silahla sonu\u00e7 alaca\u011f\u0131na dair umutlar\u0131n\u0131 tazeleyen ter\u00f6r \u00f6rg\u00fct\u00fc bir yandan eylemlerini t\u0131rmand\u0131rm\u0131\u015f, di\u011fer yandan ise b\u00f6l\u00fcc\u00fcl\u00fck, h\u00fck\u00fcmet eliyle y\u0131llard\u0131r yapamad\u0131\u011f\u0131 bir tan\u0131ma kavu\u015farak etnik bir yap\u0131 kazanma yolunda mesafe alm\u0131\u015ft\u0131r. Bu durum ise kamuoyunda PKK ter\u00f6r\u00fcn\u00fcn bir etnik sorunun \u00e7\u00f6z\u00fcm yolu aray\u0131\u015f\u0131 olarak alg\u0131lanmaya ba\u015flanmas\u0131na neden olmu\u015ftur.&#8221;<\/p>\n<p style=\"text-align: justify;\"><strong>&#8220;Etkili ve amans\u0131z bir m\u00fccadele i\u00e7in&#8221;<\/strong><\/p>\n<p style=\"text-align: justify;\">Partisinin &#8220;ter\u00f6r\u00fc \u00f6nleme konusundaki&#8221; \u00f6nerilerini dile getiren Bah\u00e7eli, &#8220;Ter\u00f6rle m\u00fccadele ile b\u00f6l\u00fcc\u00fcl\u00fckle m\u00fccadelenin bir b\u00fct\u00fcn olarak ele al\u0131narak &#8216;B\u00f6l\u00fcc\u00fc Ter\u00f6rle M\u00fccadele Stratejik Tedbirler Plan\u0131&#8217; uygulanmas\u0131n\u0131 istedi.<\/p>\n<p style=\"text-align: justify;\">Plan\u0131n &#8220;g\u00fcn\u00fc kurtaracak de\u011fil kesin sonu\u00e7 almaya y\u00f6nelik bir yakla\u015f\u0131mla&#8221; haz\u0131rlanmas\u0131 gerekti\u011fini vurgulayan Bah\u00e7eli, &#8220;Bu plan\u0131 uygulayacak olan h\u00fck\u00fcmettir. T\u00fcrkiye&#8217;nin milli birli\u011fine ve toprak b\u00fct\u00fcnl\u00fc\u011f\u00fcne y\u00f6nelik b\u00f6l\u00fcc\u00fc ter\u00f6re kar\u015f\u0131 hem t\u00fcm \u00fclke sath\u0131nda hem de s\u0131n\u0131r \u00f6tesinde etkili ve amans\u0131z bir m\u00fccadele verilmesi i\u00e7in h\u00fck\u00fcmet tam bir siyasi irade ve kararl\u0131l\u0131k ortaya koymal\u0131d\u0131r&#8221; dedi.<\/p>\n<p style=\"text-align: justify;\"><strong>&#8220;Taktik ziyaretler reddedilmeli&#8221;<\/strong><\/p>\n<p style=\"text-align: justify;\">Konunun k\u00fcresel stratejik \u00e7er\u00e7evede incelenmesini isteyen Bah\u00e7eli, ter\u00f6r \u00f6rg\u00fct\u00fcn\u00fcn arkas\u0131ndaki b\u00fct\u00fcn yabanc\u0131 g\u00fc\u00e7ler ve \u00fclkelerle ba\u011flar\u0131n\u0131n belgeleriyle ortaya konmas\u0131, T\u00fcrkiye&#8217;nin bu devletlerle, bu devletlerin de ter\u00f6r \u00f6rg\u00fct\u00fc ile ba\u011flar\u0131n\u0131n kesilmesi i\u00e7in uluslararas\u0131 sonu\u00e7 al\u0131c\u0131 giri\u015fimlerin acilen ba\u015flat\u0131lmas\u0131 gerekti\u011fini vurgulad\u0131.<\/p>\n<p style=\"text-align: justify;\">Bah\u00e7eli, &#8220;Soruna m\u00fcdahil \u00fclkelerin T\u00fcrkiye&#8217;den do\u011fan ve T\u00fcrkiye ile i\u015f birli\u011fi sonucu olu\u015fmu\u015f menfaatleri g\u00f6zden ge\u00e7irilmeli, yapt\u0131r\u0131m enstr\u00fcman\u0131 olarak de\u011ferlendirilmelidir. T\u00fcrkiye bug\u00fcne kadar her seviyede olmak \u00fczere yapay g\u00f6r\u00fc\u015fme ve ili\u015fki s\u00fcrecinde yeterince vakit kaybetmi\u015ftir. Bu a\u015famadan sonra, yaln\u0131zca maksada y\u00f6nelik m\u00fczakere ve g\u00f6r\u00fc\u015fmeler ile mutlaka sonu\u00e7 alacak tekliflere a\u00e7\u0131k olunmal\u0131, s\u00fcreci oyalayacak veya geriye g\u00f6t\u00fcrecek taktik ziyaretler reddedilmelidir&#8221; \u00f6nerisini dile getirdi.<\/p>\n<p style=\"text-align: justify;\">T\u00fcrkiye&#8217;nin Irak&#8217;\u0131n kuzeyinden kaynaklanan fiili bir g\u00fcvenlik tehdidi ve ter\u00f6r sald\u0131r\u0131s\u0131yla kar\u015f\u0131 kar\u015f\u0131ya bulundu\u011funu belirten Bah\u00e7eli, &#8220;bir \u00fclkenin kendi topraklar\u0131n\u0131 ba\u015fka bir \u00fclkeye sald\u0131r\u0131 ama\u00e7l\u0131 kulland\u0131rmas\u0131n\u0131n, uluslararas\u0131 hukuka g\u00f6re mukabele hakk\u0131 do\u011furan hasmane bir eylem oldu\u011funu&#8221; kaydetti.<\/p>\n<p style=\"text-align: justify;\"><strong>&#8220;\u015eartlar b\u00fct\u00fcn\u00fcyle olu\u015fmu\u015ftur&#8221;<\/strong><\/p>\n<p style=\"text-align: justify;\">Geride kalan y\u0131llarda y\u00fcr\u00fct\u00fclen hatal\u0131 siyaset ile PKK&#8217;ya kar\u015f\u0131 m\u00fccadelede inisiyatifin ABD ve Irak&#8217;a b\u0131rak\u0131ld\u0131\u011f\u0131n\u0131, bu iki \u00fclkenin, beklenen ad\u0131mlar\u0131 atmakta bug\u00fcne kadar isteksiz veya yetersiz davrand\u0131\u011f\u0131n\u0131 ifade eden Bah\u00e7eli, \u015f\u00f6yle devam etti:<\/p>\n<p style=\"text-align: justify;\">&#8220;Bu d\u00fc\u015fmanca tavr\u0131n kar\u015f\u0131l\u0131\u011f\u0131 milletimiz i\u00e7in \u015fahadet, \u00fcz\u00fcnt\u00fc ve infialdir. Art\u0131k beklemeye tahamm\u00fcl\u00fc olmayan bu durumun olu\u015fturdu\u011fu \u00e7ok boyutlu g\u00fcvenlik tehdidi kar\u015f\u0131s\u0131nda T\u00fcrkiye, somut ve inand\u0131r\u0131c\u0131 bir askeri g\u00fc\u00e7le desteklenen kapsaml\u0131 bir &#8216;cayd\u0131r\u0131c\u0131l\u0131k siyaseti&#8217; geli\u015ftirmeli ve bunu kararl\u0131l\u0131kla uygulamaya koymal\u0131d\u0131r. Bu fiili tehdit ve sald\u0131r\u0131lar kar\u015f\u0131s\u0131nda, T\u00fcrkiye&#8217;nin uluslararas\u0131 hukuktan kaynaklanan me\u015fru savunma hakk\u0131 b\u00fct\u00fcn unsurlar\u0131yla do\u011fmu\u015f, bu hakk\u0131n kullan\u0131lmas\u0131n\u0131n \u015fartlar\u0131 b\u00fct\u00fcn\u00fcyle olu\u015fmu\u015ftur.<\/p>\n<p style=\"text-align: justify;\">T\u00fcrkiye ter\u00f6r sald\u0131r\u0131lar\u0131na kar\u015f\u0131 etkili m\u00fcdahalede bulunmak ve PKK&#8217;y\u0131 Kuzey Irak&#8217;tan tasfiye etmek zorundad\u0131r. Bu maksada ula\u015fmak i\u00e7in ter\u00f6r\u00fc himaye eden Pe\u015fmerge gruplar\u0131na yapt\u0131klar\u0131 d\u00fc\u015fmanca hareketin &#8216;sava\u015f sebebi&#8217; oldu\u011fu Irak y\u00f6netimine bir \u00fcltimatomla bildirilmelidir.<\/p>\n<p style=\"text-align: justify;\">Irak;\u0131n kuzeyindeki gruplar\u0131n reisleri kendilerine me\u015fruiyet kazand\u0131rma ve muhatap bulma pe\u015findedir. \u00d6zellikle diplomatik alan ba\u015fta olmak \u00fczere, Kuzey Irakl\u0131 gruplar\u0131n s\u00f6zc\u00fcs\u00fc veya temsilcisi s\u0131fat\u0131n\u0131 ta\u015f\u0131yan \u015fah\u0131slar ile resmi d\u00fczeyde, Irak Devleti ad\u0131na bile olsa ili\u015fki kurulmayaca\u011f\u0131 ve muhatap al\u0131nmayaca\u011f\u0131 a\u00e7\u0131klanmal\u0131d\u0131r. Irak&#8217;\u0131n kuzeyini bug\u00fcn fiilen kontrol\u00fcnde bulunduran ABD ile Irak devletine, ter\u00f6re g\u00f6z yummaya devam etmeleri halinde cayd\u0131r\u0131c\u0131 ve zorlay\u0131c\u0131 tedbirlerin al\u0131naca\u011f\u0131 ve askeri m\u00fcdahalenin ger\u00e7ekle\u015fece\u011fi son kez ihtar edilmelidir.<\/p>\n<p style=\"text-align: justify;\">Pe\u015fmerge gruplar\u0131 \u00e7ok a\u00e7\u0131k ve kesin bir dille uyar\u0131lmal\u0131 ve ter\u00f6r kart\u0131n\u0131 T\u00fcrkiye&#8217;ye kar\u015f\u0131 bir tehdit silah\u0131 olarak kullanmalar\u0131n\u0131n kar\u015f\u0131l\u0131ks\u0131z kalmayaca\u011f\u0131 a\u00e7\u0131k\u00e7a ortaya konulmal\u0131d\u0131r. ABD&#8217;nin PKK&#8217;n\u0131n tasfiyesi i\u00e7in s\u00fcrd\u00fcrd\u00fc\u011f\u00fc hareketsizlik ve oyalama politikalar\u0131n devam\u0131 halinde kendisi i\u00e7in ortaya \u00e7\u0131kacak sonu\u00e7lar ve g\u00f6ze al\u0131nacak geli\u015fmeler b\u00fct\u00fcn ayr\u0131nt\u0131lar\u0131yla muhataplar\u0131na a\u00e7\u0131klanmal\u0131d\u0131r. Bu kapsamda olmak \u00fczere, ABD&#8217;nin g\u00f6sterece\u011fi olumlu ve somut tepkiler al\u0131n\u0131ncaya kadar \u0130ncirlik \u00fcss\u00fcn\u00fcn faaliyetlerine son verilmelidir.&#8221;<\/p>\n<p style=\"text-align: justify;\"><strong>&#8220;S\u0131n\u0131r\u00f6tesi harekat yetkisi kullan\u0131lmal\u0131d\u0131r&#8221;<\/strong><\/p>\n<p style=\"text-align: justify;\">\u0130ran ve Suriye ba\u015fta olmak \u00fczere kom\u015fu b\u00f6lge \u00fclkeleriyle ciddi bir isti\u015fare s\u00fcreci ba\u015flat\u0131lmas\u0131n\u0131 isteyen Bah\u00e7eli, bu \u00e7er\u00e7evede al\u0131nabilecek siyasi ve ekonomik tedbirlerle uygulanacak yapt\u0131r\u0131mlar\u0131n ilan edilmesi gerekti\u011fini belirtti.<\/p>\n<p style=\"text-align: justify;\">&#8220;T\u00fcrkmenlere kar\u015f\u0131 giri\u015filecek herhangi bir sald\u0131r\u0131 veya bask\u0131 hareketinin askeri g\u00fc\u00e7 kullanmak dahil T\u00fcrkiye&#8217;ye her tedbiri alma hakk\u0131n\u0131 do\u011furacak bir husumet ilan\u0131 olarak g\u00f6r\u00fclece\u011finin a\u00e7\u0131klanmas\u0131&#8221; gerekti\u011fi g\u00f6r\u00fc\u015f\u00fcn\u00fc savunan Bah\u00e7eli, milletimizin huzur ve emniyetinin sa\u011flamas\u0131 i\u00e7in h\u00fck\u00fcmetin, ola\u011fan\u00fcst\u00fc hal uygulamas\u0131 i\u00e7in karar alarak Meclis&#8217;e sunmas\u0131n\u0131 istedi.<\/p>\n<p style=\"text-align: justify;\">Kuzey Irak&#8217;a kar\u015f\u0131 T\u00fcrkiye&#8217;nin Habur s\u0131n\u0131r kap\u0131s\u0131n\u0131n kapat\u0131lmas\u0131 ve Kerk\u00fck-Yumurtal\u0131k boru hatt\u0131n\u0131n devre d\u0131\u015f\u0131 b\u0131rak\u0131lmas\u0131 da dahil bir dizi \u00f6neriler s\u0131ralayan Bah\u00e7eli, &#8220;T\u00fcrkiye, Irak&#8217;\u0131n kuzeyindeki ter\u00f6r kamplar\u0131na kal\u0131c\u0131, k\u00f6kl\u00fc ve kesin sonu\u00e7 al\u0131c\u0131 bir askeri harekat i\u00e7in gere\u011finden fazla oyalanm\u0131\u015f, art\u0131k kendi askeri, siyasi, toplumsal ve be\u015feri g\u00fcc\u00fcn\u00fc kullanmaktan ba\u015fka se\u00e7ene\u011fi kalmam\u0131\u015ft\u0131r. Al\u0131nacak tedbirlerle e\u015f zamanl\u0131 olarak, ciddiyet ve cayd\u0131r\u0131c\u0131l\u0131\u011f\u0131n\u0131 g\u00f6stermek \u00fczere h\u00fck\u00fcmet TBMM&#8217;nin kendisine verdi\u011fi s\u0131n\u0131r \u00f6tesi askeri harekat yetkisini acilen kullanmal\u0131d\u0131r&#8221; dedi.<\/p>\n<p style=\"text-align: justify;\">Bah\u00e7eli, di\u011fer baz\u0131 \u00f6nerilerini de \u015f\u00f6yle s\u0131ralad\u0131: &#8220;Ter\u00f6ristlerin T\u00fcrkiye&#8217;ye s\u0131zma, ge\u00e7ici konaklama ve ikmal yolu olarak kulland\u0131klar\u0131 s\u0131n\u0131ra yak\u0131n b\u00f6lgelere y\u00f6nelik tam bir temizlik yap\u0131lmal\u0131d\u0131r. \u00dclkemize y\u00f6nelik ter\u00f6r\u00fcn bug\u00fcnk\u00fc merkezi Irak topraklar\u0131nda bulunan ter\u00f6r kamplar\u0131 ve \u00f6zellikle Kandil Da\u011f\u0131 b\u00f6lgesinin imhas\u0131 ve akabinde yeniden ba\u011f ve ba\u011flant\u0131s\u0131n\u0131n olu\u015fmamas\u0131 i\u00e7in \u00fclkemizden izole edilmesi \u015fartt\u0131r. Irak&#8217;\u0131n kuzeyinden T\u00fcrkiye&#8217;ye s\u0131zmalar\u0131n mutlaka \u00f6n\u00fcne ge\u00e7ilmek \u00fczere kom\u015fu \u00fclke co\u011frafyas\u0131nda bulunan ve \u00f6nleyici tedbirler i\u00e7in Irak&#8217;\u0131n kuzeyinden fiziken uygun arazilerden ba\u015flat\u0131lmak \u00fczere T\u00fcrk Silahl\u0131 Kuvvetleri taraf\u0131ndan &#8216;G\u00fcvenlik B\u00f6lgesi&#8217; olu\u015fturulmal\u0131d\u0131r.&#8221;<\/p>\n<p style=\"text-align: justify;\">&#8220;S\u00f6zde &#8216;a\u00e7\u0131l\u0131m&#8217; denen tahriklerin toplumsal boyutunun PKK&#8217;n\u0131n bile yapamad\u0131\u011f\u0131 derin ve keskin ayr\u0131\u015fmaya neden oldu\u011funu&#8221; savunan Bah\u00e7eli, &#8220;H\u00fck\u00fcmet T\u00fcrk milletini alt kimliklere d\u00f6n\u00fc\u015ft\u00fcrecek, milletle\u015fmeyi geriye d\u00f6nd\u00fcrecek, milli kimli\u011fi zay\u0131flatacak, milli birli\u011fi par\u00e7alayacak ve b\u00f6l\u00fcc\u00fc emellerin siyaseten \u00f6n\u00fcn\u00fc a\u00e7acak olan &#8216;a\u00e7\u0131l\u0131m&#8217; denen &#8216;y\u0131k\u0131m&#8217; projesinden derhal vazge\u00e7meli ve hata yapt\u0131\u011f\u0131n\u0131 a\u00e7\u0131klamal\u0131d\u0131r. Ter\u00f6rle m\u00fccadele &#8216;g\u00fcvenlik-\u00f6zg\u00fcrl\u00fck dengesi&#8217; i\u00e7ine s\u0131k\u0131\u015ft\u0131r\u0131lacak bir konu de\u011fildir. Bedeli can kayb\u0131d\u0131r. Sars\u0131lan karde\u015fliktir&#8221; g\u00f6r\u00fc\u015f\u00fcn\u00fc ileri s\u00fcrd\u00fc.<\/p>\n<p style=\"text-align: justify;\">&#8220;Ter\u00f6r su\u00e7lar\u0131nda ve sava\u015f halinde \u00f6l\u00fcm cezas\u0131n\u0131n yeniden T\u00fcrk Ceza Yasas\u0131na konulmas\u0131&#8221; gerekti\u011fini savunan Bah\u00e7eli, &#8220;Adli makamlar\u0131n teklifi olmaks\u0131z\u0131n, b\u00f6l\u00fcc\u00fcl\u00fc\u011f\u00fc, TBMM \u00e7at\u0131s\u0131 alt\u0131nda ta\u015f\u0131yan mihraklar\u0131n milletvekilliklerinin d\u00fc\u015f\u00fcr\u00fclmesi i\u00e7in Anayasa de\u011fi\u015fikli\u011fi yap\u0131lmal\u0131d\u0131r. S\u00fcre\u00e7, \u0130mral\u0131 canisini yeniden ter\u00f6rist ba\u015f\u0131 haline getirerek diriltmi\u015f, h\u00fck\u00fcmetle muhatap hale getirmi\u015ftir. Ter\u00f6r \u00f6rg\u00fct\u00fcn\u00fc \u0130mral\u0131&#8217;dan serbest\u00e7e y\u00f6neten ter\u00f6rist ba\u015f\u0131n\u0131n yak\u0131nlar\u0131 ve avukatlar\u0131 ile irtibat\u0131 ve d\u0131\u015f d\u00fcnyayla temas kanallar\u0131 b\u00fct\u00fcn\u00fcyle kesilmelidir&#8221; dedi.<\/p>\n<p style=\"text-align: justify;\">Bah\u00e7eli, &#8220;y\u00f6renin ekonomik kalk\u0131nmas\u0131, i\u00e7 g\u00f6\u00e7, yoksulluk, yolsuzluk, milli ve manevi iklimi ve dengeyi bozan, aile yap\u0131s\u0131n\u0131 deforme eden sosyal, siyasal ve k\u00fclt\u00fcrel geli\u015fmelerle ilgili tedbirler geli\u015ftirilmesi&#8221; gerekti\u011fini de belirtti.<\/p>\n<p style=\"text-align: justify;\"><strong>BDP ile g\u00f6r\u00fc\u015fme<\/strong><\/p>\n<p style=\"text-align: justify;\">Cumhurba\u015fkan\u0131 Abdullah G\u00fcl, parti genel ba\u015fkanlar\u0131na daveti \u00e7er\u00e7evesinde BDP Genel Ba\u015fkan Yard\u0131mc\u0131s\u0131 G\u00fcltan K\u0131\u015fanak ile bir araya geldi.<\/p>\n<p style=\"text-align: justify;\">K\u0131\u015fanak, \u00c7ankaya K\u00f6\u015fk\u00fc&#8217;ne saat 16.25&#8217;de giri\u015f yapt\u0131. G\u00f6r\u00fc\u015fme, yakla\u015f\u0131k 1 saat s\u00fcrd\u00fc.<\/p>\n<p style=\"text-align: justify;\">G\u00fcltan K\u0131\u015fanak, Cumhurba\u015fkan\u0131 Abdullah G\u00fcl ile yapt\u0131\u011f\u0131 g\u00f6r\u00fc\u015fme sonras\u0131nda, bas\u0131n mensuplar\u0131n\u0131n sorular\u0131n\u0131 yan\u0131tlad\u0131.<\/p>\n<p style=\"text-align: justify;\">K\u0131\u015fanak, Cumhurba\u015fkan\u0131 G\u00fcl&#8217;\u00fcn siyasi partilerin genel ba\u015fkanlar\u0131yla g\u00f6r\u00fc\u015fme yapt\u0131\u011f\u0131n\u0131, BDP ad\u0131na Genel Ba\u015fkanlar\u0131 Selahattin Demirta\u015f&#8217;\u0131n yurt d\u0131\u015f\u0131nda olmas\u0131 nedeniyle g\u00f6r\u00fc\u015fmeye partisi ad\u0131na kendisinin kat\u0131ld\u0131\u011f\u0131n\u0131 s\u00f6yledi.<\/p>\n<p style=\"text-align: justify;\">Cumhurba\u015fkan\u0131 G\u00fcl ile \u00fclkenin i\u00e7inde bulundu\u011fu s\u00fcre\u00e7teki geli\u015fmeleri ve hassasiyeti payla\u015ft\u0131klar\u0131n\u0131 ifade eden K\u0131\u015fanak, \u015funlar\u0131 kaydetti: &#8220;Zor d\u00f6neme\u00e7ten ge\u00e7ti\u011fimiz bu g\u00fcnlerde s\u0131k\u0131nt\u0131lar\u0131m\u0131z, kayg\u0131lar\u0131m\u0131z, \u00fcz\u00fcnt\u00fclerimiz var. Bunlar\u0131 birbirimizle payla\u015ft\u0131k. Cumhurba\u015fkan\u0131 Abdullah G\u00fcl&#8217;\u00fcn \u015fahs\u0131nda b\u00f6yle bir aray\u0131\u015f\u0131n, b\u00f6yle bir \u00e7aban\u0131n olmas\u0131n\u0131 do\u011frusu parti olarak taktirle kar\u015f\u0131l\u0131yoruz. Hepimizi derinden \u00fczen, kayg\u0131land\u0131ran bir gidi\u015fat varsa buna herkesten \u00f6nce m\u00fcdahil olmas\u0131 gereken bir makam olarak g\u00f6r\u00fcyoruz Cumhurba\u015fkanl\u0131\u011f\u0131 makam\u0131n\u0131. Bu nedenle bug\u00fcn yapt\u0131\u011f\u0131m\u0131z g\u00f6r\u00fc\u015fmenin \u00e7\u00f6z\u00fcm noktas\u0131nda katk\u0131 sa\u011flayaca\u011f\u0131n\u0131 umuyorum, temennimiz bu y\u00f6nde.&#8221;<\/p>\n<p style=\"text-align: justify;\">K\u0131\u015fanak, bir gazetecinin &#8220;\u00c7\u00f6z\u00fcm \u00f6nerisi sundunuz mu?&#8221; sorusuna, &#8220;Bizim \u015fimdiye kadar kamuoyuyla payla\u015ft\u0131\u011f\u0131m\u0131z d\u00fc\u015f\u00fcncelerimizi kendisiyle payla\u015ft\u0131k. Yeni bir \u00e7\u00f6z\u00fcm \u00f6nerisi payla\u015fmad\u0131k. Cumhurba\u015fkanl\u0131\u011f\u0131 makam\u0131n\u0131n bu \u00fclkede bir a\u011f\u0131rl\u0131\u011f\u0131, misyonunun oldu\u011funu, yurtta\u015flara hitap etme konumunda oldu\u011funu ve Cumhurba\u015fkanl\u0131\u011f\u0131m\u0131z\u0131n bu misyonu yerine getirece\u011fini d\u00fc\u015f\u00fcn\u00fcyoruz. Ayr\u0131ca Meclis&#8217;in de bunu en k\u0131sa s\u00fcrede g\u00fcndeme almas\u0131 gerekti\u011fini ve sorunlar\u0131n \u00e7\u00f6z\u00fcm yerinin Meclis oldu\u011funu d\u00fc\u015f\u00fcn\u00fcyoruz&#8221; yan\u0131t\u0131n\u0131 verdi.<\/p>\n<p style=\"text-align: justify;\">K\u0131\u015fanak, bir ba\u015fka gazetecinin &#8220;Cumhurba\u015fkan\u0131 G\u00fcl&#8217;\u00fcn bu y\u00f6nde bir mesaj\u0131 olup olmad\u0131\u011f\u0131&#8221; y\u00f6n\u00fcndeki sorusuna kar\u015f\u0131l\u0131k, &#8220;Sorunlar\u0131 hep birlikte payla\u015ft\u0131k. S\u0131k\u0131nt\u0131lar\u0131 payla\u015ft\u0131k. Say\u0131n Cumhurba\u015fkan\u0131 ile son geli\u015fmeleri de\u011ferlendirdik&#8221; dedi.<\/p>\n<p style=\"text-align: justify;\">&#8220;Sizin bir talebiniz oldu mu? sorusu \u00fczerine de K\u0131\u015fanak, &#8220;Bu bir g\u00f6r\u00fc\u015fmeydi. Bu bir talep bildirme toplant\u0131s\u0131 de\u011fildi. Taleplerimizi, d\u00fc\u015f\u00fcncelerimizi grup toplant\u0131s\u0131nda bir kez daha dile getirece\u011fiz. Muhalefet partisi olarak bu konuyu s\u00fcrekli g\u00fcndeme getiren bir partiyiz. G\u00f6r\u00fc\u015flerimizi ve d\u00fc\u015f\u00fcncelerimizi anlatmaya devam edece\u011fiz&#8221; diye konu\u015ftu.<\/p>\n<p style=\"text-align: justify;\"><strong>K\u0131l\u0131\u00e7daro\u011flu-G\u00fcl g\u00f6r\u00fc\u015fmesi yar\u0131n<\/strong><\/p>\n<p style=\"text-align: justify;\">Ad\u0131yaman&#8217;da bulunan CHP lideri Kemal K\u0131l\u0131\u00e7daro\u011flu ise, G\u00fcl&#8217;le yar\u0131n g\u00f6r\u00fc\u015febilece\u011fini a\u00e7\u0131klad\u0131.<\/p>\n<p style=\"text-align: justify;\"><strong>Masum T\u00fcrker&#8217;den G\u00fcl&#8217;e mektup<\/strong><\/p>\n<p style=\"text-align: justify;\">Bu arada DSP Genel Ba\u015fkan\u0131 Masum T\u00fcrker, Cumhurba\u015fkan\u0131 Abdullah G\u00fcl&#8217;\u00fcn, TBMM&#8217;de temsil edilen siyasi partilerin liderlerini bir araya getirmesini istedi.<\/p>\n<p style=\"text-align: justify;\">T\u00fcrker, Cumhurba\u015fkan\u0131 G\u00fcl&#8217;e yazd\u0131\u011f\u0131 a\u00e7\u0131k mektupta, iktidar ve muhalefet partileri aras\u0131nda diyalogsuzlu\u011fun her ge\u00e7en g\u00fcn artt\u0131\u011f\u0131na dikkati \u00e7ekti ve &#8220;\u00dclkemizin i\u00e7inde bulundu\u011fu bu zor ve kritik ortamdan \u00e7\u0131kmas\u0131 i\u00e7in, H\u00fck\u00fcmetin \u00f6nerilerini ve muhalefetin g\u00f6r\u00fc\u015flerini dile getirece\u011fi bir toplant\u0131 veya toplant\u0131lar dizisinin \u00e7ok yararl\u0131 olaca\u011f\u0131 kan\u0131s\u0131nday\u0131z&#8221; g\u00f6r\u00fc\u015f\u00fcne yer verdi.<\/p>\n<p style=\"text-align: justify;\"><span style=\"color: #888888;\">CNN T\u00dcRK<\/span><\/p>\n","protected":false},"excerpt":{"rendered":"<\/p>\n<p style=\"text-align: justify;\">Cumhurba\u015fkan\u0131 Abdullah G\u00fcl&#8217;le g\u00f6r\u00fc\u015fen MHP lideri Devlet Bah\u00e7eli, &#8220;T\u00fcrkiye u\u00e7urumun kenar\u0131na s\u00fcr\u00fcklenmektedir, bunun sonu felakettir&#8221; dedi. \u00c7ankaya K\u00f6\u015fk\u00fc&#8217;ne \u00e7\u0131kan bir di\u011fer isim olan BDP Genel Ba\u015fkan Yard\u0131mc\u0131s\u0131 G\u00fcltan K\u0131\u015fanak ise g\u00f6r\u00fc\u015fmeyi parti olarak &#8220;takdirle kar\u015f\u0131lad\u0131klar\u0131n\u0131&#8221; belirterek, &#8220;Zor d\u00f6neme\u00e7ten ge\u00e7ti\u011fimiz bu g\u00fcnlerde s\u0131k\u0131nt\u0131lar\u0131m\u0131z, kayg\u0131lar\u0131m\u0131z, \u00fcz\u00fcnt\u00fclerimiz var. Bunlar\u0131 birbirimizle payla\u015ft\u0131k&#8221; diye konu\u015ftu.<\/p>\n","protected":false},"author":1,"featured_media":0,"comment_status":"open","ping_status":"closed","sticky":false,"template":"","format":"standard","meta":{"footnotes":""},"categories":[105],"tags":[],"class_list":["post-23777","post","type-post","status-publish","format-standard","hentry","category-gundem","odd"],"_links":{"self":[{"href":"http:\/\/www.korhanyilmaz.com\/index.php?rest_route=\/wp\/v2\/posts\/23777","targetHints":{"allow":["GET"]}}],"collection":[{"href":"http:\/\/www.korhanyilmaz.com\/index.php?rest_route=\/wp\/v2\/posts"}],"about":[{"href":"http:\/\/www.korhanyilmaz.com\/index.php?rest_route=\/wp\/v2\/types\/post"}],"author":[{"embeddable":true,"href":"http:\/\/www.korhanyilmaz.com\/index.php?rest_route=\/wp\/v2\/users\/1"}],"replies":[{"embeddable":true,"href":"http:\/\/www.korhanyilmaz.com\/index.php?rest_route=%2Fwp%2Fv2%2Fcomments&post=23777"}],"version-history":[{"count":0,"href":"http:\/\/www.korhanyilmaz.com\/index.php?rest_route=\/wp\/v2\/posts\/23777\/revisions"}],"wp:attachment":[{"href":"http:\/\/www.korhanyilmaz.com\/index.php?rest_route=%2Fwp%2Fv2%2Fmedia&parent=23777"}],"wp:term":[{"taxonomy":"category","embeddable":true,"href":"http:\/\/www.korhanyilmaz.com\/index.php?rest_route=%2Fwp%2Fv2%2Fcategories&post=23777"},{"taxonomy":"post_tag","embeddable":true,"href":"http:\/\/www.korhanyilmaz.com\/index.php?rest_route=%2Fwp%2Fv2%2Ftags&post=23777"}],"curies":[{"name":"wp","href":"https:\/\/api.w.org\/{rel}","templated":true}]}}