{"id":23773,"date":"2010-06-21T00:32:31","date_gmt":"2010-06-21T00:32:31","guid":{"rendered":"http:\/\/www.korhanyilmaz.com\/?p=23773"},"modified":"2010-06-21T00:32:31","modified_gmt":"2010-06-21T00:32:31","slug":"iste-akpli-barbaroslar","status":"publish","type":"post","link":"http:\/\/www.korhanyilmaz.com\/?p=23773","title":{"rendered":"\u0130\u015fte AKP&#8217;li Barbaroslar"},"content":{"rendered":"<p><a href=\"http:\/\/www.korhanyilmaz.com\/wp-content\/uploads\/2010\/06\/111.jpg\"  class=\"lightview\"><img loading=\"lazy\" decoding=\"async\" class=\"aligncenter size-full wp-image-23774\" src=\"http:\/\/www.korhanyilmaz.com\/wp-content\/uploads\/2010\/06\/111.jpg\" alt=\"\" width=\"250\" height=\"175\" \/><\/a><\/p>\n<p style=\"text-align: justify;\">ODATV\u2019den y\u00f6netici arkada\u015flar uyard\u0131, \u201cDeniz Feneri\u2019nin de gemisi vard\u0131 de\u011fil mi?\u201d diye&#8230;<\/p>\n<p style=\"text-align: justify;\">\u201c\u00d6l\u00fcme gittiklerini a\u00e7\u0131k\u00e7a beyan ederek\u201d Gazze\u2019ye sefere \u00e7\u0131kan IHH\u2019yla ilgili yaz\u0131lar\u0131m\u0131zdan sonra bir \u00e7ok yerden mesajlar geldi\u011fini belirterek&#8230;<\/p>\n<p style=\"text-align: justify;\">Bize de gelen mesajlar, islamc\u0131 (dinimizi her i\u015flerine alet ettikleri i\u00e7in, bu kelimeyi kullan\u0131yoruz) \u00e7evrelerin gemi merak\u0131yla ilgiliydi.<!--more--><\/p>\n<p style=\"text-align: justify;\">Sancak 1, Ankara Feribotu, Ak\u00e7aabat gemisi, Hat-San Tersanesi ve \u00fcnl\u00fc gemicik Safran1\u2019in d\u0131\u015f\u0131nda Baltic Cristina gemisi kafalar\u0131 kar\u0131\u015ft\u0131rm\u0131\u015ft\u0131.<\/p>\n<p style=\"text-align: justify;\">Bir gazeteci olarak, bu kafa kar\u0131\u015f\u0131kl\u0131\u011f\u0131n\u0131 gidermek g\u00f6revimiz tabii.<\/p>\n<p style=\"text-align: justify;\">Asl\u0131nda bu gemi i\u015flerinin bir k\u0131sm\u0131n\u0131n alt\u0131nda Mehmet Ko\u00e7 var&#8230;<\/p>\n<p style=\"text-align: justify;\">T\u00fcrkiye\u2019deki Sancak Lines\u2019in ve yurt d\u0131\u015f\u0131ndaki yans\u0131mas\u0131 Santour\u2019un Genel M\u00fcd\u00fcr\u00fc Mehmet Ko\u00e7.<\/p>\n<p style=\"text-align: justify;\">\u0130slamc\u0131 parti AKP\u2019nin \u00fcst y\u00f6neticilerinin bir anlamda \u201cBarbaroslu\u011fa soyunmas\u0131\u201dn\u0131n bir nedeni de o&#8230;<\/p>\n<p style=\"text-align: justify;\">Onun yapt\u0131\u011f\u0131, kendi gemisini pardon i\u015flerini y\u00fcr\u00fctmek&#8230;<\/p>\n<p style=\"text-align: justify;\">Olaya b\u00f6yle bak\u0131nca onu k\u0131nam\u0131yoruz.<\/p>\n<p style=\"text-align: justify;\">As\u0131l rezaleti \u015fimdi bu \u00f6n bilgiden sonra g\u00f6rece\u011fiz&#8230;<\/p>\n<p style=\"text-align: justify;\"><strong>1- \u0130LK BARBAROS; ULA\u015eTIRMA BAKANI\u2019NIN O\u011eLU<\/strong><\/p>\n<p style=\"text-align: justify;\">Millet olarak denizle aram\u0131z asl\u0131nda pek yoktur. \u00d6rne\u011fin Karadeniz sahilinde ya\u015fayanlar\u0131m\u0131z\u0131n bir \u00e7o\u011fu y\u00fczme bile bilmez. Bir taka batsa, neredeyse hepsi bo\u011fulur.<\/p>\n<p style=\"text-align: justify;\">K\u00fc\u00e7\u00fck Asya\u2019ya gelirken de, denizi g\u00f6r\u00fcnce durdu\u011fumuz rivayet edilir hep.<\/p>\n<p style=\"text-align: justify;\">Edirne\u2019ye ge\u00e7i\u015fimiz, y\u00fczlerce y\u0131l sonrad\u0131r.<\/p>\n<p style=\"text-align: justify;\">\u0130\u015f b\u00f6yleyken, aziz T\u00fcrk milletinin \u00fcst d\u00fczey AKP\u2019lilerindeki deniz ve denizcilik merak\u0131 do\u011frusu biraz ilgimizi \u00e7ekti.<\/p>\n<p style=\"text-align: justify;\">\u015e\u00f6yle bir eski defterleri kar\u0131\u015ft\u0131rd\u0131k.<\/p>\n<p style=\"text-align: justify;\">Denizcili\u011fe ilk merak saran, Ula\u015ft\u0131rma Bakan\u0131m\u0131z olan ve \u201ciki dakikada bir kelime konuarak herkese bayg\u0131nl\u0131k getiren\u201d Binali Y\u0131ld\u0131r\u0131m\u2019\u0131n o\u011flu oldu.<\/p>\n<p style=\"text-align: justify;\">Santour\u2019un i\u015fletti\u011fi Sanck 1 isimli gemisinin gurbet\u00e7i biletlerini satan o\u011ful Erkan Y\u0131ld\u0131r\u0131m, bu gemi tersanede yan\u0131nca i\u015fini g\u00fcc\u00fcn\u00fc filan kaybetmedi.<\/p>\n<p style=\"text-align: justify;\">Santour\u2019un Genel M\u00fcd\u00fcr\u00fc Mehmet Ko\u00e7, Erkan Y\u0131ld\u0131r\u0131m\u2019\u0131n babas\u0131n\u0131n y\u00f6netti\u011fi bakanl\u0131\u011fa ba\u011fl\u0131 Denizcilik \u0130\u015fletmeleri\u2019nden Ankara Feribotu\u2019nu kiralad\u0131.<\/p>\n<p style=\"text-align: justify;\">Bakan\u0131n o\u011flu da bu kez onun acenteli\u011fini yapmaya devam etti.<\/p>\n<p style=\"text-align: justify;\">\u00c7e\u015fme\u2019den biletleri o kesti&#8230;<\/p>\n<p style=\"text-align: justify;\"><strong>2- \u0130K\u0130NC\u0130 BARBAROS; OSMAN PEPE\u2019N\u0130N O\u011eULLARI <\/strong><\/p>\n<p style=\"text-align: justify;\">Bir bakan o\u011flu gemi i\u015fine girer de \u00f6teki girmez mi? Bu seferki, eski \u00c7evre ve Orman Bakan\u0131 Osman Pepe\u2019nin o\u011fullar\u0131 oldu.<\/p>\n<p style=\"text-align: justify;\">\u0130ki ba\u015far\u0131l\u0131 o\u011ful, zaten nas\u0131l al\u0131nd\u0131\u011f\u0131n\u0131 halen bilmedi\u011fimiz Ak\u00e7aabat isimli geminin sahibiydi.<\/p>\n<p style=\"text-align: justify;\">Babalar\u0131n\u0131n sayesinde tersane sahibi olduklar\u0131 s\u00f6ylendi&#8230;<\/p>\n<p style=\"text-align: justify;\">\u00c7evrecilerin bask\u0131s\u0131na ra\u011fmen Pepe, Alt\u0131nova Tersanesi\u2019ne izni verdi. 28 Kas\u0131m 2008\u2019de de gidip kurdelesini kesti. Terseneyi i\u015fleten Hat-San isimli \u015firketteki hisseler de o\u011fullar\u0131n\u0131n \u00fczerine ge\u00e7irildi.<\/p>\n<p style=\"text-align: justify;\">Bir \u00e7ok \u015firkette emanet\u00e7ileri olan C\u00fcneyt Turkut taraf\u0131ndan&#8230;<\/p>\n<p style=\"text-align: justify;\">Asl\u0131na bakarsan\u0131z, bu iki o\u011ful, di\u011fer bakan \u00e7ocuklar\u0131ndan ve Ba\u015fbakan\u0131m\u0131z Recep Bey\u2019in o\u011flundan da ileri&#8230;<\/p>\n<p style=\"text-align: justify;\">Adamlar\u0131n tersanesi var, daha ne olsun&#8230;<\/p>\n<p style=\"text-align: justify;\">\u00d6tekiler halen gemilerle u\u011fra\u015f\u0131yor!<\/p>\n<p style=\"text-align: justify;\"><strong>3- \u00dc\u00c7\u00dcNC\u00dc BARBAROS; AKP\u2019N\u0130N DEN\u0130Z FENERC\u0130LER\u0130 <\/strong><\/p>\n<p style=\"text-align: justify;\">Almanya\u2019da g\u00f6r\u00fclen 2008 yarg\u0131lamalar\u0131nda, \u201cBiz AKP\u2019nin siyasetini destekliyorduk\u201d diyen Deniz Fenerciler, ayn\u0131 anda seyr-\u00fc sefer i\u015fine girenlerden.<\/p>\n<p style=\"text-align: justify;\">Deniz Feneri\u2019nin halen tutuklu bulunan ve ba\u015fbakan Erdo\u011fan\u2019la hat\u0131ra foto\u011fraf\u0131 dillerde olan ba\u015f san\u0131\u011f\u0131 Mehmet G\u00fcrhan, bu i\u015fte iyi para oldu\u011funu sezmi\u015fti.<\/p>\n<p style=\"text-align: justify;\">Ya da bu gemilerin bir g\u00fcn laz\u0131m olaca\u011f\u0131n\u0131 erken kavram\u0131\u015ft\u0131.<\/p>\n<p style=\"text-align: justify;\">\u0130lk \u00f6nce onlar \u00e7\u0131kacakt\u0131, \u201cfakirli\u011fi siyaseten s\u00f6m\u00fcr\u00fclmesi m\u00fcmk\u00fcn olan\u201d islam \u00fclkelerine yap\u0131lacak seferlere&#8230;<\/p>\n<p style=\"text-align: justify;\">Bu y\u00fczden, Santour\u2019un Genel M\u00fcd\u00fcr\u00fc Mehmet Ko\u00e7\u2019un tavsiyesi ile Riga\u2019ya gitti, oradan Baltic Cristina isimli gemiyi 1.150.000 Euro\u2019ya ald\u0131.<\/p>\n<p style=\"text-align: justify;\">Ne hikmetse bu gemiye, Frankfurt\u2019taki Vak\u0131fbank 1.700.000 Euro kredi verdi. Yani, maliyetinin \u00fczerinde bir kredi a\u00e7t\u0131&#8230;<\/p>\n<p style=\"text-align: justify;\">Geminin pe\u015finatlar\u0131, Deniz Feneri\u2019ne \u2018d\u00fcnyadaki fakir m\u00fcsl\u00fcmanlara yard\u0131m amac\u0131yla\u201d yat\u0131r\u0131lan paralardan \u00f6dendi.<\/p>\n<p style=\"text-align: justify;\">Ama olmad\u0131. Gemiye nitelikle personel bulunamad\u0131\u011f\u0131 i\u00e7in y\u00fczd\u00fcr\u00fclemedi bile&#8230;<\/p>\n<p style=\"text-align: justify;\">Ard\u0131ndan gemi sat\u0131ld\u0131, paralar u\u00e7tu&#8230;<\/p>\n<p style=\"text-align: justify;\">Deniz Feneri e.V. isimli derne\u011fe de d\u00f6nmedi parac\u0131klar.<\/p>\n<p style=\"text-align: justify;\"><strong>4- SON BARBAROS; AHMET BURAK ERDO\u011eAN <\/strong><\/p>\n<p style=\"text-align: justify;\">Bakan \u00e7ocuklar\u0131 gemi ya da tersane sahibi olur da, ba\u015fbakan \u00e7ocu\u011fu durur mu? O da bacana\u011f\u0131 olan Zekeriya Karaman\u2019\u0131n o\u011fluyla bu i\u015fe zaten a\u015finayd\u0131.<\/p>\n<p style=\"text-align: justify;\">Ahmet Burak Erdo\u011fan, MB Denizcilik\u2019i kurup Safran 1 isimli gemiyi ald\u0131.<\/p>\n<p style=\"text-align: justify;\">Bu gemiye \u00f6denen paran\u0131n bir k\u0131sm\u0131n\u0131n Deniz Feneri\u2019nin Almanya aya\u011f\u0131ndan geldi\u011fi filan iddia edildi.<\/p>\n<p style=\"text-align: justify;\">Kem g\u00f6zl\u00fc insanlar\u0131n\u0131n, servet d\u00fc\u015fmanlar\u0131n\u0131n bu iddialar\u0131na ra\u011fmen Safran 1 y\u00fcr\u00fcyor \u00e7ok \u015f\u00fck\u00fcr!<\/p>\n<p style=\"text-align: justify;\">\u0130\u015fte bizim bildi\u011fimiz \u00fcst d\u00fczey islamc\u0131 yavrular\u0131n\u0131n gemileri, denizcilik i\u015fleri bunlar&#8230;<\/p>\n<p style=\"text-align: justify;\">Sonra da kalk\u0131p IHH\u2019n\u0131n Mavi Marmara\u2019y\u0131 almas\u0131n\u0131 sorguluyorsunuz&#8230;<\/p>\n<p style=\"text-align: justify;\">\u0130mam bu gemileri al\u0131rsa, cemaatten say\u0131lan IHH\u2019n\u0131n Mavi Marmara\u2019y\u0131 almas\u0131ndan daha do\u011fal ne olabilir&#8230;<\/p>\n<p style=\"text-align: justify;\">Bizim merak etti\u011fimiz as\u0131l konu, bakan \u00e7ocuklar\u0131n\u0131n gemilerinin ne zaman IHH, Cansuyu, Orda Kimse Var m\u0131?, Deniz Feneri, WEFA, Islamic Relief gibi, inan\u00e7l\u0131 insanlardan beslenenlerce kiralanaca\u011f\u0131d\u0131r.<\/p>\n<p style=\"text-align: justify;\">Bir dahaki Gazze Seferi\u2019ne bu gemilerin ne zaman \u00e7\u0131kar\u0131laca\u011f\u0131d\u0131r?<\/p>\n<p style=\"text-align: justify;\">Koskoca islamc\u0131 \u00e7evrelerin \u00e7ocuklar\u0131 bu gemicikleri sadece ticari ama\u00e7 i\u00e7in alm\u0131\u015f olamazlar.<\/p>\n<p style=\"text-align: justify;\">Alm\u0131\u015flarsa, \u201culvi bir ama\u00e7\u201d da vard\u0131r mutlaka&#8230;<\/p>\n<p style=\"text-align: justify;\">Yoksa, inan\u00e7lar\u0131n\u0131 inkar etmi\u015f olurlar&#8230;<\/p>\n<p style=\"text-align: justify;\">Hatta bu gemiler Gazze\u2019ye \u00e7\u0131kar\u0131l\u0131rken, bakan ve ba\u015fbakan \u00e7ocuklar\u0131 olarak onlar da bulunsunlar ki i\u015f tamam olsun&#8230;<\/p>\n<p style=\"text-align: justify;\">\u2026<\/p>\n<p style=\"text-align: justify;\">Ne diyelim, bu yaz\u0131 da oy verip ba\u015f\u0131m\u0131za bunlar\u0131n babalar\u0131n\u0131 getirenlere bir ders olsun&#8230;<\/p>\n<p style=\"text-align: justify;\"><a href=\"http:\/\/www.odatv.com\/n.php?n=iste-akpli-barbaroslarin-listesi-2106101200\" target=\"_blank\"><span style=\"color: #888888;\">Kaynak : Ali G\u00fclen &#8211;\u00a0 Odatv.com<\/span><\/a><\/p>\n","protected":false},"excerpt":{"rendered":"<\/p>\n<p style=\"text-align: justify;\">ODATV\u2019den y\u00f6netici arkada\u015flar uyard\u0131, \u201cDeniz Feneri\u2019nin de gemisi vard\u0131 de\u011fil mi?\u201d diye&#8230;<\/p>\n<p style=\"text-align: justify;\">\u201c\u00d6l\u00fcme gittiklerini a\u00e7\u0131k\u00e7a beyan ederek\u201d Gazze\u2019ye sefere \u00e7\u0131kan IHH\u2019yla ilgili yaz\u0131lar\u0131m\u0131zdan sonra bir \u00e7ok yerden mesajlar geldi\u011fini belirterek&#8230;<\/p>\n<p style=\"text-align: justify;\">Bize de gelen mesajlar, islamc\u0131 (dinimizi her i\u015flerine alet ettikleri i\u00e7in, bu kelimeyi kullan\u0131yoruz) \u00e7evrelerin gemi merak\u0131yla ilgiliydi.<\/p>\n","protected":false},"author":1,"featured_media":0,"comment_status":"open","ping_status":"closed","sticky":false,"template":"","format":"standard","meta":{"footnotes":""},"categories":[16],"tags":[],"class_list":["post-23773","post","type-post","status-publish","format-standard","hentry","category-kose-yazilari","odd"],"_links":{"self":[{"href":"http:\/\/www.korhanyilmaz.com\/index.php?rest_route=\/wp\/v2\/posts\/23773","targetHints":{"allow":["GET"]}}],"collection":[{"href":"http:\/\/www.korhanyilmaz.com\/index.php?rest_route=\/wp\/v2\/posts"}],"about":[{"href":"http:\/\/www.korhanyilmaz.com\/index.php?rest_route=\/wp\/v2\/types\/post"}],"author":[{"embeddable":true,"href":"http:\/\/www.korhanyilmaz.com\/index.php?rest_route=\/wp\/v2\/users\/1"}],"replies":[{"embeddable":true,"href":"http:\/\/www.korhanyilmaz.com\/index.php?rest_route=%2Fwp%2Fv2%2Fcomments&post=23773"}],"version-history":[{"count":0,"href":"http:\/\/www.korhanyilmaz.com\/index.php?rest_route=\/wp\/v2\/posts\/23773\/revisions"}],"wp:attachment":[{"href":"http:\/\/www.korhanyilmaz.com\/index.php?rest_route=%2Fwp%2Fv2%2Fmedia&parent=23773"}],"wp:term":[{"taxonomy":"category","embeddable":true,"href":"http:\/\/www.korhanyilmaz.com\/index.php?rest_route=%2Fwp%2Fv2%2Fcategories&post=23773"},{"taxonomy":"post_tag","embeddable":true,"href":"http:\/\/www.korhanyilmaz.com\/index.php?rest_route=%2Fwp%2Fv2%2Ftags&post=23773"}],"curies":[{"name":"wp","href":"https:\/\/api.w.org\/{rel}","templated":true}]}}