{"id":23768,"date":"2010-06-21T18:01:52","date_gmt":"2010-06-21T18:01:52","guid":{"rendered":"http:\/\/www.korhanyilmaz.com\/?p=23768"},"modified":"2010-06-21T18:01:52","modified_gmt":"2010-06-21T18:01:52","slug":"23768","status":"publish","type":"post","link":"http:\/\/www.korhanyilmaz.com\/?p=23768","title":{"rendered":"Onlar\u0131 Bu Dava \u00d6ld\u00fcrd\u00fc"},"content":{"rendered":"<p style=\"text-align: center;\"><a href=\"http:\/\/www.korhanyilmaz.com\/wp-content\/uploads\/2010\/06\/110.jpg\"  class=\"lightview\"><img loading=\"lazy\" decoding=\"async\" class=\"aligncenter size-full wp-image-23769\" src=\"http:\/\/www.korhanyilmaz.com\/wp-content\/uploads\/2010\/06\/110.jpg\" alt=\"\" width=\"419\" height=\"172\" \/><\/a><\/p>\n<p style=\"text-align: justify;\">Cumhuriyet Gazetesi Ba\u015fyazar\u0131 \u0130lhan Sel\u00e7uk\u2019u kaybettik.<\/p>\n<p style=\"text-align: justify;\">\u0130lhan Sel\u00e7uk\u2019un \u00f6l\u00fcm\u00fcn\u00fcn \u00f6nemli bir ayr\u0131nt\u0131s\u0131 vard\u0131.<\/p>\n<p style=\"text-align: justify;\">Sel\u00e7uk, Ergenekon Davas\u0131 sonras\u0131 hayat\u0131n\u0131 kaybeden san\u0131klar zincirinin son halkas\u0131 oldu. <!--more--><\/p>\n<p style=\"text-align: justify;\"><strong>KUDDUS\u0130 OKKIR<\/strong><\/p>\n<p style=\"text-align: justify;\">Kuddusi okk\u0131r, ergenekon Soru\u015fturmas\u0131 kapsam\u0131nda 20 Haziran 2007\u2019de tutukland\u0131. Ergenekon \u00d6rg\u00fct\u00fc\u2019n\u00fcn finans\u00f6r\u00fc olmakla itham ediliyordu.<\/p>\n<p style=\"text-align: justify;\">2008 Nisan ay\u0131nda kendisine \u00f6nce \u201cmaj\u00f6r depresyon\u201d te\u015fhisi konan Okk\u0131r, Bak\u0131rk\u00f6y Ruh ve Sinir Hastal\u0131klar\u0131 Hastanesi\u2019ne sevkedildi. Burada Okk\u0131r\u2019a ayr\u0131ca zat\u00fcree ve b\u00f6brek yetmezli\u011fi te\u015fhisi kondu. Ancak Okk\u0131r\u2019\u0131n akci\u011fer kanseri oldu\u011fu \u00e7ok ge\u00e7meden anla\u015f\u0131ld\u0131. Kanser, beyin ve kemiklerde metastaz yapm\u0131\u015ft\u0131. Okk\u0131r, \u201cdelilleri karartabilece\u011fi\u201d gerek\u00e7esiyle bir s\u00fcre daha tutuklu kald\u0131.<\/p>\n<p style=\"text-align: justify;\">1 Temmuz 2008 tarihinde n\u00f6bet\u00e7i mahkeme Okk\u0131r\u2019\u0131 serbest b\u0131rakt\u0131. Okk\u0131r, serbest kald\u0131ktan 5 g\u00fcn sonra, 6 Temmuz g\u00fcn\u00fc vefat etti. Okk\u0131r, \u00f6ld\u00fc\u011f\u00fcnde halen iddianamesi tamamlanmad\u0131\u011f\u0131 i\u00e7in neyle su\u00e7land\u0131\u011f\u0131n\u0131 bilmiyordu.<\/p>\n<p style=\"text-align: justify;\"><strong>T\u00dcRKAN SAYLAN <\/strong><\/p>\n<p style=\"text-align: justify;\">T\u00fcrkan Saylan ba\u015far\u0131l\u0131 bir t\u0131p doktoruydu. Hayat\u0131 boyunca c\u00fczamla m\u00fccadele etti. \u00c7YDD\u2019nin ba\u015fkanl\u0131\u011f\u0131n\u0131 hayat\u0131n\u0131n sonuna kadar s\u00fcrd\u00fcrd\u00fc. \u00c7YDD ile pek \u00e7ok sosyal projeye imza att\u0131.<\/p>\n<p style=\"text-align: justify;\">Saylan\u2019\u0131n evi Ergenekon Soru\u015fturmas\u0131 kapsam\u0131nda 13 Nisan 2009 tarihinde bas\u0131ld\u0131. Saylan\u2019\u0131n pek \u00e7ok ki\u015fisel evrak\u0131na bask\u0131nda el konuldu. Saylan\u2019\u0131n ba\u015fkanl\u0131\u011f\u0131n\u0131 y\u00fcr\u00fctt\u00fc\u011f\u00fc \u00c7YDD\u2019nin b\u00fcrolar\u0131 da bask\u0131nda hedef oldu. Saylan, bir s\u00fcredir kanser tedavisi g\u00f6r\u00fcyordu. Bu bask\u0131ndan bir ay sonra 18 May\u0131s 2009\u2019da hayata g\u00f6zlerini yumdu.<\/p>\n<p style=\"text-align: justify;\"><strong>AL\u0130 TATAR <\/strong><\/p>\n<p style=\"text-align: justify;\">Yarbay Ali Tatar da soru\u015fturma s\u00fcrecinde \u00f6lenlerden biriydi. Tatar, \u201cAmirallere Suikast Giri\u015fimi\u201d iddias\u0131yla \u00f6nce tutukland\u0131 ard\u0131ndan yap\u0131lan itirala serbest b\u0131rak\u0131ld\u0131. Savc\u0131 S\u00fcleyman Pehlivan\u2019\u0131n tutuklama karar\u0131na itiraz\u0131 sonras\u0131 hakk\u0131nda yeniden tutuklama karar\u0131 \u00e7\u0131kar\u0131ld\u0131. Yarbay Ali Tatar, bu karar\u0131 \u00f6\u011frendikten sonra 20 Aral\u0131k 2009 tarihinde intihar etti. Tatar veda mektubunda \u201cOramiral U\u011fur Yi\u011fit Komutan\u0131m\u2019a suikast iddias\u0131nda ad\u0131m ge\u00e7iyor. Babam \u00f6ld\u00fc\u011f\u00fc zaman ben seferdeydim. Komutan\u0131m (Oramiral E\u015fref U\u011fur Yi\u011fit) beni arayarak, \u2018Ba\u015f\u0131n sa\u011f olsun, b\u00f6yle \u015feyler herkesin ba\u015f\u0131na gelir. Sen rahat ol\u2019 diye bana teselli vermi\u015fti. En k\u00f6t\u00fc g\u00fcn\u00fcmde yan\u0131mda olan ki\u015fiye kar\u015f\u0131 nas\u0131l b\u00f6yle bir \u015fey d\u00fc\u015f\u00fcnebilirim. Bana babacan yakla\u015fan bir insana sadece sayg\u0131 ve minnet duyabilirim.\u201d yazd\u0131. \u00d6l\u00fcm\u00fcnden bir s\u00fcre sonra hakk\u0131nda \u00f6nemli bir delil olan \u201csuikast notu\u201d ndaki el yaz\u0131s\u0131n\u0131n Tatar\u2019a ait olmad\u0131\u011f\u0131 belirlendi.<\/p>\n<p style=\"text-align: justify;\"><strong>ERHAN G\u00d6KSEL <\/strong><\/p>\n<p style=\"text-align: justify;\">Erhan G\u00f6ksel, pek \u00e7ok Ba\u015fbakan\u2019a dan\u0131\u015fmanl\u0131k yapan \u00f6nemli bir isimdi. Verso Ara\u015ft\u0131rma \u015eirketi\u2019nin sahibiydi. 22 Ocak 2009 tarihinde g\u00f6zalt\u0131na al\u0131nd\u0131. G\u00f6zalt\u0131yla beraber \u015firketinin t\u00fcm altyap\u0131s\u0131na el konuldu. \u015eirket iflas etti. G\u00f6ksel\u2019in babas\u0131 g\u00f6zalt\u0131ndan \u00fc\u00e7 ay sonra kalp krizi ge\u00e7irerek \u00f6ld\u00fc. Erhan G\u00f6ksal ise ald\u0131\u011f\u0131 i\u015f teklifi nedeniyle ABD\u2019ye \u00e7al\u0131\u015fmaya gitti. 21 May\u0131s 2010 g\u00fcn\u00fc kald\u0131\u011f\u0131 otel odas\u0131nda \u00f6l\u00fc bulundu. Ergenekon 4. \u0130ddianamesi G\u00f6ksel hakk\u0131nda \u201ckovu\u015fturmaya gerek yok\u201d karar\u0131 veriyordu. K\u0131sacas\u0131 G\u00f6ksal su\u00e7suz bulunmu\u015ftu.<\/p>\n<p style=\"text-align: justify;\"><strong>\u0130LHAN SEL\u00c7UK <\/strong><\/p>\n<p style=\"text-align: justify;\">\u0130lhan Sel\u00e7uk, Cumhuriyet Gazetesi\u2019nin ba\u015fyazar\u0131yd\u0131. Gazetenin en \u00f6nemli ismiydi. 21 Mart 2008 tarihinde \u201csilahl\u0131 ter\u00f6r \u00f6rg\u00fct\u00fcn\u00fcn \u00fcst d\u00fczey y\u00f6neticisi olmak\u201d su\u00e7lamas\u0131yla g\u00f6zalt\u0131na al\u0131nd\u0131. \u0130lhan Sel\u00e7uk iki g\u00fcn sonra serbest b\u0131rak\u0131ld\u0131. Tutuksuz yarg\u0131lanmas\u0131na devam edildi. Sel\u00e7uk, serbest kalmas\u0131n\u0131n ard\u0131ndan rahats\u0131zland\u0131. Bir s\u00fcredir tedavi g\u00f6ren Sel\u00e7uk, d\u00fcn ya\u015fam\u0131n\u0131 kaybetti. \u0130lhan Sel\u00e7uk halen 1. Ergenekon \u0130ddianamesinde yarg\u0131lan\u0131yordu.<\/p>\n<p style=\"text-align: justify;\"><a href=\"http:\/\/www.odatv.com\/n.php?n=onlari-bu-dava-oldurdu-2106101200\" target=\"_blank\"><span style=\"color: #888888;\">Kaynak : Odatv.com<\/span><\/a><\/p>\n","protected":false},"excerpt":{"rendered":"<p style=\"text-align: center;\">\n<p style=\"text-align: justify;\">Cumhuriyet Gazetesi Ba\u015fyazar\u0131 \u0130lhan Sel\u00e7uk\u2019u kaybettik.<\/p>\n<p style=\"text-align: justify;\">\u0130lhan Sel\u00e7uk\u2019un \u00f6l\u00fcm\u00fcn\u00fcn \u00f6nemli bir ayr\u0131nt\u0131s\u0131 vard\u0131.<\/p>\n<p style=\"text-align: justify;\">Sel\u00e7uk, Ergenekon Davas\u0131 sonras\u0131 hayat\u0131n\u0131 kaybeden san\u0131klar zincirinin son halkas\u0131 oldu. <\/p>\n","protected":false},"author":1,"featured_media":0,"comment_status":"open","ping_status":"closed","sticky":false,"template":"","format":"standard","meta":{"footnotes":""},"categories":[105],"tags":[],"class_list":["post-23768","post","type-post","status-publish","format-standard","hentry","category-gundem","odd"],"_links":{"self":[{"href":"http:\/\/www.korhanyilmaz.com\/index.php?rest_route=\/wp\/v2\/posts\/23768","targetHints":{"allow":["GET"]}}],"collection":[{"href":"http:\/\/www.korhanyilmaz.com\/index.php?rest_route=\/wp\/v2\/posts"}],"about":[{"href":"http:\/\/www.korhanyilmaz.com\/index.php?rest_route=\/wp\/v2\/types\/post"}],"author":[{"embeddable":true,"href":"http:\/\/www.korhanyilmaz.com\/index.php?rest_route=\/wp\/v2\/users\/1"}],"replies":[{"embeddable":true,"href":"http:\/\/www.korhanyilmaz.com\/index.php?rest_route=%2Fwp%2Fv2%2Fcomments&post=23768"}],"version-history":[{"count":0,"href":"http:\/\/www.korhanyilmaz.com\/index.php?rest_route=\/wp\/v2\/posts\/23768\/revisions"}],"wp:attachment":[{"href":"http:\/\/www.korhanyilmaz.com\/index.php?rest_route=%2Fwp%2Fv2%2Fmedia&parent=23768"}],"wp:term":[{"taxonomy":"category","embeddable":true,"href":"http:\/\/www.korhanyilmaz.com\/index.php?rest_route=%2Fwp%2Fv2%2Fcategories&post=23768"},{"taxonomy":"post_tag","embeddable":true,"href":"http:\/\/www.korhanyilmaz.com\/index.php?rest_route=%2Fwp%2Fv2%2Ftags&post=23768"}],"curies":[{"name":"wp","href":"https:\/\/api.w.org\/{rel}","templated":true}]}}