{"id":23764,"date":"2010-06-21T23:43:49","date_gmt":"2010-06-21T23:43:49","guid":{"rendered":"http:\/\/www.korhanyilmaz.com\/?p=23764"},"modified":"2010-06-21T23:43:49","modified_gmt":"2010-06-21T23:43:49","slug":"diyarbakirda-2-karakola-saldiri-1-sehit","status":"publish","type":"post","link":"http:\/\/www.korhanyilmaz.com\/?p=23764","title":{"rendered":"Diyarbak\u0131r&#8217;da 2 karakola sald\u0131r\u0131: 1 \u015fehit"},"content":{"rendered":"<p style=\"text-align: center;\"><a href=\"http:\/\/www.korhanyilmaz.com\/wp-content\/uploads\/2010\/06\/109.jpg\"  class=\"lightview\"><img loading=\"lazy\" decoding=\"async\" class=\"aligncenter size-full wp-image-23765\" src=\"http:\/\/www.korhanyilmaz.com\/wp-content\/uploads\/2010\/06\/109.jpg\" alt=\"\" width=\"307\" height=\"236\" \/><\/a><\/p>\n<p style=\"text-align: justify;\">Diyarbak\u0131r&#8217;\u0131n Silvan il\u00e7esine ba\u011fl\u0131 \u00c7atakk\u00f6pr\u00fc ve Ba\u011fdere k\u00f6ylerindeki jandarma karakollar\u0131na bu ak\u015fam ayn\u0131 saatlerde PKK&#8217;l\u0131 ter\u00f6ristler taraf\u0131ndan d\u00fczenlenen sald\u0131r\u0131da 1 asker \u015fehit oldu. 4 asker de yaraland\u0131. Askerler ile PKK&#8217;l\u0131lar aras\u0131nda karayolunda \u00e7\u0131kan \u00e7at\u0131\u015fmada ise yoldan ge\u00e7en ara\u00e7lara isabet eden mermilerle isimleri hen\u00fcz belirlenemeyen 4 sivil vatanda\u015f\u0131n da yaraland\u0131\u011f\u0131 kaydedildi. <!--more--><\/p>\n<p style=\"text-align: justify;\">Diyarbak\u0131r- Silvan karayolu \u00fczerinde bulunan iki jandarma karakoluna bu ak\u015fam saat 20.00 s\u0131ralar\u0131nda PKK&#8217;l\u0131 ter\u00f6ristlerce e\u015f zamanl\u0131 sald\u0131r\u0131 d\u00fczenlendi.<\/p>\n<p style=\"text-align: justify;\">Silvan&#8217;a 18 kilometre uzakl\u0131kta bulunan Batman Karayolu \u00fczerindeki \u00c7atakk\u00f6pr\u00fc K\u00f6y\u00fc Jandarma Karakolu&#8217;na, da\u011fl\u0131k alandan bir grup PKK&#8217;l\u0131 ter\u00f6rist taraf\u0131ndan taciz ate\u015fi a\u00e7\u0131ld\u0131.<\/p>\n<p style=\"text-align: justify;\">Karakoldaki askerlerin de kar\u015f\u0131l\u0131k vermesiyle ba\u015flayan \u00e7at\u0131\u015fma 15 dakika s\u00fcrd\u00fc. Ter\u00f6ristler havan\u0131n da kararmas\u0131ndan yararlanarak da\u011fl\u0131k alana do\u011fru ka\u00e7t\u0131.<\/p>\n<p style=\"text-align: justify;\">Ayn\u0131 saatlerde Silvan il\u00e7esine ba\u011fl\u0131 Diyarbak\u0131r karayolu \u00fczerindeki Ba\u011fdere K\u00f6y\u00fc Jandarma Karakolu&#8217;na i\u00e7inde 4 ki\u015finin bulundu\u011fu sivil bir otomobilden ate\u015f a\u00e7\u0131ld\u0131.<\/p>\n<p style=\"text-align: justify;\">Ter\u00f6ristlerin uzun namlulu otomatik silahlarla a\u00e7t\u0131\u011f\u0131 ilk ate\u015f s\u0131ras\u0131nda 1 asker \u015fehit olurken, 4 asker de yaraland\u0131.<\/p>\n<p style=\"text-align: justify;\">G\u00fcvenlik g\u00fc\u00e7lerinin de ate\u015f a\u00e7mas\u0131 \u00fczerine ya\u015fanan k\u0131sa s\u00fcreli \u00e7at\u0131\u015fman\u0131n ard\u0131ndan ter\u00f6ristler, gasp ettikleri \u00f6\u011frenilen otomobille Hazro \u0130l\u00e7e karayolu \u00fczerinde bulunan da\u011fl\u0131k alana do\u011fru ka\u00e7t\u0131.<\/p>\n<p style=\"text-align: justify;\"><strong>\u015eehit er Mardin do\u011fumlu <\/strong><\/p>\n<p style=\"text-align: justify;\">\u015eehit olan jandarma erin, Mardin&#8217;in Midyat \u0130l\u00e7esi do\u011fumlu Salih Albayrak oldu\u011fu belirlendi. Sald\u0131r\u0131da Karakol Komutan\u0131 Jandarma K\u0131demli Ba\u015f\u00e7avu\u015f Aziz Bekta\u015f Kaymak ile isimleri belirlenemeyen 3 erin yaraland\u0131\u011f\u0131 \u00f6\u011frenildi.<\/p>\n<p style=\"text-align: justify;\">Askerler ile PKK&#8217;l\u0131lar aras\u0131nda karayolunda \u00e7\u0131kan \u00e7at\u0131\u015fmada ayr\u0131ca yoldan ge\u00e7en ara\u00e7lara isabet eden mermilerle isimleri hen\u00fcz belirlenemeyen 4 sivil vatanda\u015f\u0131n da yaraland\u0131\u011f\u0131 kaydedildi.<\/p>\n<p style=\"text-align: justify;\">Ba\u011fdere Jandarma Karakolu&#8217;na d\u00fczenlenen sald\u0131r\u0131da yaralanan Karakol Komutan\u0131 K\u0131demli Ba\u015f\u00e7avu\u015f Kaymaz ile 3 er, Diyarbak\u0131r Asker Hastanesi&#8217;ne, yaral\u0131 4 vatanda\u015f ise \u00e7e\u015fitli hastanelere kald\u0131r\u0131larak tedavi alt\u0131na al\u0131nd\u0131.<\/p>\n<p style=\"text-align: justify;\"><strong>4 ter\u00f6rist \u00f6ld\u00fcr\u00fcld\u00fc <\/strong><\/p>\n<p style=\"text-align: justify;\">Ba\u011fdere Jandarma Karakolu&#8217;ndaki askerler, \u00e7at\u0131\u015fman\u0131ndan ard\u0131nan ka\u00e7an ter\u00f6ristleri etkisiz hale getirmek \u00fczere panzerlerle sivil arac\u0131 takibe ald\u0131.<\/p>\n<p style=\"text-align: justify;\">Otomobil da\u011fl\u0131k alanda terkedilmi\u015f olarak bulununca g\u00fcvenlik g\u00fc\u00e7leri b\u00f6lgeyi abluka alt\u0131na ald\u0131.<\/p>\n<p style=\"text-align: justify;\">S\u00fcrd\u00fcr\u00fclen operasyon kapsam\u0131nda ka\u00e7\u0131\u015f yollar\u0131 tutulan 4 ter\u00f6rist g\u00fcvenlik g\u00fc\u00e7leriyle girdi\u011fi \u00e7at\u0131\u015fmada silahlar\u0131yla birlikte \u00f6l\u00fc olarak ele ge\u00e7irildi.<\/p>\n<p style=\"text-align: justify;\">Diyarbak\u0131r&#8217;\u0131n Silvan il\u00e7esinde okullarda e\u011fitim kalitesinin artt\u0131r\u0131lmas\u0131 projesi kapsam\u0131nda ba\u015far\u0131l\u0131 olan okullar i\u00e7in d\u00fczenlenen \u00f6d\u00fcl t\u00f6renine kat\u0131lmak amac\u0131yla \u00f6\u011flen saatlerinde giden Vali Mustafa Toprak ise, 10 dakika s\u00fcreyle \u00e7at\u0131\u015fman\u0131n ortas\u0131nda kalmaktan kurtuldu.<\/p>\n<p style=\"text-align: justify;\">Silvan Kaymakam\u0131 Do\u011fan Demirda\u015f&#8217;\u0131 makam\u0131nda ziyaret edip il\u00e7ede bir dizi incelemelerde bulunan Vali Mustafa Toprak, ak\u015fam saatlerinde yo\u011fun g\u00fcvenlik \u00f6nlemleri alt\u0131nda Diyarbak\u0131r kent merkezine d\u00f6nmek i\u00e7in hareket etti.<\/p>\n<p style=\"text-align: justify;\">Silvan&#8217;a 30 kilometre uzakl\u0131kta bulunan Ba\u011fdere K\u00f6y\u00fc Jandarma Karakolu&#8217;na yap\u0131lan sald\u0131r\u0131, 10 kilometre kala kendisine bildirilen Vali Mustafa Toprak, g\u00fcvenlik tedbirleri kapsam\u0131nda g\u00fczergah\u0131 de\u011fi\u015ftirilerek Silvan&#8217;a geri d\u00f6nd\u00fcr\u00fcld\u00fc.<\/p>\n<p style=\"text-align: justify;\">B\u00f6lgede g\u00fcvenlik g\u00fc\u00e7lerinin operasyonlar\u0131 s\u00fcrd\u00fcr\u00fcl\u00fcyor.<\/p>\n<p style=\"text-align: justify;\"><span style=\"color: #888888;\">CNN T\u00dcRK<\/span><\/p>\n","protected":false},"excerpt":{"rendered":"<p style=\"text-align: center;\">\n<p style=\"text-align: justify;\">Diyarbak\u0131r&#8217;\u0131n Silvan il\u00e7esine ba\u011fl\u0131 \u00c7atakk\u00f6pr\u00fc ve Ba\u011fdere k\u00f6ylerindeki jandarma karakollar\u0131na bu ak\u015fam ayn\u0131 saatlerde PKK&#8217;l\u0131 ter\u00f6ristler taraf\u0131ndan d\u00fczenlenen sald\u0131r\u0131da 1 asker \u015fehit oldu. 4 asker de yaraland\u0131. Askerler ile PKK&#8217;l\u0131lar aras\u0131nda karayolunda \u00e7\u0131kan \u00e7at\u0131\u015fmada ise yoldan ge\u00e7en ara\u00e7lara isabet eden mermilerle isimleri hen\u00fcz belirlenemeyen 4 sivil vatanda\u015f\u0131n da yaraland\u0131\u011f\u0131 kaydedildi. <\/p>\n","protected":false},"author":1,"featured_media":0,"comment_status":"open","ping_status":"closed","sticky":false,"template":"","format":"standard","meta":{"footnotes":""},"categories":[105],"tags":[],"class_list":["post-23764","post","type-post","status-publish","format-standard","hentry","category-gundem","odd"],"_links":{"self":[{"href":"http:\/\/www.korhanyilmaz.com\/index.php?rest_route=\/wp\/v2\/posts\/23764","targetHints":{"allow":["GET"]}}],"collection":[{"href":"http:\/\/www.korhanyilmaz.com\/index.php?rest_route=\/wp\/v2\/posts"}],"about":[{"href":"http:\/\/www.korhanyilmaz.com\/index.php?rest_route=\/wp\/v2\/types\/post"}],"author":[{"embeddable":true,"href":"http:\/\/www.korhanyilmaz.com\/index.php?rest_route=\/wp\/v2\/users\/1"}],"replies":[{"embeddable":true,"href":"http:\/\/www.korhanyilmaz.com\/index.php?rest_route=%2Fwp%2Fv2%2Fcomments&post=23764"}],"version-history":[{"count":0,"href":"http:\/\/www.korhanyilmaz.com\/index.php?rest_route=\/wp\/v2\/posts\/23764\/revisions"}],"wp:attachment":[{"href":"http:\/\/www.korhanyilmaz.com\/index.php?rest_route=%2Fwp%2Fv2%2Fmedia&parent=23764"}],"wp:term":[{"taxonomy":"category","embeddable":true,"href":"http:\/\/www.korhanyilmaz.com\/index.php?rest_route=%2Fwp%2Fv2%2Fcategories&post=23764"},{"taxonomy":"post_tag","embeddable":true,"href":"http:\/\/www.korhanyilmaz.com\/index.php?rest_route=%2Fwp%2Fv2%2Ftags&post=23764"}],"curies":[{"name":"wp","href":"https:\/\/api.w.org\/{rel}","templated":true}]}}