{"id":23759,"date":"2010-06-21T21:08:06","date_gmt":"2010-06-21T21:08:06","guid":{"rendered":"http:\/\/www.korhanyilmaz.com\/?p=23759"},"modified":"2010-06-21T21:08:06","modified_gmt":"2010-06-21T21:08:06","slug":"iste-kilicdaroglunun-teror-cozumu","status":"publish","type":"post","link":"http:\/\/www.korhanyilmaz.com\/?p=23759","title":{"rendered":"\u0130\u015fte K\u0131l\u0131\u00e7daro\u011flu&#8217;nun ter\u00f6r \u00e7\u00f6z\u00fcm\u00fc"},"content":{"rendered":"<p style=\"text-align: center;\"><a href=\"http:\/\/www.korhanyilmaz.com\/wp-content\/uploads\/2010\/06\/108.jpg\"  class=\"lightview\"><img loading=\"lazy\" decoding=\"async\" class=\"aligncenter size-full wp-image-23760\" src=\"http:\/\/www.korhanyilmaz.com\/wp-content\/uploads\/2010\/06\/108.jpg\" alt=\"\" width=\"307\" height=\"236\" \/><\/a><\/p>\n<p style=\"text-align: justify;\">CHP Genel Ba\u015fkan\u0131 Kemal K\u0131l\u0131\u00e7daro\u011flu, 35 y\u0131ld\u0131r devam eden ter\u00f6r\u00fc ancak CHP&#8217;nin bitirebilece\u011fini belirterek, &#8220;35 y\u0131ld\u0131r ter\u00f6r\u00fc silahla susturmaya \u00e7al\u0131\u015ft\u0131lar. Ak\u0131l yok, mant\u0131k yok bunlarda. Kan, kanla y\u0131kamakla temizlenmez, b\u00f6yle bir anlay\u0131\u015f olmaz. Huzuru ve bar\u0131\u015f\u0131 sa\u011flamak i\u00e7in, toplumsal bar\u0131\u015f\u0131 sa\u011flamak i\u00e7in \u00f6nce akl\u0131m\u0131z\u0131 ve mant\u0131\u011f\u0131m\u0131z\u0131 kullanaca\u011f\u0131z. Biz birilerinin re\u00e7etesine de\u011fil halk\u0131n re\u00e7etesine ba\u015fvuraca\u011f\u0131z&#8221; dedi.<!--more--><\/p>\n<p style=\"text-align: justify;\">K\u0131l\u0131\u00e7daro\u011flu, partisince Ad\u0131yaman&#8217;da Mustafa Y\u00fccel \u00d6zbilgin Park\u0131&#8217;n\u0131n \u00f6n\u00fcnde d\u00fczenlenen mitingde vatanda\u015flara ve partililere hitap eti.<\/p>\n<p style=\"text-align: justify;\">&#8220;Etnik kimlikleri sorgular hale getiren siyaseti al a\u015fa\u011f\u0131 etmek i\u00e7in yola \u00e7\u0131kt\u0131k&#8221; diyen K\u0131l\u0131\u00e7daro\u011flu, \u015f\u00f6yle konu\u015ftu: &#8220;\u015eurada \u00e7ok g\u00fczel bir afi\u015f var, &#8216;Bar\u0131\u015f i\u00e7in CHP&#8217; diyor. Size s\u00f6z, 35 y\u0131ld\u0131r devam eden ter\u00f6r\u00fc ancak CHP bitirebilir. \u00c7\u00fcnk\u00fc biz insanlar\u0131n etnik kimli\u011fini sorgulam\u0131yoruz, \u00e7\u00fcnk\u00fc biz insan\u0131m\u0131z\u0131 seviyoruz. \u00c7\u00fcnk\u00fc biz insan\u0131m\u0131z\u0131 severken her insan\u0131n evine al\u0131n teriyle kazand\u0131\u011f\u0131 ekme\u011fi g\u00f6t\u00fcrmesini sa\u011flayaca\u011f\u0131z. Ter\u00f6r\u00fc birileri elimize re\u00e7ete verdi diye o re\u00e7eteyi uygulayarak sonland\u0131rmayaca\u011f\u0131z, onun sonland\u0131rmayaca\u011f\u0131n\u0131 da biliyoruz. Biz size gelece\u011fiz, toplumsal destek isteyece\u011fiz, devletin kurumlar\u0131yla bar\u0131\u015f\u00e7\u0131l y\u00f6ntem bulaca\u011f\u0131z ve ter\u00f6r\u00fc sonland\u0131raca\u011f\u0131z bu co\u011frafyada.&#8221;<\/p>\n<p style=\"text-align: justify;\">Toplumsal bar\u0131\u015f\u0131 sa\u011flamak i\u00e7in \u00f6ncelikle akl\u0131 ve mant\u0131\u011f\u0131 kullanacaklar\u0131n\u0131 ifade eden K\u0131l\u0131\u00e7daro\u011flu, &#8220;35 y\u0131ld\u0131r ter\u00f6r\u00fc silahla susturmaya \u00e7al\u0131\u015ft\u0131lar. Ak\u0131l yok, mant\u0131k yok bunlarda. Kan, kan y\u0131kamakla temizlenmez, b\u00f6yle bir anlay\u0131\u015f olmaz. Huzuru ve bar\u0131\u015f\u0131 sa\u011flamak i\u00e7in, toplumsal bar\u0131\u015f\u0131 sa\u011flamak i\u00e7in \u00f6nce akl\u0131m\u0131z\u0131 ve mant\u0131\u011f\u0131m\u0131z\u0131 kullanaca\u011f\u0131z. Birilerinin re\u00e7etesine de\u011fil halk\u0131n re\u00e7etesine ba\u015fvuraca\u011f\u0131z&#8221; diye konu\u015ftu.<\/p>\n<p style=\"text-align: justify;\">\u0130\u015fsizli\u011fi \u00f6nlemenin en b\u00fcy\u00fck g\u00f6revleri olaca\u011f\u0131n\u0131 belirten K\u0131l\u0131\u00e7daro\u011flu, &#8220;Bunlar ma\u011fduruz dediler, ma\u011frur oldular. \u015eimdi halk\u0131 eziyorlar, se\u00e7imde de siz onlar\u0131 ezin. TBMM&#8217;de hayali ihracat\u00e7\u0131, yetim hakk\u0131 yiyen, ihaleye fesat kar\u0131\u015ft\u0131ran ister misiniz? Bir kalpazan ister misiniz? O zaman size s\u00f6z veriyoruz, sand\u0131k \u00f6n\u00fcn\u00fcze geldi\u011finde iktidar\u0131 bize verin onlar\u0131n hepsinden hesap soral\u0131m&#8221; dedi.<\/p>\n<p style=\"text-align: justify;\">Ba\u015fbakan Recep Tayyip Erdo\u011fan&#8217;\u0131n 17 Nisan 2002&#8217;de Ad\u0131yaman&#8217;dan yapt\u0131\u011f\u0131 konu\u015fmadan al\u0131nt\u0131lar yapan K\u0131l\u0131\u00e7daro\u011flu, verdi\u011fi s\u00f6zleri ise yerine getirmedi\u011fini s\u00f6yledi.<\/p>\n<p style=\"text-align: justify;\">8 y\u0131l \u00f6nce s\u00f6ylenen tablonun de\u011fi\u015fmedi\u011fini belirten K\u0131l\u0131\u00e7daro\u011flu, &#8220;\u00c7\u00fcnk\u00fc siyasete y\u0131rt\u0131k ayakkab\u0131yla ba\u015flayanlar sizin cebinizden ald\u0131klar\u0131 parayla K\u0131s\u0131kl\u0131&#8217;da 5 y\u0131ld\u0131zl\u0131 havuzlu villalarda oturmaya ba\u015flad\u0131lar. Bunlar asla mutlulu\u011fun foto\u011fraf\u0131n\u0131 \u00e7izemezler, bunlar asla halk\u0131n politikas\u0131n\u0131 \u00fcretemezler, bunlar halk\u0131 ayr\u0131\u015ft\u0131rmay\u0131 temel felsefe edinmi\u015f siyasi yap\u0131dalar&#8221; dedi.<\/p>\n<p style=\"text-align: justify;\">Bu arada, K\u0131l\u0131\u00e7daro\u011flu, kent merkezindeki mitinge gelmeden \u00f6nce Besni il\u00e7esinde vatanda\u015flara hitap etti. Vatanda\u015flardan sand\u0131kta iktidardan hesap sormalar\u0131n\u0131 isteyen K\u0131l\u0131\u00e7daro\u011flu, bunun demokrasi \u00e7\u0131tas\u0131n\u0131 y\u00fckseltece\u011fini s\u00f6yledi.<\/p>\n<p style=\"text-align: justify;\">K\u0131l\u0131\u00e7daro\u011flu, &#8220;Bunlar\u0131n ad\u0131nda ak var, asl\u0131nda bunlar\u0131n akl\u0131\u011f\u0131 yok. Ak olan millete hesap verir, g\u00f6nl\u00fcnde millet sevgisi olur&#8221; dedi.<\/p>\n<p style=\"text-align: justify;\"><span style=\"color: #888888;\">CNN T\u00dcRK<\/span><\/p>\n","protected":false},"excerpt":{"rendered":"<p style=\"text-align: center;\">\n<p style=\"text-align: justify;\">CHP Genel Ba\u015fkan\u0131 Kemal K\u0131l\u0131\u00e7daro\u011flu, 35 y\u0131ld\u0131r devam eden ter\u00f6r\u00fc ancak CHP&#8217;nin bitirebilece\u011fini belirterek, &#8220;35 y\u0131ld\u0131r ter\u00f6r\u00fc silahla susturmaya \u00e7al\u0131\u015ft\u0131lar. Ak\u0131l yok, mant\u0131k yok bunlarda. Kan, kanla y\u0131kamakla temizlenmez, b\u00f6yle bir anlay\u0131\u015f olmaz. Huzuru ve bar\u0131\u015f\u0131 sa\u011flamak i\u00e7in, toplumsal bar\u0131\u015f\u0131 sa\u011flamak i\u00e7in \u00f6nce akl\u0131m\u0131z\u0131 ve mant\u0131\u011f\u0131m\u0131z\u0131 kullanaca\u011f\u0131z. Biz birilerinin re\u00e7etesine <\/p>\n","protected":false},"author":1,"featured_media":0,"comment_status":"open","ping_status":"closed","sticky":false,"template":"","format":"standard","meta":{"footnotes":""},"categories":[105],"tags":[],"class_list":["post-23759","post","type-post","status-publish","format-standard","hentry","category-gundem","odd"],"_links":{"self":[{"href":"http:\/\/www.korhanyilmaz.com\/index.php?rest_route=\/wp\/v2\/posts\/23759","targetHints":{"allow":["GET"]}}],"collection":[{"href":"http:\/\/www.korhanyilmaz.com\/index.php?rest_route=\/wp\/v2\/posts"}],"about":[{"href":"http:\/\/www.korhanyilmaz.com\/index.php?rest_route=\/wp\/v2\/types\/post"}],"author":[{"embeddable":true,"href":"http:\/\/www.korhanyilmaz.com\/index.php?rest_route=\/wp\/v2\/users\/1"}],"replies":[{"embeddable":true,"href":"http:\/\/www.korhanyilmaz.com\/index.php?rest_route=%2Fwp%2Fv2%2Fcomments&post=23759"}],"version-history":[{"count":0,"href":"http:\/\/www.korhanyilmaz.com\/index.php?rest_route=\/wp\/v2\/posts\/23759\/revisions"}],"wp:attachment":[{"href":"http:\/\/www.korhanyilmaz.com\/index.php?rest_route=%2Fwp%2Fv2%2Fmedia&parent=23759"}],"wp:term":[{"taxonomy":"category","embeddable":true,"href":"http:\/\/www.korhanyilmaz.com\/index.php?rest_route=%2Fwp%2Fv2%2Fcategories&post=23759"},{"taxonomy":"post_tag","embeddable":true,"href":"http:\/\/www.korhanyilmaz.com\/index.php?rest_route=%2Fwp%2Fv2%2Ftags&post=23759"}],"curies":[{"name":"wp","href":"https:\/\/api.w.org\/{rel}","templated":true}]}}