{"id":23753,"date":"2010-06-17T11:30:24","date_gmt":"2010-06-17T11:30:24","guid":{"rendered":"http:\/\/www.korhanyilmaz.com\/?p=23753"},"modified":"2010-06-17T11:30:24","modified_gmt":"2010-06-17T11:30:24","slug":"basbakan-araplar%e2%80%99i-neden-sevmeye-basladi","status":"publish","type":"post","link":"http:\/\/www.korhanyilmaz.com\/?p=23753","title":{"rendered":"Ba\u015fbakan Araplar\u0131&#8217;\u0131 Neden Sevmeye Ba\u015flad\u0131?"},"content":{"rendered":"<p><a href=\"http:\/\/www.korhanyilmaz.com\/wp-content\/uploads\/2010\/06\/107.jpg\"  class=\"lightview\"><img loading=\"lazy\" decoding=\"async\" class=\"aligncenter size-full wp-image-23754\" src=\"http:\/\/www.korhanyilmaz.com\/wp-content\/uploads\/2010\/06\/107.jpg\" alt=\"\" width=\"250\" height=\"175\" \/><\/a><\/p>\n<p style=\"text-align: justify;\">Tayyip Erdo\u011fan\u2019\u0131n, partisinin grup toplant\u0131s\u0131nda s\u00f6yledi\u011fi \u201cT\u00fcrkiye&#8217;de k\u00f6pekler bile Arap diye \u00e7a\u011fr\u0131ld\u0131\u201d s\u00f6z\u00fcn\u00fc gazetelerden okuduk. Dil konusunda asgari bir birikime sahip herkeste tebess\u00fcm uyand\u0131ran bu s\u00f6zler ne yaz\u0131k ki ciddi bir tahlile tabi tutulmad\u0131. <!--more--><\/p>\n<p style=\"text-align: justify;\">Milyonlarca Arap\u2019\u0131n hayat\u0131na mal olan sava\u015f i\u00e7in tezkere haz\u0131rlayan, \u0130ncirlik \u00dcss\u00fc\u2019n\u00fcn Amerikan kuvvetleri taraf\u0131ndan kullan\u0131lmas\u0131na bir tek g\u00fcn sesini \u00e7\u0131karmayan, a\u011f\u0131r bombard\u0131man u\u00e7aklar\u0131na \u00fclke hava sahas\u0131n\u0131 a\u00e7an birisinin, bir g\u00fcn Arap ulusal onurunun koruyuculu\u011funu yapaca\u011f\u0131 kimsenin akl\u0131na gelmezdi. O halde, \u201cBayram de\u011fil seyran de\u011fil, Recep Bey Araplar\u2019\u0131 nereden hat\u0131rlad\u0131?\u201d sorusunu da sormak durumunday\u0131z.<\/p>\n<p style=\"text-align: justify;\"><strong>\u201cARAP\u201d S\u00d6Z\u00dc K\u00dc\u00c7\u00dcLT\u00dcC\u00dc M\u00dc? <\/strong><\/p>\n<p style=\"text-align: justify;\">Ama \u00f6nce k\u00f6peklere tak\u0131lan \u201cArap\u201d s\u00f6z\u00fcn\u00fcn k\u00fc\u00e7\u00fclt\u00fcc\u00fc olup olmad\u0131\u011f\u0131 meselesiyle ba\u015flayal\u0131m. Bir kere, otuz bin y\u0131l \u00f6nce evcille\u015ftirildi\u011fi varsay\u0131lan ve o zamandan bu yana insanl\u0131\u011f\u0131n kadim dostu olan k\u00f6peklere, hayvan sevgisi olan hi\u00e7 kimsenin a\u015fa\u011f\u0131lay\u0131c\u0131 isimler takmas\u0131 d\u00fc\u015f\u00fcn\u00fclemez. \u00d6te yandan, \u201cArap\u201d ad\u0131n\u0131n beyaz veya sar\u0131 t\u00fcyl\u00fc olan k\u00f6peklere de\u011fil de, sadece siyah t\u00fcyl\u00fc k\u00f6peklere tak\u0131l\u0131yor olmas\u0131, meselenin cinsle de\u011fil t\u00fcy rengiyle alakal\u0131 oldu\u011funu g\u00f6sterir.<\/p>\n<p style=\"text-align: justify;\">Ayr\u0131ca, T\u00fcrk dilinde \u201cArap\u201d s\u00f6z\u00fcn\u00fcn kullan\u0131m\u0131na bakt\u0131\u011f\u0131m\u0131zda, hi\u00e7 de Erdo\u011fan\u2019\u0131n al\u0131naca\u011f\u0131 t\u00fcrden sonu\u00e7larla kar\u015f\u0131la\u015fm\u0131yoruz. \u00d6rne\u011fin, \u201cArap Bac\u0131\u201d olarak bilinen ve ge\u00e7ti\u011fimiz y\u0131llarda kaybetti\u011fimiz usta tiyatro oyuncusu Tevfik Gelenbe\u2019nin \u00f6mr\u00fc boyunca bundan hi\u00e7 gocunmad\u0131\u011f\u0131n\u0131 biliyoruz. Bir di\u011fer \u00f6rnek, \u201cfoto\u011fraf\u0131n arab\u0131\u201d deyi\u015fidir ki anla\u015f\u0131laca\u011f\u0131 \u00fczere, foto\u011fraf\u0131n negatifi kastedilmektedir ve b\u00fcy\u00fck \u015fair Ece Ayhan\u2019\u0131n bu ba\u015fl\u0131\u011f\u0131 ta\u015f\u0131yan bir \u015fiiri bulunmaktad\u0131r. \u201cArap At\u0131\u201d s\u00f6z\u00fcn\u00fc hat\u0131rlayabiliriz; zek\u00e2s\u0131, sa\u011flaml\u0131\u011f\u0131 ve g\u00fcc\u00fcyle bilinen bir at cinsine verilen add\u0131r ve bir y\u00fcceltme vard\u0131r. Son olarak, temizli\u011fin simgesi olan \u201cArap Sabunu\u201d ile etli yemeklere lezzet katan \u201cArapsa\u00e7\u0131\u201dn\u0131 da ekleyebiliriz.<\/p>\n<p style=\"text-align: justify;\">Tarihte, T\u00fcrkler\u2019in Araplar\u2019\u0131 k\u00fc\u00e7\u00fclt\u00fcc\u00fc s\u0131fatlarla \u00e7a\u011f\u0131rmak bir yana, \u201ckavm-i necip\u201d olarak g\u00f6rd\u00fcklerini biliyoruz. Bunun aksine, olduk\u00e7a entelekt\u00fcel bir kavim olan Araplar\u2019\u0131n, g\u00f6\u00e7ebe ge\u00e7mi\u015fiyle bildikleri T\u00fcrkler\u2019i \u201cEtrak-\u0131 Biidrak\u201d adland\u0131rd\u0131klar\u0131 da tarih kitaplar\u0131nda yaz\u0131l\u0131d\u0131r.<\/p>\n<p style=\"text-align: justify;\"><strong>ASIL \u0130RANLILAR, ARAPLAR\u2019I SEVMEZ <\/strong><\/p>\n<p style=\"text-align: justify;\">Tarihte Araplar\u2019\u0131n yay\u0131lmac\u0131l\u0131\u011f\u0131na direnen bir millet aran\u0131yorsa, Farslar bulunacakt\u0131r; \u0130slamiyet\u2019i kabul ettikten sonra, Arap \u015fovenizminin asimilasyon cenderesinden kurtulmak isteyen \u0130ranl\u0131lar, \u015eiilik mezhebini ortaya att\u0131lar.<\/p>\n<p style=\"text-align: justify;\">Arap \u015fovenizminin san\u0131ld\u0131\u011f\u0131ndan \u00e7ok daha g\u00fc\u00e7l\u00fc oldu\u011funu belirtmek gerekir; \u00f6zellikle \u015fiir dal\u0131ndaki geli\u015fkinli\u011fiyle g\u00f6z \u00e7arpan bir edebiyata sahip olan Araplar, cebir s\u00f6zc\u00fc\u011f\u00fcne de sahip bir millet olarak, fen bilimlerinde de ileri bir kavim olarak bilinirdi. Kuran\u2019\u0131n meali derken de Arap \u015fovenizminin etkisini g\u00f6rmek zorunday\u0131z; meal, \u00e7eviri hiyerar\u015fisinde terc\u00fcme\u2019den daha geridir ve Arap\u00e7a\u2019n\u0131n di\u011fer dillere \u00e7evrilemeyecek kadar b\u00fcy\u00fck bir anlam zenginli\u011fine sahip oldu\u011funu anlat\u0131r.<\/p>\n<p style=\"text-align: justify;\">En az Araplar kadar geli\u015fkin bir edebiyata sahip olan \u0130ranl\u0131lar\u2019\u0131n, Firdevsi\u2019nin \u015eahname\u2019yi Fars\u00e7a yazd\u0131\u011f\u0131n\u0131 hat\u0131rlayal\u0131m, Arapla\u015fmak istememelerini anlayabiliriz. Bizim de atas\u00f6zlerimiz aras\u0131nda yer alan, \u201cNe didar-\u0131 Arap, ne de \u015fir-i \u015fotur\u201d atas\u00f6z\u00fc \u0130ranl\u0131lar\u2019a aittir ve T\u00fcrk\u00e7e\u2019de \u201cNe Arab\u2019\u0131n y\u00fcz\u00fc ne de deve s\u00fct\u00fc\u201d \u015feklinde bilinmektedir.<\/p>\n<p style=\"text-align: justify;\">Bug\u00fcn, Suudi Arabistan\u2019\u0131n \u0130ran\u2019a kar\u015f\u0131 olas\u0131 bir \u0130srail sald\u0131r\u0131s\u0131 durumunda \u0130srail u\u00e7aklar\u0131na hava sahas\u0131n\u0131 a\u00e7aca\u011f\u0131 y\u00f6n\u00fcndeki haberler, Arabistan taraf\u0131ndan tekzip edilmi\u015f olsalar da, tarihte temelleri bulunan Fars-Arap \u00e7eki\u015fmesi d\u00e2hilinde ele al\u0131nmal\u0131d\u0131r.<\/p>\n<p style=\"text-align: justify;\"><strong>K\u0130M K\u0130M\u0130N SIRTINI HAN\u00c7ERLED\u0130? <\/strong><\/p>\n<p style=\"text-align: justify;\">Erdo\u011fan, bahsini etti\u011fimiz konu\u015fmas\u0131nda, \u201cAraplar bizi s\u0131rt\u0131m\u0131zdan han\u00e7erledi,\u201d tezinin as\u0131ls\u0131zl\u0131\u011f\u0131na da de\u011finiyordu. Bu tespit, geneli itibariyle do\u011fru olmakla birlikte, \u00f6nemli \u00f6l\u00e7\u00fcde eksiktir. Eksik olan nokta, as\u0131l Araplar\u2019\u0131n T\u00fcrkler\u2019in kendilerini s\u0131rtlar\u0131ndan han\u00e7erledi\u011fine inanmalar\u0131d\u0131r.<\/p>\n<p style=\"text-align: justify;\">Dinci Sebil\u00fcrre\u015fat Dergisi yazar\u0131 ve imam-hatip liselerinin kurucusu ba\u015fbakan \u015eemsettin G\u00fcnaltay, 1949 y\u0131l\u0131nda, \u0130srail\u2019in Araplar\u2019la sava\u015f\u0131 hen\u00fcz bitmemi\u015fken, \u0130srail\u2019i tan\u0131m\u0131\u015f ve T\u00fcrkiye\u2019ye, n\u00fcfusu yo\u011funlukla M\u00fcsl\u00fcman olup da \u0130srail\u2019i tan\u0131yan ilk ulus \u201c\u00fcnvan\u0131\u201dn\u0131 kazand\u0131rm\u0131\u015ft\u0131. Kendisini selefi olarak tan\u0131mlayan G\u00fcnaltay\u2019\u0131n bu hamlesinin Araplar\u2019da ne kadar b\u00fcy\u00fck hayal k\u0131r\u0131kl\u0131\u011f\u0131 yaratt\u0131\u011f\u0131n\u0131 tahmin etmek g\u00fc\u00e7 de\u011fildir. Bu olaydan sonra Araplar\u2019\u0131n ders kitaplar\u0131na \u201cT\u00fcrkler bizi s\u0131rt\u0131m\u0131zdan han\u00e7erledi,\u201d s\u00f6z\u00fcn\u00fc yerle\u015ftirmeleri de \u015fa\u015f\u0131rt\u0131c\u0131 de\u011fildir.<\/p>\n<p style=\"text-align: justify;\">Bug\u00fcn Erdo\u011fan\u2019\u0131n, G\u00fcnaltay\u2019\u0131n kurmu\u015f oldu\u011fu imam-hatip liselerinden mezun oldu\u011funu biliyoruz.<\/p>\n<p style=\"text-align: justify;\"><strong>ERDO\u011eAN G\u00d6Z\u00dcN\u00dc PETRO-DOLARLARA D\u0130KT\u0130<\/strong><\/p>\n<p style=\"text-align: justify;\">\u201cCanda\u015f medya\u201d s\u00f6z\u00fcyle Alevi yurtta\u015flar\u0131m\u0131z\u0131n onurunu k\u0131ran Erdo\u011fan\u2019\u0131n, k\u00f6peklere \u201cArap\u201d denmesine i\u00e7erleyip \u0131rk\u00e7\u0131l\u0131\u011fa kar\u015f\u0131 samimi bir tepki g\u00f6stermesi ihtimal d\u0131\u015f\u0131 oldu\u011funa g\u00f6re, o halde ni\u00e7in bu s\u00f6zleri sarf etti, sorusu bizi bekliyor.<\/p>\n<p style=\"text-align: justify;\">AKP h\u00fck\u00fcmeti zaman\u0131nda, Kemal Dervi\u015f politikalar\u0131n\u0131n, ortodoks bir \u015fekilde uyguland\u0131\u011f\u0131 bilinmekte ve bu politikalar\u0131n ba\u015f\u0131nda da y\u00fcksek faiz-d\u00fc\u015f\u00fck kur gelmektedir. Bu politika y\u00fcz\u00fcnden T\u00fcrkiye\u2019ye h\u00fccum eden s\u0131cak paralarla d\u00f6viz a\u00e7\u0131\u011f\u0131 kapat\u0131l\u0131rken ayn\u0131 zamanda T\u00fcrkiye\u2019nin b\u00fcy\u00fck sanayicileri ve bankac\u0131lar\u0131 yurtd\u0131\u015f\u0131ndan d\u00fc\u015f\u00fck faizlerle bor\u00e7lanabiliyordu. Bu saadet zinciri devam ederken, Amerika\u2019da patlak veren finansal kriz s\u0131cak para giri\u015flerinde bir daralmaya yol a\u00e7t\u0131; ancak bu daralma T\u00fcrk Liras\u0131\u2019n\u0131n de\u011fer kaybetmesine neden olmad\u0131.<\/p>\n<p style=\"text-align: justify;\">Liran\u0131n de\u011ferini korumas\u0131n\u0131n arkas\u0131ndaki en \u00f6nemli fakt\u00f6rlerden birisi, Merkez Bankas\u0131\u2019n\u0131n bilan\u00e7osunda \u201cnet hata noksan\u201d kaleminde g\u00f6r\u00fclen, ancak hata olamayacak kadar b\u00fcy\u00fck mebla\u011flar\u0131n birikmesidir; bir ara bu mebla\u011f 19 milyar dolara kadar \u00e7\u0131km\u0131\u015ft\u0131. K\u0131saca s\u0131cak para T\u00fcrkiye\u2019den \u00e7\u0131karken, kayna\u011f\u0131 belirsiz d\u00f6vizler \u00fclkemize giriyordu.<\/p>\n<p style=\"text-align: justify;\">Bu esrarengiz d\u00f6viz giri\u015flerine ili\u015fkin bir a\u00e7\u0131klama, dinci bankalar\u0131n \u00e7at\u0131 \u00f6rg\u00fct\u00fc olan T\u00fcrkiye Kat\u0131l\u0131m Bankalar\u0131 Birli\u011fi ba\u015fkan\u0131 Osman Aky\u00fcz\u2019den gelmi\u015fti; buna g\u00f6re, hata-noksan kalemi alt\u0131nda g\u00f6z\u00fcken paralar g\u00f6kten de\u011fil, Erdo\u011fan\u2019\u0131n Davos \u00e7\u0131k\u0131\u015f\u0131 sonras\u0131nda, K\u00f6rfez\u2019den gelmi\u015fti. Davos k\u0131sm\u0131n\u0131 abart\u0131l\u0131 bulmakla birlikte, konumu itibariyle, K\u00f6rfez\u2019deki sermaye hareketlerinin Aky\u00fcz\u2019\u00fcn bilgisi d\u00e2hilinde oldu\u011funu varsayabiliriz.<\/p>\n<p style=\"text-align: justify;\">Cari a\u00e7\u0131\u011f\u0131n d\u00f6rt kat\u0131na \u00e7\u0131kt\u0131\u011f\u0131 ve k\u0131sa vadeli d\u0131\u015f borcun elli d\u00f6rt milyar dolara vard\u0131\u011f\u0131 bug\u00fcnlerde, petrol \u015feyhlerinin getirece\u011fi petro-dolarlar, kazan\u00e7lar\u0131 lira-bor\u00e7lar\u0131 dolar cinsinden b\u00fcy\u00fck zenginlerimiz i\u00e7in bir kurtulu\u015f kap\u0131s\u0131d\u0131r.<\/p>\n<p style=\"text-align: justify;\"><strong>ARAP SEVG\u0130S\u0130 <\/strong><\/p>\n<p style=\"text-align: justify;\">T\u00fcrkiye benzer bir sorunla 12 Eyl\u00fcl g\u00fcnlerinde de kar\u015f\u0131la\u015fm\u0131\u015ft\u0131; 1979-1980\u2019de b\u00fcy\u00fck d\u00f6viz s\u0131k\u0131nt\u0131s\u0131 \u00e7eken ve d\u0131\u015f ticaret a\u00e7\u0131\u011f\u0131n\u0131 kapatmak i\u00e7in tarihinin en a\u011f\u0131r deval\u00fcasyonunu yapan T\u00fcrkiye, b\u00fcy\u00fck sermayenin finansman ihtiya\u00e7lar\u0131n\u0131 kar\u015f\u0131lamak \u00fczere, 1973-petrol \u015foku sayesinde katlanan petro-dolarlar\u0131 \u00e7ekmek pe\u015findeydi. Bunun i\u00e7in cuntac\u0131lar\u0131n T\u00fcrkiye\u2019yi \u0130slam Konferans\u0131 \u00d6rg\u00fct\u00fc\u2019ne soktuklar\u0131n\u0131 biliyoruz.<\/p>\n<p style=\"text-align: justify;\">Yaz\u0131y\u0131 yak\u0131n tarih okumas\u0131ndan \u00e7\u0131kard\u0131\u011f\u0131m\u0131z bir tezle bitirelim: \u201cT\u00fcrkiye ne zaman d\u00f6viz s\u0131k\u0131nt\u0131s\u0131 \u00e7ekse, Araplar\u2019\u0131 sevmeyi hat\u0131rl\u0131yor.\u201d<\/p>\n<p style=\"text-align: justify;\"><a href=\"http:\/\/www.odatv.com\/n.php?n=basbakan-araplari-neden-sevmeye-basladi--1706101200\" target=\"_blank\"><span style=\"color: #888888;\">Kaynak : Sait \u00c7ak\u0131r &#8211; Odatv.com<\/span><\/a><\/p>\n","protected":false},"excerpt":{"rendered":"<\/p>\n<p style=\"text-align: justify;\">Tayyip Erdo\u011fan\u2019\u0131n, partisinin grup toplant\u0131s\u0131nda s\u00f6yledi\u011fi \u201cT\u00fcrkiye&#8217;de k\u00f6pekler bile Arap diye \u00e7a\u011fr\u0131ld\u0131\u201d s\u00f6z\u00fcn\u00fc gazetelerden okuduk. Dil konusunda asgari bir birikime sahip herkeste tebess\u00fcm uyand\u0131ran bu s\u00f6zler ne yaz\u0131k ki ciddi bir tahlile tabi tutulmad\u0131. <\/p>\n","protected":false},"author":1,"featured_media":0,"comment_status":"open","ping_status":"closed","sticky":false,"template":"","format":"standard","meta":{"footnotes":""},"categories":[105],"tags":[],"class_list":["post-23753","post","type-post","status-publish","format-standard","hentry","category-gundem","odd"],"_links":{"self":[{"href":"http:\/\/www.korhanyilmaz.com\/index.php?rest_route=\/wp\/v2\/posts\/23753","targetHints":{"allow":["GET"]}}],"collection":[{"href":"http:\/\/www.korhanyilmaz.com\/index.php?rest_route=\/wp\/v2\/posts"}],"about":[{"href":"http:\/\/www.korhanyilmaz.com\/index.php?rest_route=\/wp\/v2\/types\/post"}],"author":[{"embeddable":true,"href":"http:\/\/www.korhanyilmaz.com\/index.php?rest_route=\/wp\/v2\/users\/1"}],"replies":[{"embeddable":true,"href":"http:\/\/www.korhanyilmaz.com\/index.php?rest_route=%2Fwp%2Fv2%2Fcomments&post=23753"}],"version-history":[{"count":0,"href":"http:\/\/www.korhanyilmaz.com\/index.php?rest_route=\/wp\/v2\/posts\/23753\/revisions"}],"wp:attachment":[{"href":"http:\/\/www.korhanyilmaz.com\/index.php?rest_route=%2Fwp%2Fv2%2Fmedia&parent=23753"}],"wp:term":[{"taxonomy":"category","embeddable":true,"href":"http:\/\/www.korhanyilmaz.com\/index.php?rest_route=%2Fwp%2Fv2%2Fcategories&post=23753"},{"taxonomy":"post_tag","embeddable":true,"href":"http:\/\/www.korhanyilmaz.com\/index.php?rest_route=%2Fwp%2Fv2%2Ftags&post=23753"}],"curies":[{"name":"wp","href":"https:\/\/api.w.org\/{rel}","templated":true}]}}