{"id":23742,"date":"2010-06-21T15:53:17","date_gmt":"2010-06-21T15:53:17","guid":{"rendered":"http:\/\/www.korhanyilmaz.com\/?p=23742"},"modified":"2010-06-21T15:53:17","modified_gmt":"2010-06-21T15:53:17","slug":"sehidin-agabeyinden-akpye-buyuk-ofke","status":"publish","type":"post","link":"http:\/\/www.korhanyilmaz.com\/?p=23742","title":{"rendered":"\u015eehidin a\u011fabeyinden AKP&#8217;ye b\u00fcy\u00fck \u00f6fke"},"content":{"rendered":"<p style=\"text-align: center;\"><a href=\"http:\/\/www.korhanyilmaz.com\/wp-content\/uploads\/2010\/06\/106.jpg\"  class=\"lightview\"><img loading=\"lazy\" decoding=\"async\" class=\"aligncenter size-full wp-image-23743\" src=\"http:\/\/www.korhanyilmaz.com\/wp-content\/uploads\/2010\/06\/106.jpg\" alt=\"\" width=\"420\" height=\"210\" \/><\/a><a class=\"lightview\" title=\"\u015eehidin a\u011fabeyinden AKP'ye B\u00fcy\u00fck \u00d6fke::Kaynak : Vatan Gazetesi :: width: 400, height: 330\" rel=\"set[SEH\u0130T]\" href=\"swf\/flvplayer.swf?file=http:\/\/video.gazetevatan.com\/video\/file\/200620101451580329057.flv&amp;autostart=true\"><img loading=\"lazy\" decoding=\"async\" class=\"aligncenter\" title=\"Habere \u0130li\u015fkin Videoyu \u0130zleyin... \" src=\"wp-data\/images\/video_izle_tikla.png\" alt=\"\" width=\"30\" height=\"30\" \/><\/a><\/p>\n<p style=\"text-align: justify;\">Ke\u015fanl\u0131 20 ya\u015f\u0131ndaki Komando Er Mustafa Kay\u0131n&#8217;\u0131n baba oca\u011f\u0131 taziye i\u00e7in gelenlerle dolup ta\u015f\u0131yor<\/p>\n<p style=\"text-align: justify;\">HAKKAR\u0130&#8217;nin \u015eemdilli \u0130l\u00e7esi&#8217;nde PKK&#8217;l\u0131 ter\u00f6ristlerle girilen \u00e7at\u0131\u015fmada \u015fehit olan Ke\u015fanl\u0131 20 ya\u015f\u0131ndaki Komando Er Mustafa Kay\u0131n&#8217;\u0131n baba oca\u011f\u0131 taziye i\u00e7in gelenlerle dolup ta\u015f\u0131yor. O\u011flunu kaybetti\u011fi i\u00e7in b\u00fcy\u00fck \u00fcz\u00fcnt\u00fc ya\u015fayan baba S\u00fcleyman Kay\u0131n, Babalar g\u00fcn\u00fcnde en g\u00fczel hediyeyi ald\u0131\u011f\u0131n\u0131 s\u00f6yledi. <!--more--><\/p>\n<p style=\"text-align: justify;\">\u015eemdinli \u0130l\u00e7esi, G\u00fcnyaz\u0131 K\u00f6y\u00fc&#8217;n\u00fcn Irak s\u0131n\u0131r\u0131ndaki Tanyolu Mezras\u0131?ndaki s\u0131n\u0131r b\u00f6l\u00fc\u011f\u00fcne gece yar\u0131s\u0131 PKK&#8217;l\u0131 bir grup taraf\u0131ndan yap\u0131lan sald\u0131r\u0131da \u015fehit d\u00fc\u015fen marangoz kalfas\u0131 20 ya\u015f\u0131ndaki Mustafa Kay\u0131n&#8217;\u0131n Edirne&#8217;nin Ke\u015fan \u0130l\u00e7esi&#8217;ne ba\u011fl\u0131 A\u015fa\u011f\u0131 Zaferiye Mahallesi&#8217;ndeki baba oca\u011f\u0131na d\u00fc\u015fen ate\u015f s\u00f6nm\u00fcyor. D\u00fcn ald\u0131klar\u0131 ac\u0131 haberle y\u0131k\u0131lan aileyi, yak\u0131nlar\u0131 ve r\u00fctbeli askerler sakinle\u015ftirmeye \u00e7al\u0131\u015f\u0131yor. Ailenin ya\u015fad\u0131\u011f\u0131 eve dev T\u00fcrk bayra\u011f\u0131 as\u0131l\u0131rken, fenala\u015fan anne Sevgi Kay\u0131n&#8217;a s\u00fcrekli doktorlar m\u00fcdahale etti.<\/p>\n<p style=\"text-align: justify;\">Karde\u015fi ile gurur duydu\u011funu g\u00f6zya\u015flar\u0131 i\u00e7inde anlatan ve pazarc\u0131l\u0131k yapan a\u011fabey 27 ya\u015f\u0131ndaki S\u00fcney Kay\u0131n, &#8220;\u015eerefsizlere kar\u015f\u0131 a\u011flamaya\u011f\u0131z. Bende var\u0131m gelsin als\u0131nlar beni de. A\u00e7\u0131l\u0131m\u0131 g\u00f6rs\u00fcn. Als\u0131n a\u00e7\u0131l\u0131m\u0131n\u0131 ba\u015f\u0131na \u00e7als\u0131n. O\u011flu g\u00f6rm\u00fc\u015f m\u00fc bir g\u00fcn da\u011fda bu s\u0131k\u0131nt\u0131y\u0131. Bir g\u00fcn sadece o\u011flu da\u011fda askerlik yaps\u0131n. O da delikanl\u0131 gibi g\u00f6ndersin o\u011flunu. 365 milletvekili yollas\u0131n o\u011flunu da\u011fa. 10 g\u00fcn Burdur&#8217;da askerlik yap\u0131p gelmekle olmuyor. Bir can\u0131m\u0131z gittiyse bende vermeye raz\u0131y\u0131m can\u0131m\u0131. A\u00e7\u0131l\u0131m yap\u0131yorsuz neyin a\u00e7\u0131l\u0131m\u0131n\u0131 yap\u0131yoruz. Yatakta bebe\u011fe kur\u015fun s\u0131kan ter\u00f6rist ba\u015f\u0131 5 y\u0131ld\u0131zl\u0131 otel gibi yerde yat\u0131yor. A\u00e7\u0131l\u0131m buysa hepinize yaz\u0131klar olsun. Ama ben a\u011flam\u0131yaca\u011f\u0131m, o \u015ferefsizleri sevindirmeyece\u011fim. Ben de bir can\u0131m, bende var\u0131m, \u00e7a\u011f\u0131rs\u0131nlar yine gideyim askere. Yinede vatan sa\u011folsun.&#8221; dedi.<\/p>\n<p style=\"text-align: justify;\"><strong>EN G\u00dcZEL HED\u0130YE BANA <\/strong><\/p>\n<p style=\"text-align: justify;\">\u00c7ok \u00fcz\u00fcnt\u00fcl\u00fc oldu\u011fun s\u00f6yleyen kamyon \u015fofor\u00fc baba 55 ya\u015f\u0131ndaki S\u00fcleyman Kay\u0131n, &#8220;Allah kimseye b\u00f6yle ac\u0131 g\u00f6stermesin. Her \u015fey vatan i\u00e7in, konu\u015facak bir kelime yok. Herg\u00fcn televizyonda ba\u011f\u0131r\u0131p durmas\u0131n. \u00c7\u0131ks\u0131n meydana mert\u00e7e konu\u015fsun, a\u00e7\u0131l\u0131m yapt\u0131, ne yapt\u0131 herkesi kudurttu.&#8221;dedi. Bug\u00fcn babalar g\u00fcn\u00fc oldu\u011funun hat\u0131rlat\u0131lmas\u0131 \u00fczerine S\u00fcleyman Kay\u0131n, &#8220;En g\u00fczel hediye bu bana&#8221;dedi.<\/p>\n<p style=\"text-align: justify;\"><strong>ANALARI A\u011eLATANLAR RABB\u0130M PER\u0130\u015eAN ETS\u0130N <\/strong><\/p>\n<p style=\"text-align: justify;\">S\u00fcrekli a\u011flayan ve kom\u015fular\u0131n\u0131 deste\u011fi ile ayakta durmaya \u00e7al\u0131\u015fan ev han\u0131m\u0131 anne Sevgi Kay\u0131n ise, &#8220;Nas\u0131l a\u011flam\u0131yay\u0131m dostlar, gitti o\u011flum. A\u011flayan g\u00f6zya\u015flar\u0131m\u0131z\u0131 nas\u0131l \u00f6deyecekler, \u00f6deyemezler. Analar\u0131 a\u011flatanlar rabbim peri\u015fan etsin. Bug\u00fcn nas\u0131l babalar g\u00fcn\u00fc olsun ki, nas\u0131l babas\u0131n\u0131n g\u00fcn\u00fc olsun. \u00c7ok ac\u0131 bir g\u00fcn. Yavrumu aya\u011f\u0131mla g\u00f6t\u00fcrd\u00fcm, bayraklarla gelecek. Allah bu ac\u0131y\u0131 kimseye ya\u015fatmas\u0131n. 2 tane yavrum vard\u0131 \u00e7ok de\u011fil. Aslanlar gitti yavrum.&#8221;diyerek g\u00f6zya\u015flar\u0131na bo\u011fuldu.<\/p>\n<p style=\"text-align: justify;\"><span style=\"color: #888888;\">Kaynak : Vatan<\/span><\/p>\n","protected":false},"excerpt":{"rendered":"<p style=\"text-align: center;\">\n<p style=\"text-align: justify;\">Ke\u015fanl\u0131 20 ya\u015f\u0131ndaki Komando Er Mustafa Kay\u0131n&#8217;\u0131n baba oca\u011f\u0131 taziye i\u00e7in gelenlerle dolup ta\u015f\u0131yor<\/p>\n<p style=\"text-align: justify;\">HAKKAR\u0130&#8217;nin \u015eemdilli \u0130l\u00e7esi&#8217;nde PKK&#8217;l\u0131 ter\u00f6ristlerle girilen \u00e7at\u0131\u015fmada \u015fehit olan Ke\u015fanl\u0131 20 ya\u015f\u0131ndaki Komando Er Mustafa Kay\u0131n&#8217;\u0131n baba oca\u011f\u0131 taziye i\u00e7in gelenlerle dolup ta\u015f\u0131yor. O\u011flunu kaybetti\u011fi i\u00e7in b\u00fcy\u00fck \u00fcz\u00fcnt\u00fc ya\u015fayan baba S\u00fcleyman Kay\u0131n, Babalar g\u00fcn\u00fcnde <\/p>\n","protected":false},"author":1,"featured_media":0,"comment_status":"open","ping_status":"closed","sticky":false,"template":"","format":"standard","meta":{"footnotes":""},"categories":[105],"tags":[],"class_list":["post-23742","post","type-post","status-publish","format-standard","hentry","category-gundem","odd"],"_links":{"self":[{"href":"http:\/\/www.korhanyilmaz.com\/index.php?rest_route=\/wp\/v2\/posts\/23742","targetHints":{"allow":["GET"]}}],"collection":[{"href":"http:\/\/www.korhanyilmaz.com\/index.php?rest_route=\/wp\/v2\/posts"}],"about":[{"href":"http:\/\/www.korhanyilmaz.com\/index.php?rest_route=\/wp\/v2\/types\/post"}],"author":[{"embeddable":true,"href":"http:\/\/www.korhanyilmaz.com\/index.php?rest_route=\/wp\/v2\/users\/1"}],"replies":[{"embeddable":true,"href":"http:\/\/www.korhanyilmaz.com\/index.php?rest_route=%2Fwp%2Fv2%2Fcomments&post=23742"}],"version-history":[{"count":0,"href":"http:\/\/www.korhanyilmaz.com\/index.php?rest_route=\/wp\/v2\/posts\/23742\/revisions"}],"wp:attachment":[{"href":"http:\/\/www.korhanyilmaz.com\/index.php?rest_route=%2Fwp%2Fv2%2Fmedia&parent=23742"}],"wp:term":[{"taxonomy":"category","embeddable":true,"href":"http:\/\/www.korhanyilmaz.com\/index.php?rest_route=%2Fwp%2Fv2%2Fcategories&post=23742"},{"taxonomy":"post_tag","embeddable":true,"href":"http:\/\/www.korhanyilmaz.com\/index.php?rest_route=%2Fwp%2Fv2%2Ftags&post=23742"}],"curies":[{"name":"wp","href":"https:\/\/api.w.org\/{rel}","templated":true}]}}