{"id":23738,"date":"2010-06-21T15:44:49","date_gmt":"2010-06-21T15:44:49","guid":{"rendered":"http:\/\/www.korhanyilmaz.com\/?p=23738"},"modified":"2010-06-21T15:44:49","modified_gmt":"2010-06-21T15:44:49","slug":"tusiaddan-sert-aciklama","status":"publish","type":"post","link":"http:\/\/www.korhanyilmaz.com\/?p=23738","title":{"rendered":"T\u00dcS\u0130AD&#8217;dan sert a\u00e7\u0131klama!"},"content":{"rendered":"<p><a href=\"http:\/\/www.korhanyilmaz.com\/wp-content\/uploads\/2010\/06\/105.jpg\"  class=\"lightview\"><img loading=\"lazy\" decoding=\"async\" class=\"aligncenter size-full wp-image-23739\" src=\"http:\/\/www.korhanyilmaz.com\/wp-content\/uploads\/2010\/06\/105.jpg\" alt=\"\" width=\"320\" height=\"100\" \/><\/a><\/p>\n<p style=\"text-align: justify;\">T\u00dcS\u0130AD Ba\u015fkan\u0131 \u00dcmit Boyner, Devlet vatadan\u015f\u0131n\u0131n ya\u015fama hakk\u0131n\u0131 korumak i\u00e7in gerekli tedbiri almakla sorumludur. Bu sorumlulu\u011fu yerine getiremiyorsa hesab\u0131n\u0131 vermekle da y\u00fck\u00fcml\u00fcd\u00fcr a\u00e7\u0131klamas\u0131nda bulundu.<\/p>\n<p style=\"text-align: justify;\">T\u00fcrk Sanayicileri ve \u0130\u015fadamlar\u0131 Derne\u011fi (T\u00dcS\u0130AD) Ba\u015fkan\u0131 \u00dcmit Boyner, ter\u00f6r\u00fcn bug\u00fcn itibariyle T\u00fcrkiye&#8217;nin yeniden en \u00f6nemli g\u00fcndem maddesi haline geldi\u011fini s\u00f6yledi. <!--more--><\/p>\n<p style=\"text-align: justify;\">Boyner, T\u00dcS\u0130AD ve T\u00fcrk Giri\u015fim ve \u0130\u015f D\u00fcnyas\u0131 Konfederasyonu (T\u00dcRKONFED) taraf\u0131ndan Trabzon&#8217;da bir otelde d\u00fczenlenen &#8216;B\u00f6lgesel Kalk\u0131nma ve \u0130\u015f D\u00fcnyas\u0131n\u0131n Rol\u00fc&#8217; konulu toplant\u0131n\u0131n a\u00e7\u0131l\u0131\u015f\u0131nda yapt\u0131\u011f\u0131 konu\u015fmada, T\u00fcrkiye&#8217;nin \u00fcz\u00fcnt\u00fc ya\u015fad\u0131\u011f\u0131 bug\u00fcnlerde, g\u00fczel Trabzon&#8217;a gelmenin bir nebze de olsa insan\u0131 ferahlatt\u0131\u011f\u0131n\u0131 belirtti.<\/p>\n<p style=\"text-align: justify;\">\u015eehit olan askerler i\u00e7in \u00e7ok \u00fczg\u00fcn olduklar\u0131n\u0131 ifade eden Boyner, &#8216;Ter\u00f6r bug\u00fcn itibariyle T\u00fcrkiye&#8217;nin yeniden en \u00f6nemli g\u00fcndem maddesi haline gelmi\u015ftir. Bug\u00fcn burada ter\u00f6r\u00fc art\u0131k lanetlemek, \u015fiddeti k\u0131namakla yetinemeyece\u011fim. Zaten sorunun artaca\u011f\u0131n\u0131n \u00f6nceden bilinmesinden, demokratikle\u015fmeyi istemeyen gizli g\u00fc\u00e7lerin varl\u0131\u011f\u0131ndan, i\u00e7 ve d\u0131\u015f dengede h\u00fck\u00fcmetin ayar problemlerinden, hi\u00e7bir fikrimiz olamayan istihbarat zafiyetinden, silahl\u0131 kuvvetlerin ter\u00f6rle m\u00fccadeledeki deneyiminden, Pensilvanya&#8217;dan ter\u00f6rle m\u00fccadele yorumu bekleyenlerden, s\u00fcrekli \u0130mral\u0131 referans\u0131 vermekten kendini kurtaramayan partiden, hen\u00fcz ad\u0131mlar\u0131 somutla\u015fmadan yok olmaya y\u00fcz tutmu\u015f a\u00e7\u0131l\u0131mlardan da sadece bahsedemeyece\u011fim&#8217; dedi.<\/p>\n<p style=\"text-align: justify;\">Boyner, art\u0131k bug\u00fcn s\u00f6z\u00fcn bitmekte oldu\u011fu, herkesin sabr\u0131n\u0131n son noktaya vard\u0131\u011f\u0131 bir durumda olundu\u011funu vurgulayarak, \u015funlar\u0131 s\u00f6yledi:<\/p>\n<p style=\"text-align: justify;\">&#8216;Silkinip, ter\u00f6r\u00fc normalle\u015ftiren, &#8216;zaten 30 y\u0131ld\u0131r var&#8217; diyerek toplumu, ter\u00f6r\u00fc ve ter\u00f6r\u00fcn ini\u015f \u00e7\u0131k\u0131\u015flar\u0131n\u0131 bir korku filmi gibi \u00fcrpertiyle, ancak kan\u0131ksatarak seyrettiren anlay\u0131\u015fa hepimizin &#8216;dur&#8217; demesi gerekiyor. Ter\u00f6rle m\u00fccadele t\u00fcm heceleriyle T\u00fcrkiye&#8217;yi yatay kesen bir konudur, hepimizin konusudur. Hep birlikte \u00fczerimize d\u00fc\u015fen sorumluklar\u0131 almak durumunday\u0131z. Ancak ku\u015fkusuzdur ki devlet, y\u00f6neticileriyle kurumlar\u0131yla ve olu\u015fturdu\u011fu altyap\u0131s\u0131yla bu m\u00fccadelenin \u00f6ncelikli sorumlusudur. Geli\u015fmi\u015f \u00fclke olman\u0131n en \u00f6nemli \u00f6l\u00e7\u00fctlerinden biri vatanda\u015f\u0131n\u0131n ya\u015fama hakk\u0131na verdi\u011fi de\u011ferdir. Devlet, vatanda\u015f\u0131n\u0131n ya\u015fama hakk\u0131n\u0131 korumak i\u00e7in gerekli tedbiri almakla sorumludur. Bu sorumlulu\u011funu yerine getiremiyorsa, bunun hesab\u0131n\u0131 vermekle de y\u00fck\u00fcml\u00fcd\u00fcr.&#8217;<\/p>\n<p style=\"text-align: justify;\">Hayat\u0131n\u0131 kaybeden vatanda\u015flar\u0131n, gencecik askerlerin yak\u0131nlar\u0131n\u0131n ac\u0131s\u0131n\u0131 payla\u015fmakla sorumlu olan yap\u0131n\u0131n &#8216;toplum&#8217; oldu\u011funu dile getiren Boyner, \u015f\u00f6yle devam etti:<\/p>\n<p style=\"text-align: justify;\">&#8216;Devletin sorumlulu\u011fu ise sadece ac\u0131lar\u0131 payla\u015fman\u0131n \u00f6tesinde, bu ac\u0131lar\u0131n olu\u015fmas\u0131n\u0131 \u00f6nlemek i\u00e7in gerekli tedbirleri almak, gerekli ad\u0131mlar\u0131 atmakt\u0131r. Bug\u00fcn tek yap\u0131lacak i\u015f iktidar partisiyle muhalefet partileriyle kurumlar\u0131yla tek bir s\u00f6ylemden olu\u015fan partiler \u00fcst\u00fc bir anlay\u0131\u015fla geri d\u00f6n\u00fc\u015f\u00fc olmayan bir yol haritas\u0131n\u0131n s\u00fcratle kamuoyu ile payla\u015f\u0131lmas\u0131 ve hemen uygulamaya konulmas\u0131d\u0131r. Bunun d\u0131\u015f\u0131ndaki hi\u00e7bir s\u00f6ylemi de\u011ferlendirmenin art\u0131k hi\u00e7bir \u00f6nemi kalmam\u0131\u015ft\u0131r. Bu giri\u015fimi geciktirmenin faturas\u0131 \u00e7ok a\u011f\u0131rd\u0131r ve herkesin kaybedece\u011fi bir s\u00fcrece \u00fclkenin s\u00fcr\u00fcklenmesidir. T\u00fcrkiye&#8217;nin geli\u015fmesine ve iyile\u015fmesine s\u00fcrekli zarar veren, bug\u00fcn ba\u015fka mecralara da ta\u015f\u0131nan ter\u00f6rle etkin m\u00fccadele gere\u011fi a\u00e7\u0131kt\u0131r.&#8217;<\/p>\n<p style=\"text-align: justify;\"><strong>&#8216;TER\u00d6R\u00dcN G\u00dcNDEM DI\u015eI OLDU\u011eU B\u0130R \u00dcLKEDE YA\u015eAMAK \u0130ST\u0130YORUZ&#8217; <\/strong><\/p>\n<p style=\"text-align: justify;\">\u00dcmit Boyner, bug\u00fcn \u015fiddetten beslenen, \u015fiddetten g\u00fc\u00e7 bulan her kim varsa onlarla m\u00fccadele etmenin \u015fart oldu\u011funu vurgulayarak, \u015funlard\u0131 s\u00f6yledi:<\/p>\n<p style=\"text-align: justify;\">&#8216;Bug\u00fcn huzur ve bar\u0131\u015f i\u00e7inde, demokratik bir refah toplumu olmam\u0131z\u0131n \u00f6n\u00fcnde kimler duruyorsa onlarla m\u00fccadele etmek \u015fartt\u0131r. T\u00fcrkiye&#8217;de ya\u015fayan, bu \u00fclke i\u00e7in \u00fcreten, yat\u0131r\u0131m yapan, istihdam yaratan, daha m\u00fcreffeh ve y\u00fcksek standartl\u0131 bir demokrasi aray\u0131\u015f\u0131 olan biz i\u015f d\u00fcnyas\u0131 temsilcileri, t\u00fcm vatanda\u015flar\u0131m\u0131z gibi g\u00fcndeminin birinci maddesi ter\u00f6r olan bir \u00fclkede de\u011fil, ter\u00f6r\u00fcn g\u00fcndem d\u0131\u015f\u0131 oldu\u011fu bir \u00fclkede ya\u015famak istiyoruz ve huzur ar\u0131yoruz. \u0130\u015f d\u00fcnyas\u0131 olarak yukar\u0131da yal\u0131n olarak talep etti\u011fimiz giri\u015fime her t\u00fcrl\u00fc katk\u0131y\u0131 ge\u00e7mi\u015fte oldu\u011fu gibi bug\u00fcn de vermeye haz\u0131r oldu\u011fumuzu, ancak s\u00fcrecin \u00e7ok yak\u0131n takip\u00e7isi olaca\u011f\u0131m\u0131z\u0131 da belirtmek isterim.&#8217;<\/p>\n<p style=\"text-align: justify;\"><strong>&#8216;GELECE\u011eE G\u00dcVENLE BAKAN T\u00dcRK\u0130YE \u00d6ZLEM\u0130M\u0130Z\u0130 BURADA TEKRAR Y\u0130NEL\u0130YORUM&#8217; <\/strong><\/p>\n<p style=\"text-align: justify;\">T\u00dcS\u0130AD Ba\u015fkan\u0131 \u00dcmit Boyner, T\u00dcS\u0130AD&#8217;\u0131n, T\u00fcrkiye&#8217;nin ekonomik ve sosyal de\u011fi\u015fimi i\u00e7in i\u015f d\u00fcnyas\u0131n\u0131n ba\u011f\u0131ms\u0131z ve g\u00f6n\u00fcll\u00fc temsil kurulu\u015flar\u0131n\u0131n \u00fclkede karar alma, politika ve siyaset \u00fcretme s\u00fcre\u00e7lerinde yer almas\u0131 gerekti\u011fine inand\u0131\u011f\u0131n\u0131 s\u00f6yledi.<\/p>\n<p style=\"text-align: justify;\"><span style=\"color: #888888;\">VATAN<\/span><\/p>\n","protected":false},"excerpt":{"rendered":"<\/p>\n<p style=\"text-align: justify;\">T\u00dcS\u0130AD Ba\u015fkan\u0131 \u00dcmit Boyner, Devlet vatadan\u015f\u0131n\u0131n ya\u015fama hakk\u0131n\u0131 korumak i\u00e7in gerekli tedbiri almakla sorumludur. Bu sorumlulu\u011fu yerine getiremiyorsa hesab\u0131n\u0131 vermekle da y\u00fck\u00fcml\u00fcd\u00fcr a\u00e7\u0131klamas\u0131nda bulundu.<\/p>\n<p style=\"text-align: justify;\">T\u00fcrk Sanayicileri ve \u0130\u015fadamlar\u0131 Derne\u011fi (T\u00dcS\u0130AD) Ba\u015fkan\u0131 \u00dcmit Boyner, ter\u00f6r\u00fcn bug\u00fcn itibariyle T\u00fcrkiye&#8217;nin yeniden en \u00f6nemli g\u00fcndem maddesi haline geldi\u011fini s\u00f6yledi. <\/p>\n","protected":false},"author":1,"featured_media":0,"comment_status":"open","ping_status":"closed","sticky":false,"template":"","format":"standard","meta":{"footnotes":""},"categories":[105],"tags":[],"class_list":["post-23738","post","type-post","status-publish","format-standard","hentry","category-gundem","odd"],"_links":{"self":[{"href":"http:\/\/www.korhanyilmaz.com\/index.php?rest_route=\/wp\/v2\/posts\/23738","targetHints":{"allow":["GET"]}}],"collection":[{"href":"http:\/\/www.korhanyilmaz.com\/index.php?rest_route=\/wp\/v2\/posts"}],"about":[{"href":"http:\/\/www.korhanyilmaz.com\/index.php?rest_route=\/wp\/v2\/types\/post"}],"author":[{"embeddable":true,"href":"http:\/\/www.korhanyilmaz.com\/index.php?rest_route=\/wp\/v2\/users\/1"}],"replies":[{"embeddable":true,"href":"http:\/\/www.korhanyilmaz.com\/index.php?rest_route=%2Fwp%2Fv2%2Fcomments&post=23738"}],"version-history":[{"count":0,"href":"http:\/\/www.korhanyilmaz.com\/index.php?rest_route=\/wp\/v2\/posts\/23738\/revisions"}],"wp:attachment":[{"href":"http:\/\/www.korhanyilmaz.com\/index.php?rest_route=%2Fwp%2Fv2%2Fmedia&parent=23738"}],"wp:term":[{"taxonomy":"category","embeddable":true,"href":"http:\/\/www.korhanyilmaz.com\/index.php?rest_route=%2Fwp%2Fv2%2Fcategories&post=23738"},{"taxonomy":"post_tag","embeddable":true,"href":"http:\/\/www.korhanyilmaz.com\/index.php?rest_route=%2Fwp%2Fv2%2Ftags&post=23738"}],"curies":[{"name":"wp","href":"https:\/\/api.w.org\/{rel}","templated":true}]}}