{"id":23731,"date":"2010-06-21T13:53:27","date_gmt":"2010-06-21T13:53:27","guid":{"rendered":"http:\/\/www.korhanyilmaz.com\/?p=23731"},"modified":"2010-06-21T13:53:27","modified_gmt":"2010-06-21T13:53:27","slug":"ilhan-selcuku-kaybettik","status":"publish","type":"post","link":"http:\/\/www.korhanyilmaz.com\/?p=23731","title":{"rendered":"\u0130lhan Sel\u00e7uk&#8217;u kaybettik&#8230;"},"content":{"rendered":"<p style=\"text-align: center;\"><a href=\"http:\/\/www.korhanyilmaz.com\/wp-content\/uploads\/2010\/06\/1021.jpg\"  class=\"lightview\"><img loading=\"lazy\" decoding=\"async\" class=\"aligncenter size-full wp-image-23733\" src=\"http:\/\/www.korhanyilmaz.com\/wp-content\/uploads\/2010\/06\/1021.jpg\" alt=\"\" width=\"346\" height=\"185\" \/><\/a><\/p>\n<p style=\"text-align: justify;\">Cumhuriyet Gazetesi Ba\u015fyazar\u0131 \u0130lhan Sel\u00e7uk tedavi g\u00f6rd\u00fc\u011f\u00fc hastanede 85 ya\u015f\u0131nda hayat\u0131n\u0131 kaybetti. \u0130lhan Sel\u00e7uk&#8217;un cenazesi, per\u015fembe g\u00fcn\u00fc Nev\u015fehir&#8217;in Hac\u0131bekta\u015f il\u00e7esinde topra\u011fa verilecek.<\/p>\n<p style=\"text-align: justify;\">Sel\u00e7uk, bir s\u00fcredir Vehbi Ko\u00e7 Vakf\u0131 Amerikan Hastanesi yo\u011fun bak\u0131m servisinde tedavi g\u00f6r\u00fcyordu. <!--more--><\/p>\n<p style=\"text-align: justify;\">Amerikan Hastanesi&#8217;nden yap\u0131lan yaz\u0131l\u0131 a\u00e7\u0131klamada, &#8220;24 Ocak tarihinde &#8216;iskemik beyin hastal\u0131\u011f\u0131&#8217; nedeni ile yo\u011fun bak\u0131m \u00fcnitesine yat\u0131r\u0131lan gazeteci yazar \u0130lhan Sel\u00e7uk, uygulanan t\u00fcm tedavi ve giri\u015fimlere kar\u015f\u0131n \u00e7oklu organ yetmezli\u011fi nedeni bug\u00fcn saat 13.15&#8217;te vefat etmi\u015ftir&#8221; denildi.<\/p>\n<p style=\"text-align: justify;\">\u0130lhan Sel\u00e7uk \u00f6mr\u00fcn\u00fc adad\u0131\u011f\u0131 yaz\u0131n ser\u00fcveninde Cumhuriyet Gazetesi&#8217;yle \u00f6zde\u015f bir isim oldu.<\/p>\n<p style=\"text-align: justify;\">45 y\u0131ld\u0131r haftan\u0131n 6 g\u00fcn\u00fc, hi\u00e7 aksatmadan gazetesindeki k\u00f6\u015fesinden okurlar\u0131na bir &#8220;Pencere&#8221; a\u00e7t\u0131, fikirlerini o pencereden T\u00fcrkiye&#8217;yle payla\u015ft\u0131.<\/p>\n<p style=\"text-align: justify;\">\u0130lhan Sel\u00e7uk, a\u011fabeyi Turhan Sel\u00e7uk&#8217;un \u00f6l\u00fcm\u00fcnden habersiz hayat\u0131n\u0131 kaybetti.<\/p>\n<p style=\"text-align: justify;\">\u0130lhan Sel\u00e7uk&#8217;un cenazesi, per\u015fembe g\u00fcn\u00fc Nev\u015fehir&#8217;in Hac\u0131bekta\u015f il\u00e7esinde topra\u011fa verilecek.<\/p>\n<p style=\"text-align: justify;\"><strong>\u0130LHAN SEL\u00c7UK K\u0130MD\u0130R? <\/strong><\/p>\n<p style=\"text-align: justify;\">\u0130lhan Sel\u00e7uk&#8217;un \u00e7ocukluk y\u0131llar\u0131, Anadolu&#8217;nun \u00e7e\u015fitli kentlerinde ge\u00e7ti. Hukuk e\u011fitim almas\u0131na ve bir s\u00fcre avukatl\u0131k yapmas\u0131na kar\u015f\u0131n, \u00f6nce a\u011fabeyi Turhan Sel\u00e7uk&#8217;la mizah dergisi \u00e7\u0131kard\u0131, daha sonra gazetecili\u011fe ba\u015flad\u0131. Uzun gazetecilik ya\u015fam\u0131nda cezaevinde kald\u0131, i\u015fkence g\u00f6rd\u00fc. \u0130\u015fte, \u0130lhan Sel\u00e7uk&#8217;un 85 y\u0131ll\u0131k ya\u015fam\u0131ndan kilometre ta\u015flar\u0131&#8230;<\/p>\n<p style=\"text-align: justify;\">T\u00fcrkiye Cumhuriyeti&#8217;nden iki ya\u015f gen\u00e7ti. \u00d6mr\u00fcn\u00fc adad\u0131\u011f\u0131 yaz\u0131n ser\u00fcveninde Cumhuriyet&#8217;le \u00f6zde\u015f bir isim oldu. 45 y\u0131ld\u0131r haftan\u0131n 6 g\u00fcn\u00fc, hi\u00e7 aksatmadan gazetesindeki k\u00f6\u015fesinden okurlar\u0131na bir &#8220;Pencere&#8221; a\u00e7t\u0131, fikirlerini o pencereden T\u00fcrkiye&#8217;yle payla\u015ft\u0131.<\/p>\n<p style=\"text-align: justify;\">\u0130lhan Sel\u00e7uk 1925&#8217;te Ayd\u0131n&#8217;da do\u011fdu. \u00c7ocuklu\u011fu subay olan babas\u0131n\u0131n g\u00f6revi nedeniyle anadolunun \u00e7e\u015fitli kentlerinde ge\u00e7ti. \u0130stanbul Hukuk Fak\u00fcltesi&#8217;ni bitirdi, bir s\u00fcre avukatl\u0131k yapt\u0131.<\/p>\n<p style=\"text-align: justify;\">\u0130kinci D\u00fcnya Sava\u015f\u0131 y\u0131llar\u0131nda,  a\u011fabeyi Turhan Sel\u00e7uk&#8217;la birlikte 41.5 adl\u0131 mizah dergisini \u00e7\u0131kard\u0131. Ard\u0131ndan Dolmu\u015f dergisi geldi. Dolmu\u015f, muhalif yakla\u015f\u0131m\u0131 ile ses getirdi.<\/p>\n<p style=\"text-align: center;\"><a href=\"http:\/\/www.korhanyilmaz.com\/wp-content\/uploads\/2010\/06\/104.jpg\"  class=\"lightview\"><img loading=\"lazy\" decoding=\"async\" class=\"aligncenter size-full wp-image-23734\" src=\"http:\/\/www.korhanyilmaz.com\/wp-content\/uploads\/2010\/06\/104.jpg\" alt=\"\" width=\"406\" height=\"231\" \/><\/a><\/p>\n<p style=\"text-align: justify;\">\u0130lhan Sel\u00e7uk, ad\u0131 duyulmaya ba\u015fland\u0131\u011f\u0131 bir s\u0131rada askere gitti. Askerdeyken 27 May\u0131s darbesi oldu.<\/p>\n<p style=\"text-align: justify;\">Terhis olup, \u0130stanbul&#8217;a d\u00f6nd\u00fc\u011f\u00fcnde ne i\u015f yapaca\u011f\u0131na karar vermi\u015fti. Gazeteci olacakt\u0131&#8230; Gazetecilik, ona uzun ve zorlu bir m\u00fccadelenin kap\u0131s\u0131n\u0131 a\u00e7t\u0131. \u0130lk i\u015fyeri Ak\u015fam gazetesiydi. Oradan Tanin, ard\u0131ndan da sol e\u011filimli Vatan gazetesine ge\u00e7ti.<\/p>\n<p style=\"text-align: justify;\">Tan\u0131nmaya ba\u015flad\u0131\u011f\u0131 d\u00f6nemde, Nadir Nadi&#8217;nin teklifini kabul etti ve sonradan ismiyle \u00f6zde\u015fle\u015fecek Cumhuriyet gazetesine yazar oldu. Bu d\u00f6nemde Do\u011fan Avc\u0131o\u011flu&#8217;nun Y\u00f6n dergisinde de yaz\u0131lar\u0131 yay\u0131nlan\u0131yordu.<\/p>\n<p style=\"text-align: justify;\"><strong>\u00c7ok partili rejime kar\u015f\u0131 teredd\u00fct\u00fc vard\u0131<\/strong><\/p>\n<p style=\"text-align: justify;\">Y\u00f6n dergisi kapat\u0131ld\u0131, Do\u011fan Avc\u0131o\u011flu Devrim dergisini \u00e7\u0131kard\u0131. \u0130lhan Sel\u00e7uk, Devrim dergisinde yazmay\u0131 s\u00fcrd\u00fcrd\u00fc. Yaz\u0131lar\u0131nda Cumhuriyet devriminin savunuculu\u011funu yap\u0131yor, \u00e7ok partili rejime kar\u015f\u0131 teredd\u00fctl\u00fc  bir yakla\u015f\u0131m sergiliyordu.<\/p>\n<p style=\"text-align: justify;\">12 Mart muht\u0131ras\u0131 verildi\u011finde, \u0130lhan Sel\u00e7uk Devrim dergisinden ayr\u0131lal\u0131 \u00e7ok olmu\u015ftu. Ancak ama hedef olmaktan kurtulamad\u0131. \u0130htilalle y\u00f6netime el koymak isteyen cuntan\u0131n i\u00e7inde yer ald\u0131\u011f\u0131 gerek\u00e7esiyle tutukland\u0131. Erenk\u00f6y&#8217;de d\u00f6nemin \u00fcnl\u00fc i\u015fkence karargah\u0131 Ziverbey K\u00f6\u015fk\u00fc&#8217;ne g\u00f6t\u00fcr\u00fcld\u00fc. Sol hareketin simge isimleri \u0130lhami Soysal ve Do\u011fan Avc\u0131o\u011flu da k\u00f6\u015fkteydi.<\/p>\n<p style=\"text-align: justify;\"><strong>Ziverbey K\u00f6\u015fk\u00fc&#8217;nde i\u015fkence g\u00f6rd\u00fc <\/strong><\/p>\n<p style=\"text-align: justify;\">Ziverbey K\u00f6\u015fk\u00fc&#8217;nde i\u015fkence g\u00f6rd\u00fc. \u0130\u015fkence alt\u0131nda oldu\u011funu, &#8216;akrosti\u015f y\u00f6ntemi&#8217;ni kullanarak  ifadesinin i\u00e7ine gizlice yazd\u0131. Daha sonra ya\u015fad\u0131klar\u0131ndan yola \u00e7\u0131karak k\u00f6\u015fk\u00fcn ad\u0131n\u0131 ta\u015f\u0131yan bir kitap kaleme ald\u0131. Ziverbey K\u00f6\u015fk\u00fc&#8217;ndeki i\u015fkenceleri ilk kez detaylar\u0131yla anlatt\u0131.<\/p>\n<p style=\"text-align: justify;\">&#8220;G\u00f6zlerim ba\u011fl\u0131 oldu\u011fundan hi\u00e7bir \u015fey g\u00f6rm\u00fcyordum. Ayak bileklerime bir alet ge\u00e7irilmi\u015fti. Bir manivelan\u0131n ya da vidan\u0131n s\u0131k\u0131\u015ft\u0131r\u0131ld\u0131\u011f\u0131n\u0131 duyumsuyordum. \u00d6yle bir an geldi ki, bacaklar\u0131m\u0131 k\u0131p\u0131rdatamaz oldum. Bir ya\u011f m\u0131 s\u0131v\u0131 m\u0131 s\u00fcr\u00fcyorlard\u0131 tabanlar\u0131ma sonra sopa inip kalkmaya ba\u015flad\u0131. Kendimi ac\u0131ya katlanabilir san\u0131rd\u0131m. Ancak falakan\u0131n verdi\u011fi ac\u0131 hi\u00e7bir ac\u0131yla k\u0131yaslanamaz. Olay\u0131n bir de ruhsal yan\u0131 var ki, bedensel ac\u0131n\u0131n \u00fcst\u00fcne biniyor. Kendini a\u015fa\u011f\u0131lanm\u0131\u015f olarak g\u00f6r\u00fcyorsun.&#8221;<\/p>\n<p style=\"text-align: justify;\">Mahkemedeki savunmas\u0131 s\u0131ras\u0131nda akrosti\u015f y\u00f6ntemini a\u00e7\u0131klad\u0131 ve ifadesinin i\u015fkence alt\u0131nda al\u0131nd\u0131\u011f\u0131n\u0131 kan\u0131tlam\u0131\u015f oldu. Sonunda beraat etti.<\/p>\n<p style=\"text-align: center;\"><a href=\"http:\/\/www.korhanyilmaz.com\/wp-content\/uploads\/2010\/06\/103.jpg\"  class=\"lightview\"><img loading=\"lazy\" decoding=\"async\" class=\"aligncenter size-full wp-image-23735\" src=\"http:\/\/www.korhanyilmaz.com\/wp-content\/uploads\/2010\/06\/103.jpg\" alt=\"\" width=\"406\" height=\"210\" \/><\/a><\/p>\n<p style=\"text-align: justify;\"><strong>Ergenekon soru\u015fturmas\u0131nda g\u00f6zalt\u0131na al\u0131nd\u0131 <\/strong><\/p>\n<p style=\"text-align: justify;\">12 Mart muht\u0131ras\u0131ndan 9 y\u0131l sonra gelecek 12 eyl\u00fcl 1980 darbesinde g\u00f6zalt\u0131na al\u0131nmad\u0131. Ama yaz\u0131lar\u0131 y\u00fcz\u00fcnden hakk\u0131nda bir\u00e7ok dava a\u00e7\u0131ld\u0131.  Davalar gazetecilik ya\u015fam\u0131n\u0131n bir par\u00e7as\u0131 haline geldi.<\/p>\n<p style=\"text-align: justify;\">\u0130lhan Sel\u00e7uk Cumhuriyet gazetesinde yar\u0131m y\u00fczy\u0131la yakla\u015fan \u00e7al\u0131\u015fmas\u0131 s\u0131ras\u0131nda zaman zaman mesai arkada\u015flar\u0131yla ters d\u00fc\u015ft\u00fc. Ama k\u00f6\u015fesini yazmay\u0131 hi\u00e7 b\u0131rakmad\u0131. Uzun s\u00fcre gazetenin imtiyaz sahibi ve ba\u015fyazar\u0131 olarak g\u00f6revini s\u00fcrd\u00fcrd\u00fc.<\/p>\n<p style=\"text-align: justify;\">T\u00fcrkiye onu polislerin aras\u0131nda son olarak, 12 Mart&#8217;tan 37 y\u0131l sonra Ergenekon soru\u015fturmas\u0131 kapsam\u0131nda sorguya giderken g\u00f6rd\u00fc. 1 Mart&#8217;ta sabaha kar\u015f\u0131  04.30&#8217;da evinden al\u0131n\u0131p yakla\u015f\u0131k 40 saat sorguland\u0131. Sonra yurtd\u0131\u015f\u0131na \u00e7\u0131k\u0131\u015f\u0131na yasak konarak serbest b\u0131rak\u0131ld\u0131.<\/p>\n<p style=\"text-align: justify;\"><strong>Eserleri&#8230; <\/strong><\/p>\n<p style=\"text-align: justify;\">\u0130lk kitab\u0131 &#8220;G\u00fczel Amerikal\u0131&#8221;y\u0131 1965 y\u0131l\u0131nda yay\u0131mlayan Sel\u00e7uk&#8217;un, di\u011fer eserleri ise \u015funlar:<\/p>\n<p style=\"text-align: justify;\"><em>&#8220;Uzak Kom\u015fu Rusya&#8217;dan (1967), Mustafa Kemal&#8217;in Saati (1969), Yeni Krallar Yeni Soytar\u0131lar (1974), Sovyetler, \u0130ran, Amerika \u0130zlenimleri (1976), Y\u00fczba\u015f\u0131 Selahattin&#8217;in Roman\u0131 (2 cilt, 1973-1975), Atat\u00fcrk\u00e7\u00fcl\u00fc\u011f\u00fcn Alfabesi (1981), A\u011flamak ve G\u00fclmek (1982), D\u00fc\u015f\u00fcn\u00fcyorum \u00d6yleyse Vurun (1984), G\u00f6r\u00fclm\u00fc\u015ft\u00fcr (1986), Ziverbey K\u00f6\u015fk\u00fc (1987), Japon G\u00fcl\u00fc (1989), Duvar\u0131n \u00dcst\u00fcndeki Tilki (1994), \u0130skele Sancak (1996), Enel Hakk&#8217;\u0131n Hakk\u0131 (2005).&#8221;<\/em><\/p>\n<p style=\"text-align: justify;\"><strong>TEPK\u0130LER <\/strong><\/p>\n<p style=\"text-align: justify;\"><strong>Cumhuriyet gazetesi yazar\u0131 Hikmet \u00c7etinkaya:<\/strong><\/p>\n<p style=\"text-align: justify;\">Atat\u00fcrk devrimlerinin y\u0131lmaz savunucusuydu. Yaz\u0131lar\u0131nda sermaye-emek \u00e7eli\u015fkilerini ortaya koydu. G\u00fcneyd\u0131\u011fu sorunlar\u0131na yaz\u0131lar\u0131nda yer vermi\u015f biridir. Denokrasiden, \u00f6zg\u00fcrl\u00fcklerden, Atat\u00fcrk devrimlerinden yana olan yurtsever bir yazard\u0131. Sabaha kar\u015f\u0131 polisler evine geldi\u011finde onlara kendi elleriyle \u00e7ay yapm\u0131\u015f biridir.<\/p>\n<p style=\"text-align: justify;\"><strong>Cumhuriyet Gazetesi yazar\u0131 Ali Sirmen:<\/strong><\/p>\n<p style=\"text-align: justify;\">Ayd\u0131nlanman\u0131n \u00f6nde gelen isimlerindendi. Hapishanelerde b\u00fcy\u00fck m\u00fccadeleler vermek zorunda kald\u0131. Hi\u00e7bir dayana\u011f\u0131 olmayan iddialarla Ergenekon&#8217;dan g\u00f6zalt\u0131na al\u0131nd\u0131. Emekleri ve yapt\u0131klar\u0131 kolay kolay silinmeyecek. \u0130lhan Sel\u00e7uk bizim \u00f6nde gelen idol yazarlar\u0131m\u0131zdan biriydi.<\/p>\n<p style=\"text-align: justify;\"><strong>Cumhuriyet Gazetesi yazar\u0131 Mehmet Fara\u00e7:<\/strong><\/p>\n<p style=\"text-align: justify;\">Onunla ayn\u0131 gazetenin sayfalar\u0131nda yaz\u0131 yazman\u0131n onurunu ve \u015ferefini ya\u015fad\u0131m. \u0130lhan a\u011fabey \u00e7ok sa\u011fl\u0131kl\u0131 bir \u015finsand\u0131. Fakart bu Ergenekon ad\u0131 verilen organizasyon yap\u0131lmadan \u00f6nce ben \u0130lhan a\u011fabeyin gazetenin merdivenlerini iki\u015fer iki\u015fer \u00e7\u0131kt\u0131\u011f\u0131n\u0131 g\u00f6rd\u00fcm, canl\u0131l\u0131kla y\u00fcr\u00fcyen, hareket eden bir insand\u0131. \u0130lhan Sel\u00e7uk gibi bir ayd\u0131nlanma abidesini bu s\u00fcrecin i\u00e7ine \u00e7ekerek sa\u011fl\u0131\u011f\u0131n\u0131 bozan hangi kurum varsa buradan esefle k\u0131n\u0131yorum. B\u00f6yle bilge bir insan\u0131 ter\u00f6r \u00f6rg\u00fct\u00fcyle ili\u015fkilendirenleri burada \u015fiddetle protesto ediyorum. Belki ya\u015f\u0131l\u0131ktan bug\u00fcn bunu ya\u015fad\u0131 ama ayn\u0131 zamanda \u00f6ld\u00fcr\u00fclm\u00fc\u015ft\u00fcr de. \u0130lhan Sel\u00e7uk&#8217;tan kalemimi namuslu tutmay\u0131 \u00f6\u011frendim.<\/p>\n<p style=\"text-align: justify;\"><strong>Cumhuriyet Gazetesi Genel Yay\u0131n Y\u00f6netmeni \u0130brahim Y\u0131ld\u0131z:<\/strong><\/p>\n<p style=\"text-align: justify;\">\u0130lhan Sel\u00e7uk \u00e7ok \u00e7ok \u00f6nemli bir gazeteci olmas\u0131n\u0131n yan\u0131s\u0131ra \u00e7ok da \u00f6nemli bir yazar kimli\u011fi vard\u0131r. Hem gazetecilik hem de siyaset anlam\u0131nda bu i\u015flerin i\u00e7inde olmu\u015ftur. \u00c7ok uzun i\u015fkenceler g\u00f6rm\u00fc\u015f ancak demokrasiye olan inanc\u0131n\u0131 hi\u00e7 kaybetmemi\u015ftir. \u00c7ok \u00fczg\u00fcn\u00fcz. O herkes i\u00e7in bir yol g\u00f6stericiydi. \u00c7ok k\u0131rg\u0131n da gitmemi\u015ftir. \u00c7ok sevecen bir ki\u015fiydi. \u00c7ok farkl\u0131 bir ki\u015fili\u011fi olan bir yazard\u0131.<\/p>\n<p style=\"text-align: justify;\"><strong>CHP Genel Ba\u015fkan\u0131 Kemal K\u0131l\u0131\u00e7daro\u011flu:<\/strong><\/p>\n<p style=\"text-align: justify;\">\u0130lhan Sel\u00e7uk benim ku\u015fa\u011f\u0131m a\u00e7\u0131s\u0131ndan derin izler b\u0131rakan bir isim. Onun Cumhuriyet&#8217;te a\u00e7t\u0131\u011f\u0131 pencere toplum a\u00e7\u0131s\u0131ndan \u00e7ok \u00f6nemliydi. \u0130deallerinden vazge\u00e7meyen, y\u0131lmaz, yi\u011fit bir insand\u0131. Son Ergenekon s\u00fcrecinde b\u00fcy\u00fck haks\u0131zl\u0131\u011fa u\u011frad\u0131\u011f\u0131 kan\u0131s\u0131nday\u0131m. O karar\u0131 alanlar umar\u0131m \u015fimdi vicdanlar\u0131yla y\u00fczle\u015fiyorlard\u0131r \u015fimdi. Ergenekon&#8217;da kendisine uygulanan muamele ve sonra sa\u011fl\u0131\u011f\u0131n\u0131n bozulmas\u0131 t\u00fcm bunlara bakt\u0131\u011f\u0131m\u0131zd\u0131 bir ayd\u0131n\u0131n haketmedi\u011fi bir s\u00fcre\u00e7ti.<\/p>\n<p style=\"text-align: justify;\"><strong>Cumhuriyet Gazetesi Yazar\u0131 Ataol Behramo\u011flu:<\/strong><\/p>\n<p style=\"text-align: justify;\">Sel\u00e7uk&#8217;un \u00f6l\u00fcm\u00fc beklenen bir olayd\u0131. Ama yine de i\u00e7imizde bir umut vard\u0131. Yeniden \u0130lhan A\u011fabey aya\u011fa kalkacak yeniden penceresini a\u00e7acak diye d\u00fc\u015f\u00fcn\u00fcyorduk, umut ediyorduk. Ama maalesef olamad\u0131. Ben gelirken akl\u0131mdan kurdu\u011fum c\u00fcmle \u015fuydu: T\u00fcrk ayd\u0131nlanmas\u0131 \u00f6nderini yitirdi. \u00c7\u00fcnk\u00fc ger\u00e7ekten de Sel\u00e7uk, Nam\u0131k Kemallerden ba\u015flayarak Mustafa Kemal ve arkada\u015flar\u0131yla zirveye \u00e7\u0131kan, bir milletin do\u011fu\u015fu demek olan T\u00fcrk ayd\u0131nlanmas\u0131n\u0131n 20. y\u00fczy\u0131ldaki hi\u00e7 ku\u015fkusuz en \u00f6nemli bir ka\u00e7 \u00f6nderinden biriydi. Tabi \u00e7ok \u00fczg\u00fcn\u00fcz ama yine onun yeri kalbimizdedir. \u0130lhan A\u011fabeyin bayra\u011f\u0131n\u0131 bizler de b\u00fct\u00fcn ya\u015fam\u0131m\u0131z s\u00fcresince y\u00fcksekte tutaca\u011f\u0131z.<\/p>\n<p style=\"text-align: justify;\"><span style=\"color: #888888;\">CNN T\u00dcRK<\/span><\/p>\n","protected":false},"excerpt":{"rendered":"<p style=\"text-align: center;\">\n<p style=\"text-align: justify;\">Cumhuriyet Gazetesi Ba\u015fyazar\u0131 \u0130lhan Sel\u00e7uk tedavi g\u00f6rd\u00fc\u011f\u00fc hastanede 85 ya\u015f\u0131nda hayat\u0131n\u0131 kaybetti. \u0130lhan Sel\u00e7uk&#8217;un cenazesi, per\u015fembe g\u00fcn\u00fc Nev\u015fehir&#8217;in Hac\u0131bekta\u015f il\u00e7esinde topra\u011fa verilecek.<\/p>\n<p style=\"text-align: justify;\">Sel\u00e7uk, bir s\u00fcredir Vehbi Ko\u00e7 Vakf\u0131 Amerikan Hastanesi yo\u011fun bak\u0131m servisinde tedavi g\u00f6r\u00fcyordu. <\/p>\n","protected":false},"author":1,"featured_media":0,"comment_status":"open","ping_status":"closed","sticky":false,"template":"","format":"standard","meta":{"footnotes":""},"categories":[105],"tags":[],"class_list":["post-23731","post","type-post","status-publish","format-standard","hentry","category-gundem","odd"],"_links":{"self":[{"href":"http:\/\/www.korhanyilmaz.com\/index.php?rest_route=\/wp\/v2\/posts\/23731","targetHints":{"allow":["GET"]}}],"collection":[{"href":"http:\/\/www.korhanyilmaz.com\/index.php?rest_route=\/wp\/v2\/posts"}],"about":[{"href":"http:\/\/www.korhanyilmaz.com\/index.php?rest_route=\/wp\/v2\/types\/post"}],"author":[{"embeddable":true,"href":"http:\/\/www.korhanyilmaz.com\/index.php?rest_route=\/wp\/v2\/users\/1"}],"replies":[{"embeddable":true,"href":"http:\/\/www.korhanyilmaz.com\/index.php?rest_route=%2Fwp%2Fv2%2Fcomments&post=23731"}],"version-history":[{"count":0,"href":"http:\/\/www.korhanyilmaz.com\/index.php?rest_route=\/wp\/v2\/posts\/23731\/revisions"}],"wp:attachment":[{"href":"http:\/\/www.korhanyilmaz.com\/index.php?rest_route=%2Fwp%2Fv2%2Fmedia&parent=23731"}],"wp:term":[{"taxonomy":"category","embeddable":true,"href":"http:\/\/www.korhanyilmaz.com\/index.php?rest_route=%2Fwp%2Fv2%2Fcategories&post=23731"},{"taxonomy":"post_tag","embeddable":true,"href":"http:\/\/www.korhanyilmaz.com\/index.php?rest_route=%2Fwp%2Fv2%2Ftags&post=23731"}],"curies":[{"name":"wp","href":"https:\/\/api.w.org\/{rel}","templated":true}]}}