{"id":23723,"date":"2010-06-21T11:42:37","date_gmt":"2010-06-21T11:42:37","guid":{"rendered":"http:\/\/www.korhanyilmaz.com\/?p=23723"},"modified":"2010-06-21T11:42:37","modified_gmt":"2010-06-21T11:42:37","slug":"saldiriyla-ilgili-sok-iddia","status":"publish","type":"post","link":"http:\/\/www.korhanyilmaz.com\/?p=23723","title":{"rendered":"Sald\u0131r\u0131yla ilgili \u015fok iddia!"},"content":{"rendered":"<p style=\"text-align: center;\"><a href=\"http:\/\/www.korhanyilmaz.com\/wp-content\/uploads\/2010\/06\/101.jpg\"  class=\"lightview\"><img loading=\"lazy\" decoding=\"async\" class=\"aligncenter size-full wp-image-23724\" src=\"http:\/\/www.korhanyilmaz.com\/wp-content\/uploads\/2010\/06\/101.jpg\" alt=\"\" width=\"420\" height=\"210\" \/><\/a><\/p>\n<p style=\"text-align: justify;\">Heronlar sald\u0131r\u0131dan \u00f6nce 200 ter\u00f6risti tespit etti, &#8216;<strong>vural\u0131m<\/strong>&#8216; talebi reddedildi.<\/p>\n<p style=\"text-align: justify;\">Do\u00e7. Dr. \u00d6nder Ayta\u00e7, kendisine ula\u015fan bir bilgiyi aktar\u0131rken, Heron&#8217;lar\u0131n (insans\u0131z istihbarat u\u00e7a\u011f\u0131) sald\u0131r\u0131dan g\u00fcnler \u00f6nce s\u0131n\u0131r\u0131 ge\u00e7en yakla\u015f\u0131k 200 ter\u00f6risti tespit etti\u011fini, ancak ter\u00f6ristlere asker\u00ee m\u00fcdahale talebinin reddedildi\u011fini ileri s\u00fcrd\u00fc. <!--more--><\/p>\n<p style=\"text-align: justify;\">Star Gazetesi&#8217;nde yay\u0131mlanan haberde Ayta\u00e7, Batman&#8217;da Heron&#8217;lardan sorumlu bir albay\u0131n ter\u00f6ristlerin g\u00f6r\u00fcnt\u00fcs\u00fcn\u00fc g\u00f6rd\u00fc\u011f\u00fcn\u00fc ve komutanlar\u0131na &#8216;<strong>Bunlar\u0131 \u015fimdi vurmayaca\u011f\u0131z da ne zaman vuraca\u011f\u0131z?<\/strong>&#8216; diye tepki g\u00f6sterdi\u011fini anlatt\u0131. Albay\u0131n \u00f6fkeyle kafas\u0131n\u0131 duvara vurdu\u011funu da belirten Ayta\u00e7, Heron&#8217;lar\u0131n haf\u0131zalar\u0131n\u0131n silinmedi\u011fini, son iki haftal\u0131k kay\u0131tlara bak\u0131lmas\u0131 halinde 150-200 ter\u00f6ristin g\u00f6r\u00fclece\u011fini vurgulad\u0131.<\/p>\n<p style=\"text-align: justify;\">Ayta\u00e7, karakola sald\u0131r\u0131 yapacak yakla\u015f\u0131k 200 ter\u00f6ristin s\u0131n\u0131rdan ge\u00e7i\u015finin g\u00fcnler \u00f6nce tespit edildi\u011fi y\u00f6n\u00fcnde iddiada bulundu. Ayta\u00e7, kendisine gelen \u00e7ok \u00f6nemli bir bilgide, Batman&#8217;da Heron&#8217;lardan sorumlu bir albay, ter\u00f6ristlerin g\u00f6r\u00fcnt\u00fcs\u00fcn\u00fc g\u00f6r\u00fcnce komutanlar\u0131na &#8220;<strong>Bunlar\u0131 \u015fimdi vurmayaca\u011f\u0131z da ne zaman vuraca\u011f\u0131z?<\/strong>&#8221; diyerek kafas\u0131n\u0131 duvara vurmu\u015f. \u00d6nder Ayta\u00e7, bir u\u00e7u\u015fta yakla\u015f\u0131k 400 kilometreyi tarayan Heron&#8217;lar\u0131n haf\u0131zalar\u0131n\u0131n silinmedi\u011fini belirterek, &#8220;<strong>Son iki haftal\u0131k haf\u0131zas\u0131na bakarlarsa 150-200 ter\u00f6risti g\u00f6receklerdir. Bu kay\u0131tlar, sald\u0131r\u0131lar\u0131n nas\u0131l artt\u0131\u011f\u0131n\u0131, Mehmet\u00e7i\u011fin nas\u0131l \u00f6ld\u00fc\u011f\u00fcn\u00fc ortaya koyacak.<\/strong>&#8221; dedi. Haberde, g\u00fcvenlik uzman\u0131 Emre Uslu da TSK yetkililerinin &#8216;<strong>operasyona e\u011fitimli ekiplerin g\u00f6nderildi\u011fi<\/strong>&#8216; \u015feklindeki s\u00f6zlerinin do\u011fru olmad\u0131\u011f\u0131n\u0131 ileri s\u00fcrd\u00fc. Uslu, &#8220;<strong>E\u011fitimsiz \u00e7ocuklar\u0131 a\u011fa\u00e7 gibi oraya dikiyorlar. Do\u011frudan ihmal var. Sorumlular hesap vermeli.<\/strong>&#8221; \u015feklinde konu\u015ftu.<\/p>\n<p style=\"text-align: justify;\"><span style=\"color: #888888;\">Kaynak : <a href=\"http:\/\/www9.gazetevatan.com\/saldiriyla-ilgili-sok-iddia\/312382\/1\/Gundem\" target=\"_blank\">VATAN<\/a><\/span><\/p>\n","protected":false},"excerpt":{"rendered":"<p style=\"text-align: center;\">\n<p style=\"text-align: justify;\">Heronlar sald\u0131r\u0131dan \u00f6nce 200 ter\u00f6risti tespit etti, &#8216;vural\u0131m&#8216; talebi reddedildi.<\/p>\n<p style=\"text-align: justify;\">Do\u00e7. Dr. \u00d6nder Ayta\u00e7, kendisine ula\u015fan bir bilgiyi aktar\u0131rken, Heron&#8217;lar\u0131n (insans\u0131z istihbarat u\u00e7a\u011f\u0131) sald\u0131r\u0131dan g\u00fcnler \u00f6nce s\u0131n\u0131r\u0131 ge\u00e7en yakla\u015f\u0131k 200 ter\u00f6risti tespit etti\u011fini, ancak ter\u00f6ristlere asker\u00ee m\u00fcdahale talebinin reddedildi\u011fini ileri s\u00fcrd\u00fc. <\/p>\n","protected":false},"author":1,"featured_media":0,"comment_status":"open","ping_status":"closed","sticky":false,"template":"","format":"standard","meta":{"footnotes":""},"categories":[105],"tags":[],"class_list":["post-23723","post","type-post","status-publish","format-standard","hentry","category-gundem","odd"],"_links":{"self":[{"href":"http:\/\/www.korhanyilmaz.com\/index.php?rest_route=\/wp\/v2\/posts\/23723","targetHints":{"allow":["GET"]}}],"collection":[{"href":"http:\/\/www.korhanyilmaz.com\/index.php?rest_route=\/wp\/v2\/posts"}],"about":[{"href":"http:\/\/www.korhanyilmaz.com\/index.php?rest_route=\/wp\/v2\/types\/post"}],"author":[{"embeddable":true,"href":"http:\/\/www.korhanyilmaz.com\/index.php?rest_route=\/wp\/v2\/users\/1"}],"replies":[{"embeddable":true,"href":"http:\/\/www.korhanyilmaz.com\/index.php?rest_route=%2Fwp%2Fv2%2Fcomments&post=23723"}],"version-history":[{"count":0,"href":"http:\/\/www.korhanyilmaz.com\/index.php?rest_route=\/wp\/v2\/posts\/23723\/revisions"}],"wp:attachment":[{"href":"http:\/\/www.korhanyilmaz.com\/index.php?rest_route=%2Fwp%2Fv2%2Fmedia&parent=23723"}],"wp:term":[{"taxonomy":"category","embeddable":true,"href":"http:\/\/www.korhanyilmaz.com\/index.php?rest_route=%2Fwp%2Fv2%2Fcategories&post=23723"},{"taxonomy":"post_tag","embeddable":true,"href":"http:\/\/www.korhanyilmaz.com\/index.php?rest_route=%2Fwp%2Fv2%2Ftags&post=23723"}],"curies":[{"name":"wp","href":"https:\/\/api.w.org\/{rel}","templated":true}]}}